{"id":104189,"date":"2026-01-14T10:46:07","date_gmt":"2026-01-14T10:46:07","guid":{"rendered":"https:\/\/www.europesays.com\/lv\/104189\/"},"modified":"2026-01-14T10:46:07","modified_gmt":"2026-01-14T10:46:07","slug":"valmieras-novada-pasvaldibas-policijas-autoparks-papildinats-ar-jauniem-operativajiem-transportlidzekliem","status":"publish","type":"post","link":"https:\/\/www.europesays.com\/lv\/104189\/","title":{"rendered":"Valmieras novada pa\u0161vald\u012bbas policijas autoparks papildin\u0101ts ar jauniem operat\u012bvajiem transportl\u012bdzek\u013ciem"},"content":{"rendered":"<p>Valmieras novada pa\u0161vald\u012bbas policija sa\u0146\u0113musi tr\u012bs jaunus operat\u012bvos transportl\u012bdzek\u013cus, kas apr\u012bkoti ar visu nepiecie\u0161amo efekt\u012bvai dienesta pien\u0101kumu izpildei. Transportl\u012bdzek\u013ci ir piln\u012bb\u0101 p\u0101rb\u016bv\u0113ti, un to virsb\u016bves trafar\u0113jums ar speci\u0101lo kr\u0101sojumu atbilst Latvijas valsts standartiem. \u0160is pa\u0161vald\u012bbas ieguld\u012bjums veicin\u0101s sabiedrisk\u0101s k\u0101rt\u012bbas un dro\u0161\u012bbas stiprin\u0101\u0161anu, k\u0101 ar\u012b uzlabos policijas operat\u012bv\u0101s rea\u0123\u0113\u0161anas sp\u0113jas.<\/p>\n<p>Valmieras novada pa\u0161vald\u012bbas policija izveidota 2021. gada 1. septembr\u012b p\u0113c Administrat\u012bvi teritori\u0101l\u0101s reformas. Vienlaikus likums \u201cPar policiju\u201d nosaka, ka, s\u0101kot ar 2024. gada 1. janv\u0101ri, vis\u0101m Latvijas pa\u0161vald\u012bb\u0101m oblig\u0101ti j\u0101izveido pa\u0161vald\u012bbas policija.<\/p>\n<p>Lai nodro\u0161in\u0101tu \u0161\u012b likuma pras\u012bbu izpildi un stiprin\u0101tu pa\u0161vald\u012bbu iek\u0161\u0113jo dro\u0161\u012bbu, 2025. gad\u0101 pa\u0161vald\u012bb\u0101m bija iesp\u0113ja pieteikties aizdevumam iek\u0161\u0113j\u0101s dro\u0161\u012bbas invest\u012bciju projektu \u012bsteno\u0161anai, tostarp policijas infrastrukt\u016bras izveidei un uzlabo\u0161anai. Valmieras novada pa\u0161vald\u012bba, sa\u0146emot Vied\u0101s administr\u0101cijas un re\u0123ion\u0101l\u0101s att\u012bst\u012bbas ministrijas pozit\u012bvu atzinumu, pieteic\u0101s valsts aizdevumam finans\u0113jumam operat\u012bv\u0101 autotransporta ieg\u0101dei.<\/p>\n<p>Transportl\u012bdzek\u013cu pieg\u0101d\u0101t\u0101js \u2013 SIA \u201cM\u016bsu auto Valmiera\u201d \u2013 izv\u0113l\u0113ts atkl\u0101ta iepirkuma proced\u016bras rezult\u0101t\u0101. Kop\u0113j\u0101s izmaksas transportl\u012bdzek\u013cu ieg\u0101dei \u2013 \u00a0244 662 eiro (p\u0101rb\u016bve un apr\u012bkojums atbilsto\u0161i operat\u012bv\u0101 transportl\u012bdzek\u013ca statusam).<\/p>\n<p>Jaunie operat\u012bvie transportl\u012bdzek\u013ci ir apr\u012bkoti ar r\u0101cij\u0101m, gaismas un ska\u0146as sign\u0101liem, k\u0101 ar\u012b aiztur\u0113to personu nodal\u012bjumu, kas nodro\u0161ina operat\u012bv\u0101ku izsaukumu apkalpo\u0161anu un dro\u0161\u0101ku personu p\u0101rvad\u0101\u0161anu dienesta pien\u0101kumu izpildes laik\u0101.<\/p>\n<p>\u012apa\u0161i b\u016btiski, ka automa\u0161\u012bn\u0101s uzst\u0101d\u012btas ar\u012b \u0101truma kontroles ier\u012bces. Tas ir svar\u012bgs aspekts, \u0146emot v\u0113r\u0101, ka 2023. gad\u0101 pie\u0146emti groz\u012bjumi Ce\u013cu satiksmes likum\u0101, kas paredz pa\u0161vald\u012bbas policijai ties\u012bbas kontrol\u0113t at\u013caut\u0101 brauk\u0161anas \u0101truma iev\u0113ro\u0161anu un piem\u0113rot sodus par p\u0101rk\u0101pumiem.<\/p>\n<p>\u0160is autoparka papildin\u0101jums stiprin\u0101s iek\u0161\u0113jo dro\u0161\u012bbu Valmieras novad\u0101 un uzlabos policijas rea\u0123\u0113\u0161anas sp\u0113jas, pal\u012bdzot nodro\u0161in\u0101t k\u0101rt\u012bbu un dro\u0161\u012bbu novada iedz\u012bvot\u0101jiem. Jaunie transportl\u012bdzek\u013ci jau sastopami Valmieras novada teritorij\u0101, sekm\u0113jot pa\u0161vald\u012bbas policijas uzdevumu izpildi.<\/p>\n<p>          <img decoding=\"async\" src=\"https:\/\/www.europesays.com\/lv\/wp-content\/uploads\/2026\/01\/1767645852_487_logo-lv.png\" alt=\"\"\/><\/p>\n<p>                  \u0160\u012b inform\u0101cija ir publisks pazi\u0146ojums un neatspogu\u013co LV port\u0101la viedokli. Par t\u0101s saturu atbild ies\u016bt\u012bt\u0101js. <a data-popup=\"rules\">Public\u0113\u0161anas noteikumi<\/a><\/p>\n","protected":false},"excerpt":{"rendered":"Valmieras novada pa\u0161vald\u012bbas policija sa\u0146\u0113musi tr\u012bs jaunus operat\u012bvos transportl\u012bdzek\u013cus, kas apr\u012bkoti ar visu nepiecie\u0161amo efekt\u012bvai dienesta pien\u0101kumu izpildei.&hellip;\n","protected":false},"author":2,"featured_media":104190,"comment_status":"","ping_status":"","sticky":false,"template":"","format":"standard","meta":{"footnotes":""},"categories":[5],"tags":[23,28,29,32,33,22,30,31,35,39,38,36,37,34,40,20,26,27,24,25,21],"class_list":{"0":"post-104189","1":"post","2":"type-post","3":"status-publish","4":"format-standard","5":"has-post-thumbnail","7":"category-aktualitates","8":"tag-aktualitates","9":"tag-breaking-news","10":"tag-breakingnews","11":"tag-featured-news","12":"tag-featurednews","13":"tag-headlines","14":"tag-latest-news","15":"tag-latestnews","16":"tag-latvia","17":"tag-latvian","18":"tag-latviesu","19":"tag-latviesu-valoda","20":"tag-latviesuvaloda","21":"tag-latvija","22":"tag-lv","23":"tag-news","24":"tag-popularakas-zinas","25":"tag-popularakaszinas","26":"tag-top-stories","27":"tag-topstories","28":"tag-zinas"},"share_on_mastodon":{"url":"https:\/\/pubeurope.com\/@lv\/115893055150662118","error":""},"_links":{"self":[{"href":"https:\/\/www.europesays.com\/lv\/wp-json\/wp\/v2\/posts\/104189","targetHints":{"allow":["GET"]}}],"collection":[{"href":"https:\/\/www.europesays.com\/lv\/wp-json\/wp\/v2\/posts"}],"about":[{"href":"https:\/\/www.europesays.com\/lv\/wp-json\/wp\/v2\/types\/post"}],"author":[{"embeddable":true,"href":"https:\/\/www.europesays.com\/lv\/wp-json\/wp\/v2\/users\/2"}],"replies":[{"embeddable":true,"href":"https:\/\/www.europesays.com\/lv\/wp-json\/wp\/v2\/comments?post=104189"}],"version-history":[{"count":0,"href":"https:\/\/www.europesays.com\/lv\/wp-json\/wp\/v2\/posts\/104189\/revisions"}],"wp:featuredmedia":[{"embeddable":true,"href":"https:\/\/www.europesays.com\/lv\/wp-json\/wp\/v2\/media\/104190"}],"wp:attachment":[{"href":"https:\/\/www.europesays.com\/lv\/wp-json\/wp\/v2\/media?parent=104189"}],"wp:term":[{"taxonomy":"category","embeddable":true,"href":"https:\/\/www.europesays.com\/lv\/wp-json\/wp\/v2\/categories?post=104189"},{"taxonomy":"post_tag","embeddable":true,"href":"https:\/\/www.europesays.com\/lv\/wp-json\/wp\/v2\/tags?post=104189"}],"curies":[{"name":"wp","href":"https:\/\/api.w.org\/{rel}","templated":true}]}}