{"id":104194,"date":"2026-01-14T10:50:07","date_gmt":"2026-01-14T10:50:07","guid":{"rendered":"https:\/\/www.europesays.com\/lv\/104194\/"},"modified":"2026-01-14T10:50:07","modified_gmt":"2026-01-14T10:50:07","slug":"ukrainas-ekspremjeri-timosenko-tur-aizdomas-par-kukulosanu-vina-pati-gan-apsudzibas-kategoriski-noraida","status":"publish","type":"post","link":"https:\/\/www.europesays.com\/lv\/104194\/","title":{"rendered":"Ukrainas ekspremjeri Timo\u0161enko tur aizdom\u0101s par kuku\u013co\u0161anu, vi\u0146a pati gan aps\u016bdz\u012bbas kategoriski noraida"},"content":{"rendered":"<p>    <img decoding=\"async\" src=\"https:\/\/www.europesays.com\/lv\/wp-content\/uploads\/2026\/01\/20200803_zaa_u101_004-1024x690.jpg\" alt=\"&#10;\"\/><\/p>\n<p>Foto: zumapress\/scanpix\/leta\n<\/p>\n<p>12:16, 14. janv\u0101ris 2026<\/p>\n<p>Ukrainas pretkorupcijas dienesti aizdom\u0101s par kuku\u013cu pied\u0101v\u0101\u0161anu par balsojumiem tur partijas \u201cBatkiv\u0161\u010dina\u201d (\u201cT\u0113vzeme\u201d) l\u012bderi, biju\u0161o Ukrainas premjerministri J\u016bliju Timo\u0161enko, pav\u0113st\u012bja varasiest\u0101des.<\/p>\n<p>        Las\u012bt\u0101kie<br \/>\n        <a data-imagesrc=\"{&quot;300&quot;:&quot;https:\\\/\\\/lastatic.ams3.cdn.digitaloceanspaces.com\\\/2026\\\/01\\\/FotoJet-5-300x200.jpg&quot;,&quot;1024&quot;:&quot;https:\\\/\\\/lastatic.ams3.cdn.digitaloceanspaces.com\\\/2026\\\/01\\\/FotoJet-5-1024x683.jpg&quot;,&quot;1536&quot;:&quot;https:\\\/\\\/lastatic.ams3.cdn.digitaloceanspaces.com\\\/2026\\\/01\\\/FotoJet-5-1536x1024.jpg&quot;,&quot;500&quot;:&quot;https:\\\/\\\/lastatic.ams3.cdn.digitaloceanspaces.com\\\/2026\\\/01\\\/FotoJet-5-500x333.jpg&quot;,&quot;800&quot;:&quot;https:\\\/\\\/lastatic.ams3.cdn.digitaloceanspaces.com\\\/2026\\\/01\\\/FotoJet-5-800x533.jpg&quot;,&quot;1800&quot;:&quot;https:\\\/\\\/lastatic.ams3.cdn.digitaloceanspaces.com\\\/2026\\\/01\\\/FotoJet-5.jpg&quot;}\" data-focuspoint=\"&quot;&quot;\" data-p=\"2491277\" href=\"https:\/\/www.la.lv\/vecums-nav-spriedums-5-pazimes-kas-liecina-ka-jus-novecojat-loti-veiksmigi\" class=\"content-item lazy-load\" wp_automatic_readability=\"27\" rel=\"nofollow noopener\" target=\"_blank\"><\/p>\n<p>                                <img decoding=\"async\" src=\"\" alt=\"\" style=\"\" data-imageid=\"\"\/><\/p>\n<p>\n                                                Vecums nav spriedums: 5 paz\u012bmes, kas liecina, ka j\u016bs novecojat \u013coti veiksm\u012bgi\n                            <\/p>\n<p><\/a><a data-imagesrc=\"{&quot;300&quot;:&quot;https:\\\/\\\/lastatic.ams3.cdn.digitaloceanspaces.com\\\/2026\\\/01\\\/LET_21079616-300x196.jpg&quot;,&quot;1024&quot;:&quot;https:\\\/\\\/lastatic.ams3.cdn.digitaloceanspaces.com\\\/2026\\\/01\\\/LET_21079616-1024x670.jpg&quot;,&quot;1536&quot;:&quot;https:\\\/\\\/lastatic.ams3.cdn.digitaloceanspaces.com\\\/2026\\\/01\\\/LET_21079616-1536x1005.jpg&quot;,&quot;500&quot;:&quot;https:\\\/\\\/lastatic.ams3.cdn.digitaloceanspaces.com\\\/2026\\\/01\\\/LET_21079616-500x327.jpg&quot;,&quot;800&quot;:&quot;https:\\\/\\\/lastatic.ams3.cdn.digitaloceanspaces.com\\\/2026\\\/01\\\/LET_21079616-800x523.jpg&quot;,&quot;2560&quot;:&quot;https:\\\/\\\/lastatic.ams3.cdn.digitaloceanspaces.com\\\/2026\\\/01\\\/LET_21079616-scaled.jpg&quot;}\" data-focuspoint=\"&quot;&quot;\" data-p=\"2489693\" href=\"https:\/\/www.la.lv\/nebija-nekadu-bridinajuma-zimju-kamer-gimene-meza-bauda-ziemas-priekus-mednieki-blakus-sauj\" class=\"content-item lazy-load\" wp_automatic_readability=\"27\" rel=\"nofollow noopener\" target=\"_blank\"><\/p>\n<p>                                <img decoding=\"async\" src=\"\" alt=\"\" style=\"\" data-imageid=\"\"\/><\/p>\n<p>\n                                                \u201cNebija nek\u0101du br\u012bdin\u0101juma z\u012bmju!\u201d Kam\u0113r \u0123imene me\u017e\u0101 bauda ziemas priekus, mednieki blakus \u0161auj\n                            <\/p>\n<p><\/a><a data-imagesrc=\"{&quot;300&quot;:&quot;https:\\\/\\\/lastatic.ams3.cdn.digitaloceanspaces.com\\\/2026\\\/01\\\/pexels-andrew-hewitt-24040512-7595577-300x169.jpg&quot;,&quot;1024&quot;:&quot;https:\\\/\\\/lastatic.ams3.cdn.digitaloceanspaces.com\\\/2026\\\/01\\\/pexels-andrew-hewitt-24040512-7595577-1024x576.jpg&quot;,&quot;1536&quot;:&quot;https:\\\/\\\/lastatic.ams3.cdn.digitaloceanspaces.com\\\/2026\\\/01\\\/pexels-andrew-hewitt-24040512-7595577-1536x864.jpg&quot;,&quot;500&quot;:&quot;https:\\\/\\\/lastatic.ams3.cdn.digitaloceanspaces.com\\\/2026\\\/01\\\/pexels-andrew-hewitt-24040512-7595577-500x281.jpg&quot;,&quot;800&quot;:&quot;https:\\\/\\\/lastatic.ams3.cdn.digitaloceanspaces.com\\\/2026\\\/01\\\/pexels-andrew-hewitt-24040512-7595577-800x450.jpg&quot;,&quot;2560&quot;:&quot;https:\\\/\\\/lastatic.ams3.cdn.digitaloceanspaces.com\\\/2026\\\/01\\\/pexels-andrew-hewitt-24040512-7595577-scaled.jpg&quot;}\" data-focuspoint=\"&quot;&quot;\" data-p=\"2493671\" href=\"https:\/\/www.la.lv\/sis-zodiaka-zimes-saskaras-ar-pagrieziena-punktu-dzive-tam-nekad-vairs-nebus-tada-ka-lidz-sim\" class=\"content-item lazy-load\" wp_automatic_readability=\"27\" rel=\"nofollow noopener\" target=\"_blank\"><\/p>\n<p>                                <img decoding=\"async\" src=\"\" alt=\"\" style=\"\" data-imageid=\"\"\/><\/p>\n<p>                                Kokteilis<\/p>\n<p>\n                                                \u0160\u012bs zodiaka z\u012bmes saskaras ar pagrieziena punktu: dz\u012bve t\u0101m nekad vairs neb\u016bs t\u0101da, k\u0101 l\u012bdz \u0161im\n                            <\/p>\n<p><\/a><br \/>\n        <a class=\"read-more\" href=\"https:\/\/www.la.lv\/top\" rel=\"nofollow noopener\" target=\"_blank\">Las\u012bt citas zi\u0146as<\/a><\/p>\n<p>Ukrainas mediji zi\u0146o, ka Timo\u0161enko ir izvirz\u012btas aizdomas par m\u0113\u0123in\u0101jumu uzpirkt vair\u0101kus deput\u0101tus.<\/p>\n<p>\u201cTimo\u0161enko ir izvirz\u012btas aizdomas. Kvalifik\u0101cija \u2013 da\u013ca. 369. panta 4. punkts,\u201d pazi\u0146oja Ukrainas Specializ\u0113t\u0101 pretkorupcijas prokurat\u016bra.<\/p>\n<p>    CITI \u0160OBR\u012aD LASA<\/p>\n<p>Saska\u0146\u0101 ar t\u012bmek\u013ca medija \u201cUkrainska pravda\u201d avotu teikto notikusi krat\u012b\u0161ana \u201cBatkiv\u0161\u010dina\u201d biroj\u0101 Kijiv\u0101.<\/p>\n<p>K\u0101 pauda parlamenta deput\u0101ts Oleksijs Hon\u010darenko, Timo\u0161enko par naudu var\u0113tu b\u016bt vienojusies par deput\u0101tu p\u0101reju vai neofici\u0101lu pievieno\u0161anos partijas \u201cBatkiv\u0161\u010dina\u201d frakcijai, un k\u0101ds to ierakst\u012bjis un nodevis Ukrainas Nacion\u0101lajam pretkorupcijas birojam.<\/p>\n<p>Timo\u0161enko pazi\u0146oja, ka tre\u0161dienas r\u012bt\u0101 vi\u0146as partijas biroj\u0101 tika pabeigtas \u201csteidzamas izmekl\u0113\u0161anas darb\u012bbas\u201d, kas ilga visu nakti.<\/p>\n<p>\u201cVi\u0146i neko neatrada, t\u0101p\u0113c vienk\u0101r\u0161i pa\u0146\u0113ma manus darba telefonus, parlamenta dokumentus un person\u012bgos uzkr\u0101jumus, inform\u0101cija par kuriem piln\u012bb\u0101 atspogu\u013cota ofici\u0101laj\u0101 deklar\u0101cij\u0101. Es kategoriski noraidu visas absurd\u0101s aps\u016bdz\u012bbas,\u201d platform\u0101 \u201cFacebook\u201d pauda Timo\u0161enko.<\/p>\n<p>Mediji zi\u0146o, ka likumsargi veiku\u0161i krat\u012b\u0161anu ar\u012b frakcijas \u201cSluha narodu\u201d (\u201cTautas kalps\u201d) D\u0101vida Arahamijas telp\u0101s.<\/p>\n<p>T\u0113mas<\/p>\n<p>    SAIST\u012aTIE RAKSTI<\/p>\n","protected":false},"excerpt":{"rendered":"Foto: zumapress\/scanpix\/leta 12:16, 14. janv\u0101ris 2026 Ukrainas pretkorupcijas dienesti aizdom\u0101s par kuku\u013cu pied\u0101v\u0101\u0161anu par balsojumiem tur partijas \u201cBatkiv\u0161\u010dina\u201d&hellip;\n","protected":false},"author":2,"featured_media":104195,"comment_status":"","ping_status":"","sticky":false,"template":"","format":"standard","meta":{"footnotes":""},"categories":[14],"tags":[23,57,28,29,32,33,22,30,31,35,39,38,36,37,34,40,20,26,27,24,25,54,55,56,21,58],"class_list":{"0":"post-104194","1":"post","2":"type-post","3":"status-publish","4":"format-standard","5":"has-post-thumbnail","7":"category-zinas-no-arvalstim","8":"tag-aktualitates","9":"tag-arvalstim","10":"tag-breaking-news","11":"tag-breakingnews","12":"tag-featured-news","13":"tag-featurednews","14":"tag-headlines","15":"tag-latest-news","16":"tag-latestnews","17":"tag-latvia","18":"tag-latvian","19":"tag-latviesu","20":"tag-latviesu-valoda","21":"tag-latviesuvaloda","22":"tag-latvija","23":"tag-lv","24":"tag-news","25":"tag-popularakas-zinas","26":"tag-popularakaszinas","27":"tag-top-stories","28":"tag-topstories","29":"tag-world","30":"tag-world-news","31":"tag-worldnews","32":"tag-zinas","33":"tag-zinas-no-arvalstim"},"share_on_mastodon":{"url":"https:\/\/pubeurope.com\/@lv\/115893070867003634","error":""},"_links":{"self":[{"href":"https:\/\/www.europesays.com\/lv\/wp-json\/wp\/v2\/posts\/104194","targetHints":{"allow":["GET"]}}],"collection":[{"href":"https:\/\/www.europesays.com\/lv\/wp-json\/wp\/v2\/posts"}],"about":[{"href":"https:\/\/www.europesays.com\/lv\/wp-json\/wp\/v2\/types\/post"}],"author":[{"embeddable":true,"href":"https:\/\/www.europesays.com\/lv\/wp-json\/wp\/v2\/users\/2"}],"replies":[{"embeddable":true,"href":"https:\/\/www.europesays.com\/lv\/wp-json\/wp\/v2\/comments?post=104194"}],"version-history":[{"count":0,"href":"https:\/\/www.europesays.com\/lv\/wp-json\/wp\/v2\/posts\/104194\/revisions"}],"wp:featuredmedia":[{"embeddable":true,"href":"https:\/\/www.europesays.com\/lv\/wp-json\/wp\/v2\/media\/104195"}],"wp:attachment":[{"href":"https:\/\/www.europesays.com\/lv\/wp-json\/wp\/v2\/media?parent=104194"}],"wp:term":[{"taxonomy":"category","embeddable":true,"href":"https:\/\/www.europesays.com\/lv\/wp-json\/wp\/v2\/categories?post=104194"},{"taxonomy":"post_tag","embeddable":true,"href":"https:\/\/www.europesays.com\/lv\/wp-json\/wp\/v2\/tags?post=104194"}],"curies":[{"name":"wp","href":"https:\/\/api.w.org\/{rel}","templated":true}]}}