{"id":104200,"date":"2026-01-14T10:56:11","date_gmt":"2026-01-14T10:56:11","guid":{"rendered":"https:\/\/www.europesays.com\/lv\/104200\/"},"modified":"2026-01-14T10:56:11","modified_gmt":"2026-01-14T10:56:11","slug":"asv-prezidents-tramps-ievies-25-muitas-tarifu-valstim-kas-tirgojas-ar-iranu-lente-lv","status":"publish","type":"post","link":"https:\/\/www.europesays.com\/lv\/104200\/","title":{"rendered":"ASV prezidents Tramps ievie\u0161 25% muitas tarifu valst\u012bm, kas tirgojas ar Ir\u0101nu\u00a0\u2014\u00a0Lente.lv"},"content":{"rendered":"<p>Trampa jauns solis tirdzniec\u012bbas politik\u0101<\/p>\n<p>ASV prezidents Donalds Tramps ir pazi\u0146ojis par jaunu tirdzniec\u012bbas politikas soli, nosakot 25% muitas tarifu jebkurai valstij, kas veic tirdzniec\u012bbu ar Ir\u0101nu. \u0160is l\u0113mums, kas st\u0101jas sp\u0113k\u0101 nekav\u0113joties un ir gal\u012bgs, ir pazi\u0146ots caur Trampa soci\u0101lo mediju platformu &#8220;Truth Social&#8221;. Tiek nor\u0101d\u012bts, ka \u0161\u0101ds solis tiek sperts laik\u0101, kad ASV prezidents apsver iesp\u0113jamo milit\u0101ro r\u012bc\u012bbu pret Ir\u0101nu saist\u012bb\u0101 ar t\u0101s varas iest\u0101\u017eu represij\u0101m pret protestiem.<\/p>\n<p>Galvenie Ir\u0101nas tirdzniec\u012bbas partneri un tarifi<\/p>\n<p>Saska\u0146\u0101 ar ekonomikas datub\u0101zes &#8220;Trading Economics&#8221; datiem, Ir\u0101nas galvenie tirdzniec\u012bbas partneri ir \u0136\u012bna, Turcija, Apvienotie Ar\u0101bu Emir\u0101ti un Ir\u0101ka. Jaunais 25% muitas tarifs attieksies uz tirdzniec\u012bbu ar Amerikas Savienotaj\u0101m Valst\u012bm, radot potenci\u0101lu iespaidu uz ASV tirdzniec\u012bbu ar \u0161\u012bm un cit\u0101m valst\u012bm, tostarp Eiropas Savien\u012bbu.<\/p>\n<p>Latvijas nost\u0101ja un tirdzniec\u012bba ar Ir\u0101nu<\/p>\n<p>Latvijas \u0101rlietu ministrija ir paudusi atbalstu Eiropas Savien\u012bbas kop\u0113jai nost\u0101jai attiec\u012bbas pret Ir\u0101nu. Lai gan Latvijas un Ir\u0101nas diplom\u0101tisk\u0101s attiec\u012bbas past\u0101v kop\u0161 1929. gada (atjaunotas 1991. gad\u0101), abu valstu tirdzniec\u012bbas apjoms ir bijis un joproj\u0101m ir \u013coti ierobe\u017eots. Patlaban Latvijas sadarb\u012bba ar Ir\u0101nu ir minim\u0101la, un p\u0113d\u0113jos gados t\u0101 v\u0113l vair\u0101k sarukusi. Piem\u0113ram, 2017. gad\u0101 Latvijas eksports uz Ir\u0101nu bija vien tr\u012bs miljonu eiro apm\u0113r\u0101, bet 2018. gada pirmajos piecos m\u0113ne\u0161os tas knapi p\u0101rsniedza pusmiljonu eiro.<\/p>\n<p>ES pret ASV sankciju politiku<\/p>\n<p>Eiropas Savien\u012bbas valstis ir radu\u0161as veidu, k\u0101 apiet ASV noteikt\u0101s sankcijas pret Ir\u0101nu, izveidojot jaunu a\u0123ent\u016bru dar\u012bjumiem starp Eiropas un Ir\u0101nas uz\u0146\u0113mumiem. \u0160\u012b sist\u0113ma \u013caus Ir\u0101nai turpin\u0101t pieg\u0101d\u0101t Eiropai naftu un citas preces, bet nauda par sa\u0146emtaj\u0101m prec\u0113m tiks s\u016bt\u012bta caur jauno a\u0123ent\u016bru, nevis tie\u0161i Ir\u0101nas bank\u0101m, uz kur\u0101m attiecas ASV sankcijas. ASV ir piem\u0113roju\u0161as vair\u0101kus sankciju re\u017e\u012bmus pret Ir\u0101nu, tostarp saist\u012bb\u0101 ar t\u0101s kodolprogrammu un cilv\u0113kties\u012bb\u0101m, kas aptver da\u017e\u0101das jomas, piem\u0113ram, iero\u010du embargo un eksporta\/importa ierobe\u017eojumus.<\/p>\n<p>Pla\u0161\u0101ks politiskais konteksts un iesp\u0113jam\u0101s sekas<\/p>\n<p>\u0160is jaunais tarifs tiek ieviests laik\u0101, kad Ir\u0101n\u0101 pieaug spriedze un notiek pla\u0161i protesti pret strauji augo\u0161o dz\u012bves d\u0101rdz\u012bbu un infl\u0101ciju, kas p\u0101raugu\u0161i politiskos protestos, pieprasot re\u017e\u012bma mai\u0146u. ASV prezidents ir br\u012bdin\u0101jis Ir\u0101nu, ka gad\u012bjum\u0101, ja tiks pielietots sp\u0113ks pret mierm\u012bl\u012bgiem protest\u0113t\u0101jiem, ASV iejauksies un n\u0101ks protest\u0113t\u0101jiem pal\u012bg\u0101. \u0160\u0101di pazi\u0146ojumi ir rad\u012bju\u0161i ba\u017eas Ir\u0101nas valdo\u0161aj\u0101s aprind\u0101s par iesp\u0113jamu ASV milit\u0101ru iejauk\u0161anos.<\/p>\n","protected":false},"excerpt":{"rendered":"Trampa jauns solis tirdzniec\u012bbas politik\u0101 ASV prezidents Donalds Tramps ir pazi\u0146ojis par jaunu tirdzniec\u012bbas politikas soli, nosakot 25%&hellip;\n","protected":false},"author":2,"featured_media":104201,"comment_status":"","ping_status":"","sticky":false,"template":"","format":"standard","meta":{"footnotes":""},"categories":[14],"tags":[23,57,6243,28,29,542,32,33,22,30,31,35,39,38,36,37,34,25088,40,20,26,27,25087,25086,24,25,54,55,56,21,58],"class_list":{"0":"post-104200","1":"post","2":"type-post","3":"status-publish","4":"format-standard","5":"has-post-thumbnail","7":"category-zinas-no-arvalstim","8":"tag-aktualitates","9":"tag-arvalstim","10":"tag-asv-muitas-tarifi","11":"tag-breaking-news","12":"tag-breakingnews","13":"tag-donalds-tramps","14":"tag-featured-news","15":"tag-featurednews","16":"tag-headlines","17":"tag-latest-news","18":"tag-latestnews","19":"tag-latvia","20":"tag-latvian","21":"tag-latviesu","22":"tag-latviesu-valoda","23":"tag-latviesuvaloda","24":"tag-latvija","25":"tag-latvijas-areja-tirdznieciba","26":"tag-lv","27":"tag-news","28":"tag-popularakas-zinas","29":"tag-popularakaszinas","30":"tag-sankcijas-pret-iranu","31":"tag-tirdznieciba-ar-iranu","32":"tag-top-stories","33":"tag-topstories","34":"tag-world","35":"tag-world-news","36":"tag-worldnews","37":"tag-zinas","38":"tag-zinas-no-arvalstim"},"share_on_mastodon":{"url":"","error":"Validation failed: Text character limit of 500 exceeded"},"_links":{"self":[{"href":"https:\/\/www.europesays.com\/lv\/wp-json\/wp\/v2\/posts\/104200","targetHints":{"allow":["GET"]}}],"collection":[{"href":"https:\/\/www.europesays.com\/lv\/wp-json\/wp\/v2\/posts"}],"about":[{"href":"https:\/\/www.europesays.com\/lv\/wp-json\/wp\/v2\/types\/post"}],"author":[{"embeddable":true,"href":"https:\/\/www.europesays.com\/lv\/wp-json\/wp\/v2\/users\/2"}],"replies":[{"embeddable":true,"href":"https:\/\/www.europesays.com\/lv\/wp-json\/wp\/v2\/comments?post=104200"}],"version-history":[{"count":0,"href":"https:\/\/www.europesays.com\/lv\/wp-json\/wp\/v2\/posts\/104200\/revisions"}],"wp:featuredmedia":[{"embeddable":true,"href":"https:\/\/www.europesays.com\/lv\/wp-json\/wp\/v2\/media\/104201"}],"wp:attachment":[{"href":"https:\/\/www.europesays.com\/lv\/wp-json\/wp\/v2\/media?parent=104200"}],"wp:term":[{"taxonomy":"category","embeddable":true,"href":"https:\/\/www.europesays.com\/lv\/wp-json\/wp\/v2\/categories?post=104200"},{"taxonomy":"post_tag","embeddable":true,"href":"https:\/\/www.europesays.com\/lv\/wp-json\/wp\/v2\/tags?post=104200"}],"curies":[{"name":"wp","href":"https:\/\/api.w.org\/{rel}","templated":true}]}}