{"id":104202,"date":"2026-01-14T10:58:07","date_gmt":"2026-01-14T10:58:07","guid":{"rendered":"https:\/\/www.europesays.com\/lv\/104202\/"},"modified":"2026-01-14T10:58:07","modified_gmt":"2026-01-14T10:58:07","slug":"zveru-vardotaja-tilts-pari-ellei-un-pedeja-glazite-venecija-klat-otrais-musdienu-filmu-festivals-lacis-lauva-un-zars","status":"publish","type":"post","link":"https:\/\/www.europesays.com\/lv\/104202\/","title":{"rendered":"Zv\u0113ru v\u0101rdot\u0101ja, tilts p\u0101ri ellei un &#8220;p\u0113d\u0113j\u0101 gl\u0101z\u012bte&#8221; Ven\u0113cij\u0101 \u2013 kl\u0101t otrais M\u016bsdienu filmu festiv\u0101ls &#8220;L\u0101cis, lauva un zars&#8221;"},"content":{"rendered":"<p>\u00a0<\/p>\n<p class=\"x_gmail-Normal\">Nov\u0113rt\u0113jis studentes Jurladi talantu, vi\u0146\u0161 dara visu, lai to pul\u0113tu, bet attopas apzin\u0101jies, ka ne vienm\u0113r talanta esam\u012bba noz\u012bm\u0113, ka tas ar\u012b j\u0101izkopj.<\/p>\n<p class=\"x_gmail-Normal\">\u0160aj\u0101 apak\u0161programm\u0101 iek\u013cauta ar\u012b marok\u0101nietes Marjamas Tuz\u0101ni filma \u201cMalagas iela\u201d, kur\u0101 galveno lomu nosp\u0113l\u0113jusi Pedro Almodovara neaizmirstam\u0101 m\u016bza Karmena Maura, un ne\u0113rt\u0101 ung\u0101ru re\u017eisora \u0122er\u0123a P\u0101lfi alegorija \u201cVista\u201d, kuras titulvarone, izmukusi no d\u0113j\u0113jputna likte\u0146a k\u0101d\u0101 fabrik\u0101, dz\u012bvo saska\u0146\u0101 ar grie\u0137u tra\u0123\u0113dijas principiem, ko pastiprina ar\u012b izv\u0113l\u0113t\u0101 valoda.<\/p>\n<p>\u00a0<\/p>\n<p class=\"x_gmail-Normal\">M\u016bsdienu filmu festiv\u0101ls \u201cL\u0101cis, lauva un zars\u201d dibin\u0101ts pirms pieciem gadiem Lietuv\u0101, kur t\u0101 programmu izr\u0101da 12 pils\u0113t\u0101s, un p\u0113rn tas pirmoreiz notika Latvij\u0101. Par atkl\u0101\u0161anas filmu bija izv\u0113l\u0113ta Paolo Sorrent\u012bno \u201cPartenope\u201d, un festiv\u0101la programm\u0101 izr\u0101d\u012bja \u201cOskariem\u201d nomin\u0113to \u017daka Odi\u0101ra m\u016bziklu \u201cEmilija Peresa\u201d, Fransu\u0101 Ozona \u201cKad pien\u0101k rudens\u201d, D\u017eo\u0161uas Openheimera \u201cGalu\u201d, Lolas Ariasas dokument\u0101lo filmu \u201cBuenosairesas meitenes\u201d, Viktora Kosakovska \u201cArhitektonu\u201d un citas filmas.<\/p>\n<p class=\"x_gmail-Normal\">Kinofestiv\u0101la \u201cL\u0101cis, lauva un zars\u201d filmas izr\u0101d\u012bs kinote\u0101tros \u201cSplendid Palace\u201d, \u201cForum Cinemas\u201d, \u201cKino Bize\u201d un \u201cCinamon Akropole Alfa\u201d R\u012bg\u0101, k\u0101 ar\u012b C\u0113s\u012bs un Liep\u0101j\u0101.<\/p>\n","protected":false},"excerpt":{"rendered":"\u00a0 Nov\u0113rt\u0113jis studentes Jurladi talantu, vi\u0146\u0161 dara visu, lai to pul\u0113tu, bet attopas apzin\u0101jies, ka ne vienm\u0113r talanta&hellip;\n","protected":false},"author":2,"featured_media":104203,"comment_status":"","ping_status":"","sticky":false,"template":"","format":"standard","meta":{"footnotes":""},"categories":[5],"tags":[23,28,29,32,33,22,4492,1227,30,31,35,39,38,36,37,34,22698,40,20,26,27,1787,24,25,21],"class_list":{"0":"post-104202","1":"post","2":"type-post","3":"status-publish","4":"format-standard","5":"has-post-thumbnail","7":"category-aktualitates","8":"tag-aktualitates","9":"tag-breaking-news","10":"tag-breakingnews","11":"tag-featured-news","12":"tag-featurednews","13":"tag-headlines","14":"tag-kinofestivals","15":"tag-lacis","16":"tag-latest-news","17":"tag-latestnews","18":"tag-latvia","19":"tag-latvian","20":"tag-latviesu","21":"tag-latviesu-valoda","22":"tag-latviesuvaloda","23":"tag-latvija","24":"tag-lauva-un-zars","25":"tag-lv","26":"tag-news","27":"tag-popularakas-zinas","28":"tag-popularakaszinas","29":"tag-splendid-palace","30":"tag-top-stories","31":"tag-topstories","32":"tag-zinas"},"share_on_mastodon":{"url":"https:\/\/pubeurope.com\/@lv\/115893102744956940","error":""},"_links":{"self":[{"href":"https:\/\/www.europesays.com\/lv\/wp-json\/wp\/v2\/posts\/104202","targetHints":{"allow":["GET"]}}],"collection":[{"href":"https:\/\/www.europesays.com\/lv\/wp-json\/wp\/v2\/posts"}],"about":[{"href":"https:\/\/www.europesays.com\/lv\/wp-json\/wp\/v2\/types\/post"}],"author":[{"embeddable":true,"href":"https:\/\/www.europesays.com\/lv\/wp-json\/wp\/v2\/users\/2"}],"replies":[{"embeddable":true,"href":"https:\/\/www.europesays.com\/lv\/wp-json\/wp\/v2\/comments?post=104202"}],"version-history":[{"count":0,"href":"https:\/\/www.europesays.com\/lv\/wp-json\/wp\/v2\/posts\/104202\/revisions"}],"wp:featuredmedia":[{"embeddable":true,"href":"https:\/\/www.europesays.com\/lv\/wp-json\/wp\/v2\/media\/104203"}],"wp:attachment":[{"href":"https:\/\/www.europesays.com\/lv\/wp-json\/wp\/v2\/media?parent=104202"}],"wp:term":[{"taxonomy":"category","embeddable":true,"href":"https:\/\/www.europesays.com\/lv\/wp-json\/wp\/v2\/categories?post=104202"},{"taxonomy":"post_tag","embeddable":true,"href":"https:\/\/www.europesays.com\/lv\/wp-json\/wp\/v2\/tags?post=104202"}],"curies":[{"name":"wp","href":"https:\/\/api.w.org\/{rel}","templated":true}]}}