{"id":104210,"date":"2026-01-14T11:08:23","date_gmt":"2026-01-14T11:08:23","guid":{"rendered":"https:\/\/www.europesays.com\/lv\/104210\/"},"modified":"2026-01-14T11:08:23","modified_gmt":"2026-01-14T11:08:23","slug":"lielbritanija-izstradas-ukrainas-vajadzibam-jaunas-taktiskas-ballistiskas-raketes","status":"publish","type":"post","link":"https:\/\/www.europesays.com\/lv\/104210\/","title":{"rendered":"Lielbrit\u0101nija izstr\u0101d\u0101s Ukrainas vajadz\u012bb\u0101m jaunas taktisk\u0101s ballistisk\u0101s ra\u0137etes"},"content":{"rendered":"<p>Lielbrit\u0101nija izstr\u0101d\u0101s Ukrainas vajadz\u012bb\u0101m jaunas taktisk\u0101s ballistisk\u0101s ra\u0137etes, kas sp\u0113s tr\u0101p\u012bt m\u0113r\u0137iem vair\u0101k nek\u0101 500 kilometru att\u0101lum\u0101 un nest 200 kilogramus smagu kaujas galvi\u0146u, sv\u0113tdien pazi\u0146oja Lielbrit\u0101nijas Aizsardz\u012bbas ministrija.<\/p>\n<p>Londona nor\u0101d\u012bja, ka projekta &#8220;Project Nightfall&#8221; m\u0113r\u0137is ir nodot ukrai\u0146iem visprogres\u012bv\u0101kos iero\u010dus, lai atbalst\u012btu vi\u0146us kar\u0101 ar Krieviju.<\/p>\n<p>Projekta ietvaros Lielbrit\u0101nija ir izsludin\u0101jusi konkursu, lai \u0101tr\u0101 temp\u0101 izstr\u0101d\u0101tu no zemes palai\u017eamas ballistisk\u0101s ra\u0137etes, kuru darb\u012bbas r\u0101diuss p\u0101rsniedz 500 kilometrus un kas paredz\u0113tas darbam augstas b\u012bstam\u012bbas kaujas laukos ar sp\u0113c\u012bgiem elektromagn\u0113tiskajiem trauc\u0113jumiem, pazi\u0146oja Lielbrit\u0101nijas Aizsardz\u012bbas ministrija.<\/p>\n<p>Pl\u0101nots, ka viena \u0161\u0101da ra\u0137ete neizmaks\u0101s vair\u0101k nek\u0101 800 000 sterli\u0146u m\u0101rci\u0146u (920 800 eiro). Lielbrit\u0101nija iecer\u0113jusi ra\u017eot l\u012bdz desmit ra\u0137e\u0161u sist\u0113m\u0101m m\u0113nes\u012b, atkl\u0101ja ministrija.<\/p>\n<p>Ministrija pav\u0113st\u012bja, ka projekts tiks pie\u0161\u0137irts trim nozares komand\u0101m, no kur\u0101m katra sa\u0146ems l\u012bgumu par devi\u0146iem miljoniem sterli\u0146u m\u0101rci\u0146u, lai 12 m\u0113ne\u0161u laik\u0101 izstr\u0101d\u0101tu, att\u012bst\u012btu un pieg\u0101d\u0101tu pirm\u0101s tr\u012bs ra\u0137etes izm\u0113\u0123in\u0101jumu veik\u0161anai.<\/p>\n<p>Ra\u0137etes b\u016bs iesp\u0113jams iz\u0161aut no da\u017e\u0101diem transportl\u012bdzek\u013ciem un b\u016bs iesp\u0113jams iz\u0161aut vair\u0101ku l\u0101di\u0146us ar nelielu laika atstarpi, k\u0101 ar\u012b ra\u0137e\u0161u sist\u0113mu b\u016bs iesp\u0113jams atvilkt p\u0101ris min\u016bt\u0113s. Tas, k\u0101 uzskata Londona, \u013caus Ukrainas sp\u0113kiem uzbrukt milit\u0101rajiem m\u0113r\u0137iem, pirms Krievija sp\u0113s rea\u0123\u0113t.<\/p>\n<p>\n                            Valodas k\u013c\u016bda rakst\u0101?<br \/>Iez\u012bm\u0113jiet tekstu un spiediet Zi\u0146ot par k\u013c\u016bdu pogas   , lai nos\u016bt\u012btu labojamo teksta fragmentu redaktoram!<\/p>\n<p>                                Zi\u0146ot par k\u013c\u016bdu<\/p>\n","protected":false},"excerpt":{"rendered":"Lielbrit\u0101nija izstr\u0101d\u0101s Ukrainas vajadz\u012bb\u0101m jaunas taktisk\u0101s ballistisk\u0101s ra\u0137etes, kas sp\u0113s tr\u0101p\u012bt m\u0113r\u0137iem vair\u0101k nek\u0101 500 kilometru att\u0101lum\u0101 un&hellip;\n","protected":false},"author":2,"featured_media":104211,"comment_status":"","ping_status":"","sticky":false,"template":"","format":"standard","meta":{"footnotes":""},"categories":[14],"tags":[23,57,28,29,32,33,22,30,31,35,39,38,36,37,34,40,20,26,27,24,25,54,55,56,21,58],"class_list":{"0":"post-104210","1":"post","2":"type-post","3":"status-publish","4":"format-standard","5":"has-post-thumbnail","7":"category-zinas-no-arvalstim","8":"tag-aktualitates","9":"tag-arvalstim","10":"tag-breaking-news","11":"tag-breakingnews","12":"tag-featured-news","13":"tag-featurednews","14":"tag-headlines","15":"tag-latest-news","16":"tag-latestnews","17":"tag-latvia","18":"tag-latvian","19":"tag-latviesu","20":"tag-latviesu-valoda","21":"tag-latviesuvaloda","22":"tag-latvija","23":"tag-lv","24":"tag-news","25":"tag-popularakas-zinas","26":"tag-popularakaszinas","27":"tag-top-stories","28":"tag-topstories","29":"tag-world","30":"tag-world-news","31":"tag-worldnews","32":"tag-zinas","33":"tag-zinas-no-arvalstim"},"share_on_mastodon":{"url":"https:\/\/pubeurope.com\/@lv\/115893141667035321","error":""},"_links":{"self":[{"href":"https:\/\/www.europesays.com\/lv\/wp-json\/wp\/v2\/posts\/104210","targetHints":{"allow":["GET"]}}],"collection":[{"href":"https:\/\/www.europesays.com\/lv\/wp-json\/wp\/v2\/posts"}],"about":[{"href":"https:\/\/www.europesays.com\/lv\/wp-json\/wp\/v2\/types\/post"}],"author":[{"embeddable":true,"href":"https:\/\/www.europesays.com\/lv\/wp-json\/wp\/v2\/users\/2"}],"replies":[{"embeddable":true,"href":"https:\/\/www.europesays.com\/lv\/wp-json\/wp\/v2\/comments?post=104210"}],"version-history":[{"count":0,"href":"https:\/\/www.europesays.com\/lv\/wp-json\/wp\/v2\/posts\/104210\/revisions"}],"wp:featuredmedia":[{"embeddable":true,"href":"https:\/\/www.europesays.com\/lv\/wp-json\/wp\/v2\/media\/104211"}],"wp:attachment":[{"href":"https:\/\/www.europesays.com\/lv\/wp-json\/wp\/v2\/media?parent=104210"}],"wp:term":[{"taxonomy":"category","embeddable":true,"href":"https:\/\/www.europesays.com\/lv\/wp-json\/wp\/v2\/categories?post=104210"},{"taxonomy":"post_tag","embeddable":true,"href":"https:\/\/www.europesays.com\/lv\/wp-json\/wp\/v2\/tags?post=104210"}],"curies":[{"name":"wp","href":"https:\/\/api.w.org\/{rel}","templated":true}]}}