{"id":104212,"date":"2026-01-14T11:10:07","date_gmt":"2026-01-14T11:10:07","guid":{"rendered":"https:\/\/www.europesays.com\/lv\/104212\/"},"modified":"2026-01-14T11:10:07","modified_gmt":"2026-01-14T11:10:07","slug":"ogres-centrala-biblioteka-iesaistas-starptautiska-sadarbibas-projekta-par-agrinas-lasitprasmes-veicinasanu","status":"publish","type":"post","link":"https:\/\/www.europesays.com\/lv\/104212\/","title":{"rendered":"Ogres Centr\u0101l\u0101 bibliot\u0113ka iesaist\u0101s starptautisk\u0101 sadarb\u012bbas projekt\u0101 par agr\u012bn\u0101s las\u012btprasmes veicin\u0101\u0161anu"},"content":{"rendered":"<p>No 5. l\u012bdz 9.\u00a0janv\u0101rim Ogres Centr\u0101l\u0101s bibliot\u0113kas p\u0101rst\u0101vji piedal\u012bj\u0101s Nordplus programmas Junior apak\u0161programmas\u00a0 projekta \u201cB\u0113rnud\u0101rza un bibliot\u0113kas sadarb\u012bba las\u012btprasmes att\u012bst\u012b\u0161an\u0101\u201d (Kindergarten-Library Cooperation in Developing Literacy Skills) san\u0101ksm\u0113 Lietuv\u0101, kur pulc\u0113j\u0101s publisko bibliot\u0113ku un pirmsskolas izgl\u012bt\u012bbas iest\u0101\u017eu p\u0101rst\u0101vjus no Latvijas, Lietuvas, Igaunijas, Zviedrijas un Grenlandes.<\/p>\n<p>Projekta partneru tik\u0161an\u0101s bija noz\u012bm\u012bgs soli starptautisk\u0101s sadarb\u012bbas stiprin\u0101\u0161an\u0101 un pieteikuma izstr\u0101d\u0113 eso\u0161ajam projektam par publisko bibliot\u0113ku un pirmsskolas izgl\u012bt\u012bbas iest\u0101\u017eu sadarb\u012bbu agr\u012bn\u0101s las\u012btprasmes att\u012bst\u012b\u0161anai. San\u0101ksme norisin\u0101j\u0101s Lietuv\u0101, \u0160au\u013cu pirmsskolas izgl\u012bt\u012bbas iest\u0101d\u0113 &#8220;Sald\u016bv\u0117&#8221;.<\/p>\n<p>Viz\u012btes laik\u0101 partneri dal\u012bj\u0101s pieredz\u0113, p\u0101rrun\u0101ja aktu\u0101lo situ\u0101ciju b\u0113rnu agr\u012bn\u0101s las\u012b\u0161anas, valodas, st\u0101st\u012b\u0161anas un rakst\u012b\u0161anas prasmju veicin\u0101\u0161an\u0101, diskut\u0113ja par izaicin\u0101jumiem un vajadz\u012bb\u0101m m\u016bsdienu izgl\u012bt\u012bbas kontekst\u0101. Liela uzman\u012bba tika piev\u0113rsta sadarb\u012bbas iesp\u0113j\u0101m publiskaj\u0101m bibliot\u0113k\u0101m un pirmsskolas izgl\u012bt\u012bbas iest\u0101d\u0113m, \u0123ime\u0146u iesaistei, iek\u013caujo\u0161as izgl\u012bt\u012bbas principiem un atbalstam b\u0113rniem ar \u012bpa\u0161\u0101m izgl\u012bt\u012bbas vajadz\u012bb\u0101m.<\/p>\n<p>Tik\u0161an\u0101s laik\u0101 notika praktiskas darbn\u012bcas, diskusijas, tika apmekl\u0113ta \u0160au\u013cu novada Povilas Vi\u0161inska publisk\u0101 bibliot\u0113ka, kur sadarb\u012bbas partneri apskat\u012bja bibliot\u0113kas telpas, k\u0101 ar\u012b uzzin\u0101ja par pied\u0101v\u0101taj\u0101m izgl\u012btojo\u0161aj\u0101m aktivit\u0101t\u0113m b\u0113rniem.<\/p>\n<p>Viens no b\u016btisk\u0101kajiem partneru tik\u0161an\u0101s m\u0113r\u0137iem bija pl\u0101not un str\u0101d\u0101t pie projekta n\u0101kam\u0101 perioda m\u0113r\u0137iem, uzdevumiem, aktivit\u0101t\u0113m, k\u0101 ar\u012b starptautiskaj\u0101m iniciat\u012bv\u0101m un partneru atbild\u012bb\u0101m. Tika sagatavots Nordplus programmas projekta pieteikums, kas paredzams, \u013caus turpin\u0101t j\u0113gpilnu sadarb\u012bbu un \u012bstenot agr\u012bn\u0101s las\u012btprasmes veicin\u0101\u0161anas aktivit\u0101tes n\u0101kamos divus gadus. Paredzams, ka izstr\u0101d\u0101tais projekts pav\u0113rs jaunas iesp\u0113jas bag\u0101tin\u0101t b\u0113rnu izgl\u012bt\u012bbas procesu, stiprin\u0101t agr\u012bno las\u012btprasmi, rosin\u0101t m\u012blest\u012bbu pret gr\u0101matu no agras b\u0113rn\u012bbas un veidot ilgtsp\u0113j\u012bgas sadarb\u012bbas saites starp izgl\u012bt\u012bbas un kult\u016bras iest\u0101d\u0113m un vec\u0101kiem.<\/p>\n<p>San\u0101ksme tika \u012bstenota Nordplus programmas Junior apak\u0161programmas sagatavo\u0161an\u0101s viz\u012btes ietvaros (projekts Nr.\u00a0NPJR-2025- Autumn\/10053, Kindergarten-Library Cooperation in Developing Literacy Skills).<\/p>\n","protected":false},"excerpt":{"rendered":"No 5. l\u012bdz 9.\u00a0janv\u0101rim Ogres Centr\u0101l\u0101s bibliot\u0113kas p\u0101rst\u0101vji piedal\u012bj\u0101s Nordplus programmas Junior apak\u0161programmas\u00a0 projekta \u201cB\u0113rnud\u0101rza un bibliot\u0113kas sadarb\u012bba&hellip;\n","protected":false},"author":2,"featured_media":104213,"comment_status":"","ping_status":"","sticky":false,"template":"","format":"standard","meta":{"footnotes":""},"categories":[5],"tags":[23,28,29,32,33,22,30,31,35,39,38,36,37,34,40,20,26,27,24,25,21],"class_list":{"0":"post-104212","1":"post","2":"type-post","3":"status-publish","4":"format-standard","5":"has-post-thumbnail","7":"category-aktualitates","8":"tag-aktualitates","9":"tag-breaking-news","10":"tag-breakingnews","11":"tag-featured-news","12":"tag-featurednews","13":"tag-headlines","14":"tag-latest-news","15":"tag-latestnews","16":"tag-latvia","17":"tag-latvian","18":"tag-latviesu","19":"tag-latviesu-valoda","20":"tag-latviesuvaloda","21":"tag-latvija","22":"tag-lv","23":"tag-news","24":"tag-popularakas-zinas","25":"tag-popularakaszinas","26":"tag-top-stories","27":"tag-topstories","28":"tag-zinas"},"share_on_mastodon":{"url":"https:\/\/pubeurope.com\/@lv\/115893149679004253","error":""},"_links":{"self":[{"href":"https:\/\/www.europesays.com\/lv\/wp-json\/wp\/v2\/posts\/104212","targetHints":{"allow":["GET"]}}],"collection":[{"href":"https:\/\/www.europesays.com\/lv\/wp-json\/wp\/v2\/posts"}],"about":[{"href":"https:\/\/www.europesays.com\/lv\/wp-json\/wp\/v2\/types\/post"}],"author":[{"embeddable":true,"href":"https:\/\/www.europesays.com\/lv\/wp-json\/wp\/v2\/users\/2"}],"replies":[{"embeddable":true,"href":"https:\/\/www.europesays.com\/lv\/wp-json\/wp\/v2\/comments?post=104212"}],"version-history":[{"count":0,"href":"https:\/\/www.europesays.com\/lv\/wp-json\/wp\/v2\/posts\/104212\/revisions"}],"wp:featuredmedia":[{"embeddable":true,"href":"https:\/\/www.europesays.com\/lv\/wp-json\/wp\/v2\/media\/104213"}],"wp:attachment":[{"href":"https:\/\/www.europesays.com\/lv\/wp-json\/wp\/v2\/media?parent=104212"}],"wp:term":[{"taxonomy":"category","embeddable":true,"href":"https:\/\/www.europesays.com\/lv\/wp-json\/wp\/v2\/categories?post=104212"},{"taxonomy":"post_tag","embeddable":true,"href":"https:\/\/www.europesays.com\/lv\/wp-json\/wp\/v2\/tags?post=104212"}],"curies":[{"name":"wp","href":"https:\/\/api.w.org\/{rel}","templated":true}]}}