{"id":104218,"date":"2026-01-14T11:14:10","date_gmt":"2026-01-14T11:14:10","guid":{"rendered":"https:\/\/www.europesays.com\/lv\/104218\/"},"modified":"2026-01-14T11:14:10","modified_gmt":"2026-01-14T11:14:10","slug":"taizemes-vilciena-avarija-22-bojagajusie-un-desmitiem-ievainoto","status":"publish","type":"post","link":"https:\/\/www.europesays.com\/lv\/104218\/","title":{"rendered":"Taizemes vilciena av\u0101rija: 22 boj\u0101g\u0101ju\u0161ie un desmitiem ievainoto"},"content":{"rendered":"<p class=\"descr\">Tre\u0161dien Taizem\u0113 no slied\u0113m noskrienot vilcienam, dz\u012bv\u012bbu zaud\u0113ju\u0161i vismaz 22 cilv\u0113ki, pav\u0113st\u012bja varas iest\u0101des.<\/p>\n<p>&#8220;22 cilv\u0113ki g\u0101ja boj\u0101 un vair\u0101k nek\u0101 30 tika ievainoti,&#8221; pav\u0113st\u012bja Nakhonra\u010dasimas provinces policijas p\u0101rst\u0101vis.<\/p>\n<p>&#8220;Uz vilciena nog\u0101z\u0101s ce\u013camkr\u0101ns, izraisot t\u0101 noskrie\u0161anu no slied\u0113m un aizdeg\u0161anos,&#8221; teikts Nakhonra\u010dasimas provinces sabiedrisko attiec\u012bbu departamenta pazi\u0146ojum\u0101.<\/p>\n<p><a href=\"https:\/\/nra.lv\/pasaule\/510194-meksika-notikusi-vilciena-katastrofa-ar-13-bojagajusiem-cilvekiem.htm\" data-item-link=\"true\" data-item-id=\"510194\" rel=\"nofollow noopener\" target=\"_blank\">Vilciens bija ce\u013c\u0101 <\/a>no Bangkokas uz Ubonrat\u010dathani provinci. Taj\u0101 bija 195 cilv\u0113ki.<\/p>\n<p>Ce\u013camkr\u0101ns tika izmantots \u0101trgaitas dzelzce\u013ca b\u016bv\u0113, kam j\u0101savieno Bangkoka ar Ku\u0146minu \u0136\u012bn\u0101.<\/p>\n<p>Projekta izmaksas ir 5,4 miljardi dol\u0101ru, un to atbalsta Pekina.<\/p>\n<blockquote class=\"twitter-tweet\">\n<p lang=\"en\" dir=\"ltr\">A train crashed into a construction crane in Thailand<\/p>\n<p>The accident killed 22 people and injured more than 50.<\/p>\n<p>Several carriages derailed and caught fire. The train was travelling from Bangkok to Ubon Ratchathani province.<\/p>\n<p>The construction crane was being used to build a\u2026 <a href=\"https:\/\/t.co\/XwzDoDTzks\" rel=\"nofollow\">pic.twitter.com\/XwzDoDTzks<\/a><\/p>\n<p>\u2014 NEXTA (@nexta_tv) <a href=\"https:\/\/twitter.com\/nexta_tv\/status\/2011332083898065383?ref_src=twsrc%5Etfw\" rel=\"nofollow noopener\" target=\"_blank\">January 14, 2026<\/a><\/p><\/blockquote>\n<p>\t\t\t\t\t\tinfo<\/p>\n<p>Uzzini pirmais<br \/>kas interesants noticis Latvij\u0101 un pasaul\u0113,<br \/>pievienojoties mums <a href=\"https:\/\/t.me\/neatkariga\" rel=\"nofollow\">Telegram<\/a> vai <a href=\"https:\/\/whatsapp.com\/channel\/0029VaMLFUH5K3zLU5s4wm3y\" rel=\"nofollow noopener\" target=\"_blank\">Whatsapp<\/a> kan\u0101l\u0101<\/p>\n<p>\t\t\t\t\t\t\t\t\t<script async src=\"https:\/\/platform.twitter.com\/widgets.js\" charset=\"utf-8\"><\/script><\/p>\n","protected":false},"excerpt":{"rendered":"Tre\u0161dien Taizem\u0113 no slied\u0113m noskrienot vilcienam, dz\u012bv\u012bbu zaud\u0113ju\u0161i vismaz 22 cilv\u0113ki, pav\u0113st\u012bja varas iest\u0101des. &#8220;22 cilv\u0113ki g\u0101ja boj\u0101&hellip;\n","protected":false},"author":2,"featured_media":104219,"comment_status":"","ping_status":"","sticky":false,"template":"","format":"standard","meta":{"footnotes":""},"categories":[14],"tags":[23,57,28,29,32,33,22,30,31,35,39,38,36,37,34,40,20,26,27,24,25,54,55,56,21,58],"class_list":{"0":"post-104218","1":"post","2":"type-post","3":"status-publish","4":"format-standard","5":"has-post-thumbnail","7":"category-zinas-no-arvalstim","8":"tag-aktualitates","9":"tag-arvalstim","10":"tag-breaking-news","11":"tag-breakingnews","12":"tag-featured-news","13":"tag-featurednews","14":"tag-headlines","15":"tag-latest-news","16":"tag-latestnews","17":"tag-latvia","18":"tag-latvian","19":"tag-latviesu","20":"tag-latviesu-valoda","21":"tag-latviesuvaloda","22":"tag-latvija","23":"tag-lv","24":"tag-news","25":"tag-popularakas-zinas","26":"tag-popularakaszinas","27":"tag-top-stories","28":"tag-topstories","29":"tag-world","30":"tag-world-news","31":"tag-worldnews","32":"tag-zinas","33":"tag-zinas-no-arvalstim"},"share_on_mastodon":{"url":"https:\/\/pubeurope.com\/@lv\/115893165363050172","error":""},"_links":{"self":[{"href":"https:\/\/www.europesays.com\/lv\/wp-json\/wp\/v2\/posts\/104218","targetHints":{"allow":["GET"]}}],"collection":[{"href":"https:\/\/www.europesays.com\/lv\/wp-json\/wp\/v2\/posts"}],"about":[{"href":"https:\/\/www.europesays.com\/lv\/wp-json\/wp\/v2\/types\/post"}],"author":[{"embeddable":true,"href":"https:\/\/www.europesays.com\/lv\/wp-json\/wp\/v2\/users\/2"}],"replies":[{"embeddable":true,"href":"https:\/\/www.europesays.com\/lv\/wp-json\/wp\/v2\/comments?post=104218"}],"version-history":[{"count":0,"href":"https:\/\/www.europesays.com\/lv\/wp-json\/wp\/v2\/posts\/104218\/revisions"}],"wp:featuredmedia":[{"embeddable":true,"href":"https:\/\/www.europesays.com\/lv\/wp-json\/wp\/v2\/media\/104219"}],"wp:attachment":[{"href":"https:\/\/www.europesays.com\/lv\/wp-json\/wp\/v2\/media?parent=104218"}],"wp:term":[{"taxonomy":"category","embeddable":true,"href":"https:\/\/www.europesays.com\/lv\/wp-json\/wp\/v2\/categories?post=104218"},{"taxonomy":"post_tag","embeddable":true,"href":"https:\/\/www.europesays.com\/lv\/wp-json\/wp\/v2\/tags?post=104218"}],"curies":[{"name":"wp","href":"https:\/\/api.w.org\/{rel}","templated":true}]}}