{"id":104220,"date":"2026-01-14T11:15:06","date_gmt":"2026-01-14T11:15:06","guid":{"rendered":"https:\/\/www.europesays.com\/lv\/104220\/"},"modified":"2026-01-14T11:15:06","modified_gmt":"2026-01-14T11:15:06","slug":"sabiedriska-transporta-bilesu-cenas-pieaug-no-15-janvara","status":"publish","type":"post","link":"https:\/\/www.europesays.com\/lv\/104220\/","title":{"rendered":"Sabiedrisk\u0101 transporta bi\u013ce\u0161u cenas pieaug no 15. janv\u0101ra"},"content":{"rendered":"<p class=\"descr\">ATD atg\u0101dina, ka pag\u0101ju\u0161\u0101 gada 4. septembr\u012b Sabiedrisk\u0101 transporta padome (STP) apstiprin\u0101ja izmai\u0146as re\u0123ion\u0101l\u0101 sabiedrisk\u0101 transporta (autobusu un vilcienu) brauk\u0161anas maksas tarifos, kas st\u0101sies sp\u0113k\u0101 2026. gada 15. janv\u0101r\u012b, zi\u0146ots Autotransporta direkcijas m\u0101jaslap\u0101.<\/p>\n<p>Izmai\u0146as <a href=\"https:\/\/nra.lv\/latvija\/regionos\/490655-parvadataji-cel-trauksmi-par-autobusu-kustibu-regionos.htm\" data-item-link=\"true\" data-item-id=\"490655\" rel=\"nofollow noopener\" target=\"_blank\">re\u0123ion\u0101l\u0101 sabiedrisk\u0101 transporta<\/a> brauk\u0161anas maksas tarifos ir sabalans\u0113tas, lai saglab\u0101tu pakalpojumu kvalit\u0101ti un nodro\u0161in\u0101tu finansi\u0101lu ilgtsp\u0113ju, zi\u0146o ATD.<\/p>\n<p>Tarifu izmai\u0146as ir orient\u0113tas uz p\u0101rvad\u0101jumu att\u0101lumiem, \u0146emot v\u0113r\u0101 re\u0123ionu pieejam\u012bbu. Zonu sist\u0113m\u0101 maksa palielin\u0101sies par 0,30 EUR, savuk\u0101rt \u0101rpus zon\u0101m un gar\u0101kos braucienos pieaugums b\u016bs maz\u0101ks &#8211; 0,20 EUR.<\/p>\n<p>Visas bi\u013cetes, kas ieg\u0101d\u0101tas l\u012bdz 14. janv\u0101rim, b\u016bs der\u012bgas l\u012bdz to termi\u0146a beig\u0101m, bet no 15. janv\u0101ra bi\u013cetes tiks p\u0101rdotas tikai p\u0113c jaun\u0101 tarifa.<\/p>\n<p>Abonementa bi\u013ce\u0161u pirc\u0113jiem atlaides paliek nemain\u012bgas ar\u012b p\u0113c tarifu izmai\u0146\u0101m. \u0160\u012b pieeja ir v\u0113rsta uz lojalit\u0101tes veicin\u0101\u0161anu, nodro\u0161inot, ka ikdienas pasa\u017eieri turpina sa\u0146emt izdev\u012bgus nosac\u012bjumus.<\/p>\n<p>Vis\u0101m soci\u0101li aizsarg\u0101taj\u0101m pasa\u017eieru grup\u0101m brauk\u0161anas maksas atvieglojumi re\u0123ion\u0101lajos mar\u0161rutos saglab\u0101jas 100% apm\u0113r\u0101 un transporta izmanto\u0161anas k\u0101rt\u012bba nemain\u0101s.<\/p>\n<p>\t\t\t\t\t\tinfo<\/p>\n<p>Uzzini pirmais<br \/>kas interesants noticis Latvij\u0101 un pasaul\u0113,<br \/>pievienojoties mums <a href=\"https:\/\/t.me\/neatkariga\" rel=\"nofollow\">Telegram<\/a> vai <a href=\"https:\/\/whatsapp.com\/channel\/0029VaMLFUH5K3zLU5s4wm3y\" rel=\"nofollow noopener\" target=\"_blank\">Whatsapp<\/a> kan\u0101l\u0101<\/p>\n","protected":false},"excerpt":{"rendered":"ATD atg\u0101dina, ka pag\u0101ju\u0161\u0101 gada 4. septembr\u012b Sabiedrisk\u0101 transporta padome (STP) apstiprin\u0101ja izmai\u0146as re\u0123ion\u0101l\u0101 sabiedrisk\u0101 transporta (autobusu un&hellip;\n","protected":false},"author":2,"featured_media":104221,"comment_status":"","ping_status":"","sticky":false,"template":"","format":"standard","meta":{"footnotes":""},"categories":[12],"tags":[23,28,29,32,33,22,30,31,35,39,38,36,37,34,40,20,26,27,24,25,21],"class_list":{"0":"post-104220","1":"post","2":"type-post","3":"status-publish","4":"format-standard","5":"has-post-thumbnail","7":"category-latvija","8":"tag-aktualitates","9":"tag-breaking-news","10":"tag-breakingnews","11":"tag-featured-news","12":"tag-featurednews","13":"tag-headlines","14":"tag-latest-news","15":"tag-latestnews","16":"tag-latvia","17":"tag-latvian","18":"tag-latviesu","19":"tag-latviesu-valoda","20":"tag-latviesuvaloda","21":"tag-latvija","22":"tag-lv","23":"tag-news","24":"tag-popularakas-zinas","25":"tag-popularakaszinas","26":"tag-top-stories","27":"tag-topstories","28":"tag-zinas"},"share_on_mastodon":{"url":"https:\/\/pubeurope.com\/@lv\/115893169281635519","error":""},"_links":{"self":[{"href":"https:\/\/www.europesays.com\/lv\/wp-json\/wp\/v2\/posts\/104220","targetHints":{"allow":["GET"]}}],"collection":[{"href":"https:\/\/www.europesays.com\/lv\/wp-json\/wp\/v2\/posts"}],"about":[{"href":"https:\/\/www.europesays.com\/lv\/wp-json\/wp\/v2\/types\/post"}],"author":[{"embeddable":true,"href":"https:\/\/www.europesays.com\/lv\/wp-json\/wp\/v2\/users\/2"}],"replies":[{"embeddable":true,"href":"https:\/\/www.europesays.com\/lv\/wp-json\/wp\/v2\/comments?post=104220"}],"version-history":[{"count":0,"href":"https:\/\/www.europesays.com\/lv\/wp-json\/wp\/v2\/posts\/104220\/revisions"}],"wp:featuredmedia":[{"embeddable":true,"href":"https:\/\/www.europesays.com\/lv\/wp-json\/wp\/v2\/media\/104221"}],"wp:attachment":[{"href":"https:\/\/www.europesays.com\/lv\/wp-json\/wp\/v2\/media?parent=104220"}],"wp:term":[{"taxonomy":"category","embeddable":true,"href":"https:\/\/www.europesays.com\/lv\/wp-json\/wp\/v2\/categories?post=104220"},{"taxonomy":"post_tag","embeddable":true,"href":"https:\/\/www.europesays.com\/lv\/wp-json\/wp\/v2\/tags?post=104220"}],"curies":[{"name":"wp","href":"https:\/\/api.w.org\/{rel}","templated":true}]}}