{"id":104225,"date":"2026-01-14T11:20:06","date_gmt":"2026-01-14T11:20:06","guid":{"rendered":"https:\/\/www.europesays.com\/lv\/104225\/"},"modified":"2026-01-14T11:20:06","modified_gmt":"2026-01-14T11:20:06","slug":"par-iespejamu-uzbrukumu-taksometra-vaditajam-arestets-aktieris-kifers-saterlends","status":"publish","type":"post","link":"https:\/\/www.europesays.com\/lv\/104225\/","title":{"rendered":"Par iesp\u0113jamu uzbrukumu taksometra vad\u012bt\u0101jam arest\u0113ts aktieris K\u012bfers Saterlends"},"content":{"rendered":"<p>LAPD piebilda, ka autovad\u012bt\u0101js ievainojumus nav guvis.<\/p>\n<p>P\u0113c da\u017e\u0101m stund\u0101m, iemaks\u0101jot 50 000 dol\u0101ru dro\u0161\u012bbas naudu, Saterlends tika atbr\u012bvots. Vi\u0146am ties\u0101 j\u0101ierodas 2. febru\u0101r\u012b.<\/p>\n<p>59 gadus vecais aktieris jau iepriek\u0161 sa\u0137\u0113ries ar likumu un vair\u0101kas reizes ticis arest\u0113ts. 2007. gad\u0101 vi\u0146am tika piespriests 48 dienu cietumsods par transportl\u012bdzek\u013ca vad\u012b\u0161anu alkohola reibum\u0101 un prob\u0101cijas p\u0101rk\u0101p\u0161anu. 2009. gad\u0101 aktieris tika arest\u0113ts par uzbrukumu, bet aps\u016bdz\u012bba v\u0113l\u0101k tika atcelta. 2020. gad\u0101 vi\u0146\u0161 tika arest\u0113ts par neat\u013cautu transportl\u012bdzek\u013ca apgrie\u0161anu Holivud\u0101.<\/p>\n<p>Saterlends paz\u012bstams ar t\u0101d\u0101m lom\u0101m k\u0101 \u012bpa\u0161ais a\u0123ents D\u017eeks Bauers kan\u0101la Fox seri\u0101l\u0101 \u201c24\u201d un ASV prezidenta loma seri\u0101l\u0101 \u201cDesignated Survivor\u201d, k\u0101 ar\u012b lomas film\u0101 \u201cThe Lost Boys\u201d (Pazudu\u0161ie z\u0113ni).<\/p>\n<p>K\u012bfera Saterlenda t\u0113vs ir aktieris Donalds Saterlends, kur\u0161 2024. gad\u0101 dev\u0101s m\u016b\u017e\u012bb\u0101.<\/p>\n<p class=\"tv3-fw-500\">Zi\u0146o par k\u013c\u016bdu rakst\u0101<\/p>\n<p class=\"d-md-block d-none\">Iez\u012bm\u0113 k\u013c\u016bdaino tekstu un spied Ctrl+Enter.<\/p>\n<p class=\"d-md-none d-block\">Iez\u012bm\u0113 k\u013c\u016bdaino tekstu un zi\u0146o par to!<\/p>\n","protected":false},"excerpt":{"rendered":"LAPD piebilda, ka autovad\u012bt\u0101js ievainojumus nav guvis. P\u0113c da\u017e\u0101m stund\u0101m, iemaks\u0101jot 50 000 dol\u0101ru dro\u0161\u012bbas naudu, Saterlends tika&hellip;\n","protected":false},"author":2,"featured_media":104226,"comment_status":"","ping_status":"","sticky":false,"template":"","format":"standard","meta":{"footnotes":""},"categories":[14],"tags":[23,57,28,29,32,33,22,25089,30,31,35,39,38,36,37,34,40,20,26,27,24,25,54,55,56,21,58],"class_list":{"0":"post-104225","1":"post","2":"type-post","3":"status-publish","4":"format-standard","5":"has-post-thumbnail","7":"category-zinas-no-arvalstim","8":"tag-aktualitates","9":"tag-arvalstim","10":"tag-breaking-news","11":"tag-breakingnews","12":"tag-featured-news","13":"tag-featurednews","14":"tag-headlines","15":"tag-holivudas-aktieriskifers-saterlends","16":"tag-latest-news","17":"tag-latestnews","18":"tag-latvia","19":"tag-latvian","20":"tag-latviesu","21":"tag-latviesu-valoda","22":"tag-latviesuvaloda","23":"tag-latvija","24":"tag-lv","25":"tag-news","26":"tag-popularakas-zinas","27":"tag-popularakaszinas","28":"tag-top-stories","29":"tag-topstories","30":"tag-world","31":"tag-world-news","32":"tag-worldnews","33":"tag-zinas","34":"tag-zinas-no-arvalstim"},"share_on_mastodon":{"url":"https:\/\/pubeurope.com\/@lv\/115893188965806647","error":""},"_links":{"self":[{"href":"https:\/\/www.europesays.com\/lv\/wp-json\/wp\/v2\/posts\/104225","targetHints":{"allow":["GET"]}}],"collection":[{"href":"https:\/\/www.europesays.com\/lv\/wp-json\/wp\/v2\/posts"}],"about":[{"href":"https:\/\/www.europesays.com\/lv\/wp-json\/wp\/v2\/types\/post"}],"author":[{"embeddable":true,"href":"https:\/\/www.europesays.com\/lv\/wp-json\/wp\/v2\/users\/2"}],"replies":[{"embeddable":true,"href":"https:\/\/www.europesays.com\/lv\/wp-json\/wp\/v2\/comments?post=104225"}],"version-history":[{"count":0,"href":"https:\/\/www.europesays.com\/lv\/wp-json\/wp\/v2\/posts\/104225\/revisions"}],"wp:featuredmedia":[{"embeddable":true,"href":"https:\/\/www.europesays.com\/lv\/wp-json\/wp\/v2\/media\/104226"}],"wp:attachment":[{"href":"https:\/\/www.europesays.com\/lv\/wp-json\/wp\/v2\/media?parent=104225"}],"wp:term":[{"taxonomy":"category","embeddable":true,"href":"https:\/\/www.europesays.com\/lv\/wp-json\/wp\/v2\/categories?post=104225"},{"taxonomy":"post_tag","embeddable":true,"href":"https:\/\/www.europesays.com\/lv\/wp-json\/wp\/v2\/tags?post=104225"}],"curies":[{"name":"wp","href":"https:\/\/api.w.org\/{rel}","templated":true}]}}