{"id":104227,"date":"2026-01-14T11:21:14","date_gmt":"2026-01-14T11:21:14","guid":{"rendered":"https:\/\/www.europesays.com\/lv\/104227\/"},"modified":"2026-01-14T11:21:14","modified_gmt":"2026-01-14T11:21:14","slug":"bez-partijam-vadis-advokats-zvejsalnieks-apollo-lv","status":"publish","type":"post","link":"https:\/\/www.europesays.com\/lv\/104227\/","title":{"rendered":"&quot;Bez partij\u0101m&quot; vad\u012bs advok\u0101ts Zvejsalnieks &#8211; Apollo.lv"},"content":{"rendered":"<ol>\n<li><a href=\"https:\/\/news.google.com\/rss\/articles\/CBMiekFVX3lxTFBiLXN3RHItd1FTb3hiQmJEM0pxcS1MZlpWY3FfWnprTFEzdFQ5MkFKbjlIb2hoZ0FVem5YNDVjOGM1R1RqRGxPd3RPeHhkU3RkN0E1akNaWlBvblREM2p6ZXZtZDcwOEs2dVhZUDJ4UG9oWGFhT0ExMTd3?oc=5\" target=\"_blank\" rel=\"nofollow noopener\">&#8220;Bez partij\u0101m&#8221; vad\u012bs advok\u0101ts Zvejsalnieks<\/a>&nbsp;&nbsp;Apollo.lv<\/li>\n<li><a href=\"https:\/\/news.google.com\/rss\/articles\/CBMirgFBVV95cUxPNWRUMEdLNkpzQjhDNkkxUTVONHUycnBkOWRTUDZJMmtQeVRQa0xyRnhpWFlvcW1PQml4YWRqY2lzeXBncEtUQ1Y5NGowWkt5MGQzejdrVkc5a1pzMjJVNEVwTjYyc2pqZW5TZ195Ny1LSjlSdVM3UDZRY0c4cDVpbUhUUjdWRVRsVDl6NXVTYngxS1VmR2l5ODhoWU1rc01UaDBHZWIxekRnaXJ0dlE?oc=5\" target=\"_blank\" rel=\"nofollow noopener\">Biedr\u012bbu \u00abBez partij\u0101m\u00bb vad\u012bs advok\u0101ts Zvejsalnieks \/ Raksts<\/a>&nbsp;&nbsp;LSM<\/li>\n<li><a href=\"https:\/\/news.google.com\/rss\/articles\/CBMiygFBVV95cUxNb1lHR0RmUkJuSVJ1dFhMeFRXWkgydTdxNXlHTGxZMEl3ZGFKTUh5dDJOQVBkR042N0llVGR4TFVvTkVPcFdYeUpPTGpuZkRGSV92c081RE9JQWw1UXNTYTRvTzdsZExlS3pJSDJWdkF1bkJqaXJJQUF2OF9tbXdHdU40V3NGQmFyRmdYZUMway11TVdDbUY3Z3VfOHpEUFNIZWM5eDI5cUtZVVJULTJFUmhwbkMtR3dWUkVna19kdHhkWlFlOHRHYll3?oc=5\" target=\"_blank\" rel=\"nofollow noopener\">Par biedr\u012bbas \u201eBez partij\u0101m\u201c valdes priek\u0161s\u0113d\u0113t\u0101ju iev\u0113l\u0113ts advok\u0101ts Art\u016brs Zvejsalnieks<\/a>&nbsp;&nbsp;Lente.lv<\/li>\n<li><a href=\"https:\/\/news.google.com\/rss\/articles\/CBMizAFBVV95cUxQZ0NYLWdPYjJ2OV9SZ3plRmF3RklZY1pVTnFfZ28yR0R4RlBZR0xhdXhFVmlVcnBEb2R0T0dIVWxHRnh1bWltajZwOS1NOE1HNEo5ZllTV0xJNDdEdjdFWlJSR3VyLXVubnFRWTBTY0YwU1hJb29abnloR0VabHEtLXpFaEZQRWw2aXZGeDQwMmpQUi1LMmhpeTg4dld5NHlyNE4zX1k2UE5rQVlFeVFVUGp0QldNTVkwTFZZU2ZSTWVUMXB0emVBejVuZzA?oc=5\" target=\"_blank\" rel=\"nofollow noopener\">Par biedr\u012bbas &#8220;Bez partij\u0101m&#8221; valdes priek\u0161s\u0113d\u0113t\u0101ju iev\u0113l\u0113ts advok\u0101ts Art\u016brs Zvejsalnieks<\/a>&nbsp;&nbsp;Lente.lv<\/li>\n<li><a href=\"https:\/\/news.google.com\/rss\/articles\/CBMiqwFBVV95cUxPRW5LSzA3ejRVckF4ajR0NmJ0dF8xWFV6alZsZVhhVmRRNXpqN1NyUElydHpkRGpveDBxWEszZkgzYnVWQTZlY3VJUjE3M3hhYlFxN0dUa3QzUDBGek1IMDR6MW01Rl9Ka1NLODR2WUd5ZDBUTVctd3hWaGt5blpmdWNhSDVjUkVScXdTYVpyeFMyMnRHSkN4X0dYNEgzOHVFYWxORXVMRnNSNVk?oc=5\" target=\"_blank\" rel=\"nofollow noopener\">Herma\u0146a pamesto biedr\u012bbu &#8220;Bez partij\u0101m&#8221; turpm\u0101k vad\u012bs advok\u0101ts Zvejsalnieks<\/a>&nbsp;&nbsp;1188.lv<\/li>\n<\/ol>\n","protected":false},"excerpt":{"rendered":"&#8220;Bez partij\u0101m&#8221; vad\u012bs advok\u0101ts Zvejsalnieks&nbsp;&nbsp;Apollo.lv Biedr\u012bbu \u00abBez partij\u0101m\u00bb vad\u012bs advok\u0101ts Zvejsalnieks \/ Raksts&nbsp;&nbsp;LSM Par biedr\u012bbas \u201eBez partij\u0101m\u201c valdes&hellip;\n","protected":false},"author":2,"featured_media":104228,"comment_status":"","ping_status":"","sticky":false,"template":"","format":"standard","meta":{"footnotes":""},"categories":[12],"tags":[23,5992,8663,28,29,32,33,22,30,31,35,39,38,36,37,34,40,20,26,27,24,25,21],"class_list":{"0":"post-104227","1":"post","2":"type-post","3":"status-publish","4":"format-standard","5":"has-post-thumbnail","7":"category-latvija","8":"tag-aktualitates","9":"tag-alvis-hermanis","10":"tag-bez-partijam","11":"tag-breaking-news","12":"tag-breakingnews","13":"tag-featured-news","14":"tag-featurednews","15":"tag-headlines","16":"tag-latest-news","17":"tag-latestnews","18":"tag-latvia","19":"tag-latvian","20":"tag-latviesu","21":"tag-latviesu-valoda","22":"tag-latviesuvaloda","23":"tag-latvija","24":"tag-lv","25":"tag-news","26":"tag-popularakas-zinas","27":"tag-popularakaszinas","28":"tag-top-stories","29":"tag-topstories","30":"tag-zinas"},"share_on_mastodon":{"url":"https:\/\/pubeurope.com\/@lv\/115893192856006996","error":""},"_links":{"self":[{"href":"https:\/\/www.europesays.com\/lv\/wp-json\/wp\/v2\/posts\/104227","targetHints":{"allow":["GET"]}}],"collection":[{"href":"https:\/\/www.europesays.com\/lv\/wp-json\/wp\/v2\/posts"}],"about":[{"href":"https:\/\/www.europesays.com\/lv\/wp-json\/wp\/v2\/types\/post"}],"author":[{"embeddable":true,"href":"https:\/\/www.europesays.com\/lv\/wp-json\/wp\/v2\/users\/2"}],"replies":[{"embeddable":true,"href":"https:\/\/www.europesays.com\/lv\/wp-json\/wp\/v2\/comments?post=104227"}],"version-history":[{"count":0,"href":"https:\/\/www.europesays.com\/lv\/wp-json\/wp\/v2\/posts\/104227\/revisions"}],"wp:featuredmedia":[{"embeddable":true,"href":"https:\/\/www.europesays.com\/lv\/wp-json\/wp\/v2\/media\/104228"}],"wp:attachment":[{"href":"https:\/\/www.europesays.com\/lv\/wp-json\/wp\/v2\/media?parent=104227"}],"wp:term":[{"taxonomy":"category","embeddable":true,"href":"https:\/\/www.europesays.com\/lv\/wp-json\/wp\/v2\/categories?post=104227"},{"taxonomy":"post_tag","embeddable":true,"href":"https:\/\/www.europesays.com\/lv\/wp-json\/wp\/v2\/tags?post=104227"}],"curies":[{"name":"wp","href":"https:\/\/api.w.org\/{rel}","templated":true}]}}