{"id":104234,"date":"2026-01-14T11:27:09","date_gmt":"2026-01-14T11:27:09","guid":{"rendered":"https:\/\/www.europesays.com\/lv\/104234\/"},"modified":"2026-01-14T11:27:09","modified_gmt":"2026-01-14T11:27:09","slug":"rezekne-notiks-forums-par-drosa-un-pieejama-majokla-attistibu-regionos","status":"publish","type":"post","link":"https:\/\/www.europesays.com\/lv\/104234\/","title":{"rendered":"R\u0113zekn\u0113 notiks forums par dro\u0161a un pieejama m\u0101jok\u013ca att\u012bst\u012bbu re\u0123ionos"},"content":{"rendered":"<p>2026. gada 16. janv\u0101r\u012b Latgales v\u0113stniec\u012bb\u0101 \u201cGORS\u201d R\u0113zekn\u0113 notiks Latgales pl\u0101no\u0161anas re\u0123iona organiz\u0113ts forums \u201cDro\u0161s m\u0101joklis \u2013 stabila n\u0101kotne\u201d, kas pulc\u0113s pa\u0161vald\u012bbu, valsts iest\u0101\u017eu un priv\u0101t\u0101 sektora p\u0101rst\u0101vjus, lai diskut\u0113tu par kvalitat\u012bvu un ilgtsp\u0113j\u012bgu m\u0101jok\u013cu pieejam\u012bbas veicin\u0101\u0161anu re\u0123ionos, \u012bpa\u0161i Latgal\u0113.<\/p>\n<p>Foruma m\u0113r\u0137is ir stiprin\u0101t sadarb\u012bbu starp politikas veidot\u0101jiem, finan\u0161u instit\u016bcij\u0101m un b\u016bvniec\u012bbas nozares p\u0101rst\u0101vjiem, mekl\u0113jot praktiskus risin\u0101jumus m\u0101jok\u013cu att\u012bst\u012bbai \u0101rpus lielajiem att\u012bst\u012bbas centriem.<\/p>\n<p>\u201cSak\u0101rtots un dro\u0161s dz\u012bvojamo m\u0101ju fonds ir viens no priek\u0161noteikumiem ilgtsp\u0113j\u012bgai re\u0123iona att\u012bst\u012bbai un iedz\u012bvot\u0101ju dz\u012bves kvalit\u0101tes uzlabo\u0161anai. \u0160is forums ir noz\u012bm\u012bgs solis tuv\u0101k m\u0113r\u0137tiec\u012bgai un saska\u0146otai r\u012bc\u012bbai, kas \u013cautu pa\u0161vald\u012bb\u0101m, valsts instit\u016bcij\u0101m un priv\u0101tajam sektoram kop\u012bgi veidot pieejamu un kvalitat\u012bvu m\u0101jok\u013cu vidi re\u0123ionos,\u201d uzsver Latgales pl\u0101no\u0161anas re\u0123iona administr\u0101cijas vad\u012bt\u0101ja, Latgales speci\u0101l\u0101s ekonomisk\u0101s zonas p\u0101rvaldniece Iveta Ma\u013cina-Tab\u016bne.<\/p>\n<p>Pas\u0101kums tiks struktur\u0113ts tr\u012bs tematiskajos blokos:<\/p>\n<ul>&#13;<\/p>\n<li>Politika \u2013 valsts un pa\u0161vald\u012bbu loma m\u0101jok\u013cu nodro\u0161in\u0101\u0161an\u0101;<\/li>\n<p>&#13;<\/p>\n<li>Finanses \u2013 garantiju programmas, banku atbalsta instrumenti un publisk\u0101s\u2013priv\u0101t\u0101s partner\u012bbas (PPP) pieeja b\u016bvniec\u012bb\u0101;<\/li>\n<p>&#13;<\/p>\n<li>Prakse \u2013 dro\u0161as un ilgtsp\u0113j\u012bgas b\u016bvniec\u012bbas piem\u0113ri Latvij\u0101.<\/li>\n<p>&#13;\n<\/ul>\n<p>Forum\u0101 aicin\u0101ti piedal\u012bties pa\u0161vald\u012bbu politikas veidot\u0101ji, kapit\u0101lsabiedr\u012bbu p\u0101rst\u0101vji, b\u016bvniec\u012bbas, att\u012bst\u012bbas, pl\u0101no\u0161anas un infrastrukt\u016bras noda\u013cu speci\u0101listi, viedok\u013cu l\u012bderi, k\u0101 ar\u012b citi interesenti, kas darbojas b\u016bvniec\u012bbas un m\u0101jok\u013cu att\u012bst\u012bbas jom\u0101.<\/p>\n<p>Foruma atkl\u0101\u0161ana paredz\u0113ta plkst. 10.00, dal\u012bbnieku iera\u0161an\u0101s \u2013 no plkst. 9.30. Pas\u0101kums notiks gan kl\u0101tien\u0113, gan tie\u0161saist\u0113, nodro\u0161inot iesp\u0113ju iesaist\u012bties pla\u0161\u0101kam interesentu lokam.<\/p>\n<p>Inform\u0101cija par pas\u0101kumu un foruma programma atrodama <a href=\"https:\/\/lpr.gov.lv\/lv\/2025\/rezerve-datumu-forums-dross-majoklis-stabila-nakotne\/\" target=\"_blank\" rel=\"nofollow noopener\">\u0161eit<\/a>.<\/p>\n<p>Dal\u012bbai pas\u0101kum\u0101 iesp\u0113jams pieteikties, aizpildot <a href=\"https:\/\/forms.gle\/SD171faRKRGeq68s7\" target=\"_blank\" rel=\"nofollow noopener\">pieteikuma anketu<\/a>, ta\u010du pas\u0101kumam sekot l\u012bdzi b\u016bs iesp\u0113jams ar\u012b tie\u0161saist\u0113.<\/p>\n<p><img decoding=\"async\" src=\"https:\/\/www.europesays.com\/lv\/wp-content\/uploads\/2026\/01\/76JD8U4XV.JPEG\" alt=\"\"\/><\/p>\n<p>&#8212;<\/p>\n<p>Forums tiek organiz\u0113ts Eiropas Savien\u012bbas Latvijas Atvese\u013co\u0161anas un notur\u012bbas meh\u0101nisma pl\u0101na invest\u012bcijas 3.1.1.2.i. \u201cPa\u0161vald\u012bbu kapacit\u0101tes stiprin\u0101\u0161ana to darb\u012bbas efektivit\u0101tes un kvalit\u0101tes uzlabo\u0161anai\u201d ietvaros. Projekta finans\u0113juma sa\u0146\u0113m\u0113js un vado\u0161ais partneris ir Vied\u0101s administr\u0101cijas un re\u0123ion\u0101l\u0101s att\u012bst\u012bbas ministrija.<\/p>\n<p>Projekta m\u0113r\u0137is ir celt pa\u0161vald\u012bbu kapacit\u0101ti to darb\u012bbas efektivit\u0101tes un kvalit\u0101tes uzlabo\u0161anai administrat\u012bvi teritori\u0101l\u0101s reformas kontekst\u0101, lai pa\u0161vald\u012bbas sp\u0113tu nodro\u0161in\u0101t t\u0101m likumos noteikto autonomo funkciju izpildi sal\u012bdzin\u0101m\u0101 kvalit\u0101t\u0113 un pieejam\u012bb\u0101, k\u0101 ar\u012b sp\u0113tu sniegt iedz\u012bvot\u0101jiem kvalitat\u012bvus pakalpojumus par sam\u0113r\u012bg\u0101m izmaks\u0101m atbilsto\u0161i aktu\u0101laj\u0101m demogr\u0101fiskaj\u0101m tendenc\u0113m.<\/p>\n<p>\u0160\u012b publik\u0101cija ir sagatavota ar Eiropas Savien\u012bbas finansi\u0101lu atbalstu. Par t\u0101s saturu piln\u012bb\u0101 atbild Latgales pl\u0101no\u0161anas re\u0123ions un t\u0101 var neatspogu\u013cot Eiropas Savien\u012bbas viedokli.<\/p>\n<p>          <img decoding=\"async\" src=\"https:\/\/www.europesays.com\/lv\/wp-content\/uploads\/2026\/01\/1767645852_487_logo-lv.png\" alt=\"\"\/><\/p>\n<p>                  \u0160\u012b inform\u0101cija ir publisks pazi\u0146ojums un neatspogu\u013co LV port\u0101la viedokli. Par t\u0101s saturu atbild ies\u016bt\u012bt\u0101js. <a data-popup=\"rules\">Public\u0113\u0161anas noteikumi<\/a><\/p>\n","protected":false},"excerpt":{"rendered":"2026. gada 16. janv\u0101r\u012b Latgales v\u0113stniec\u012bb\u0101 \u201cGORS\u201d R\u0113zekn\u0113 notiks Latgales pl\u0101no\u0161anas re\u0123iona organiz\u0113ts forums \u201cDro\u0161s m\u0101joklis \u2013 stabila&hellip;\n","protected":false},"author":2,"featured_media":104235,"comment_status":"","ping_status":"","sticky":false,"template":"","format":"standard","meta":{"footnotes":""},"categories":[12],"tags":[23,28,29,32,33,22,30,31,35,39,38,36,37,34,40,20,26,27,24,25,21],"class_list":{"0":"post-104234","1":"post","2":"type-post","3":"status-publish","4":"format-standard","5":"has-post-thumbnail","7":"category-latvija","8":"tag-aktualitates","9":"tag-breaking-news","10":"tag-breakingnews","11":"tag-featured-news","12":"tag-featurednews","13":"tag-headlines","14":"tag-latest-news","15":"tag-latestnews","16":"tag-latvia","17":"tag-latvian","18":"tag-latviesu","19":"tag-latviesu-valoda","20":"tag-latviesuvaloda","21":"tag-latvija","22":"tag-lv","23":"tag-news","24":"tag-popularakas-zinas","25":"tag-popularakaszinas","26":"tag-top-stories","27":"tag-topstories","28":"tag-zinas"},"share_on_mastodon":{"url":"https:\/\/pubeurope.com\/@lv\/115893216482816763","error":""},"_links":{"self":[{"href":"https:\/\/www.europesays.com\/lv\/wp-json\/wp\/v2\/posts\/104234","targetHints":{"allow":["GET"]}}],"collection":[{"href":"https:\/\/www.europesays.com\/lv\/wp-json\/wp\/v2\/posts"}],"about":[{"href":"https:\/\/www.europesays.com\/lv\/wp-json\/wp\/v2\/types\/post"}],"author":[{"embeddable":true,"href":"https:\/\/www.europesays.com\/lv\/wp-json\/wp\/v2\/users\/2"}],"replies":[{"embeddable":true,"href":"https:\/\/www.europesays.com\/lv\/wp-json\/wp\/v2\/comments?post=104234"}],"version-history":[{"count":0,"href":"https:\/\/www.europesays.com\/lv\/wp-json\/wp\/v2\/posts\/104234\/revisions"}],"wp:featuredmedia":[{"embeddable":true,"href":"https:\/\/www.europesays.com\/lv\/wp-json\/wp\/v2\/media\/104235"}],"wp:attachment":[{"href":"https:\/\/www.europesays.com\/lv\/wp-json\/wp\/v2\/media?parent=104234"}],"wp:term":[{"taxonomy":"category","embeddable":true,"href":"https:\/\/www.europesays.com\/lv\/wp-json\/wp\/v2\/categories?post=104234"},{"taxonomy":"post_tag","embeddable":true,"href":"https:\/\/www.europesays.com\/lv\/wp-json\/wp\/v2\/tags?post=104234"}],"curies":[{"name":"wp","href":"https:\/\/api.w.org\/{rel}","templated":true}]}}