{"id":104236,"date":"2026-01-14T11:28:10","date_gmt":"2026-01-14T11:28:10","guid":{"rendered":"https:\/\/www.europesays.com\/lv\/104236\/"},"modified":"2026-01-14T11:28:10","modified_gmt":"2026-01-14T11:28:10","slug":"lai-gaiss-miers-tavai-dveselei-baibas-sipenieces-gavares-virs-dalijies-ar-seru-vesti","status":"publish","type":"post","link":"https:\/\/www.europesays.com\/lv\/104236\/","title":{"rendered":"\u201cLai gai\u0161s miers tavai dv\u0113selei!\u201d Baibas Sipenieces-Gavares v\u012brs dal\u012bjies ar s\u0113ru v\u0113sti"},"content":{"rendered":"<p>    <img decoding=\"async\" src=\"https:\/\/www.europesays.com\/lv\/wp-content\/uploads\/2025\/11\/pexels-marta-nogueira-589022975-17101772-1024x683.jpg\" alt=\"&#10;\"\/><\/p>\n<p>Foto. pexels.com\/Marta Nogueira\n<\/p>\n<p>10:41, 14. janv\u0101ris 2026<\/p>\n<p>Soci\u0101lajos t\u012bklos TV un radio person\u012bbas Baibas Sipenieces-Gavares v\u012brs Gatis Gavars pazi\u0146ojis par sava t\u0113va \u2014 izcil\u0101 zin\u0101tnieka, in\u017eenierzin\u0101t\u0146u doktora un sabiedrisk\u0101 darbinieka Valda Gavara \u2014 aizie\u0161anu m\u016b\u017e\u012bb\u0101.<\/p>\n<p>        Las\u012bt\u0101kie<br \/>\n        <a data-imagesrc=\"{&quot;300&quot;:&quot;https:\\\/\\\/lastatic.ams3.cdn.digitaloceanspaces.com\\\/2026\\\/01\\\/FotoJet-5-300x200.jpg&quot;,&quot;1024&quot;:&quot;https:\\\/\\\/lastatic.ams3.cdn.digitaloceanspaces.com\\\/2026\\\/01\\\/FotoJet-5-1024x683.jpg&quot;,&quot;1536&quot;:&quot;https:\\\/\\\/lastatic.ams3.cdn.digitaloceanspaces.com\\\/2026\\\/01\\\/FotoJet-5-1536x1024.jpg&quot;,&quot;500&quot;:&quot;https:\\\/\\\/lastatic.ams3.cdn.digitaloceanspaces.com\\\/2026\\\/01\\\/FotoJet-5-500x333.jpg&quot;,&quot;800&quot;:&quot;https:\\\/\\\/lastatic.ams3.cdn.digitaloceanspaces.com\\\/2026\\\/01\\\/FotoJet-5-800x533.jpg&quot;,&quot;1800&quot;:&quot;https:\\\/\\\/lastatic.ams3.cdn.digitaloceanspaces.com\\\/2026\\\/01\\\/FotoJet-5.jpg&quot;}\" data-focuspoint=\"&quot;&quot;\" data-p=\"2491277\" href=\"https:\/\/www.la.lv\/vecums-nav-spriedums-5-pazimes-kas-liecina-ka-jus-novecojat-loti-veiksmigi\" class=\"content-item lazy-load\" wp_automatic_readability=\"27\" rel=\"nofollow noopener\" target=\"_blank\"><\/p>\n<p>                                <img decoding=\"async\" src=\"\" alt=\"\" style=\"\" data-imageid=\"\"\/><\/p>\n<p>\n                                                Vecums nav spriedums: 5 paz\u012bmes, kas liecina, ka j\u016bs novecojat \u013coti veiksm\u012bgi\n                            <\/p>\n<p><\/a><a data-imagesrc=\"{&quot;300&quot;:&quot;https:\\\/\\\/lastatic.ams3.cdn.digitaloceanspaces.com\\\/2026\\\/01\\\/pexels-andrew-hewitt-24040512-7595577-300x169.jpg&quot;,&quot;1024&quot;:&quot;https:\\\/\\\/lastatic.ams3.cdn.digitaloceanspaces.com\\\/2026\\\/01\\\/pexels-andrew-hewitt-24040512-7595577-1024x576.jpg&quot;,&quot;1536&quot;:&quot;https:\\\/\\\/lastatic.ams3.cdn.digitaloceanspaces.com\\\/2026\\\/01\\\/pexels-andrew-hewitt-24040512-7595577-1536x864.jpg&quot;,&quot;500&quot;:&quot;https:\\\/\\\/lastatic.ams3.cdn.digitaloceanspaces.com\\\/2026\\\/01\\\/pexels-andrew-hewitt-24040512-7595577-500x281.jpg&quot;,&quot;800&quot;:&quot;https:\\\/\\\/lastatic.ams3.cdn.digitaloceanspaces.com\\\/2026\\\/01\\\/pexels-andrew-hewitt-24040512-7595577-800x450.jpg&quot;,&quot;2560&quot;:&quot;https:\\\/\\\/lastatic.ams3.cdn.digitaloceanspaces.com\\\/2026\\\/01\\\/pexels-andrew-hewitt-24040512-7595577-scaled.jpg&quot;}\" data-focuspoint=\"&quot;&quot;\" data-p=\"2493671\" href=\"https:\/\/www.la.lv\/sis-zodiaka-zimes-saskaras-ar-pagrieziena-punktu-dzive-tam-nekad-vairs-nebus-tada-ka-lidz-sim\" class=\"content-item lazy-load\" wp_automatic_readability=\"27\" rel=\"nofollow noopener\" target=\"_blank\"><\/p>\n<p>                                <img decoding=\"async\" src=\"\" alt=\"\" style=\"\" data-imageid=\"\"\/><\/p>\n<p>                                Kokteilis<\/p>\n<p>\n                                                \u0160\u012bs zodiaka z\u012bmes saskaras ar pagrieziena punktu: dz\u012bve t\u0101m nekad vairs neb\u016bs t\u0101da, k\u0101 l\u012bdz \u0161im\n                            <\/p>\n<p><\/a><a data-imagesrc=\"{&quot;300&quot;:&quot;https:\\\/\\\/lastatic.ams3.cdn.digitaloceanspaces.com\\\/2026\\\/01\\\/LET_21079616-300x196.jpg&quot;,&quot;1024&quot;:&quot;https:\\\/\\\/lastatic.ams3.cdn.digitaloceanspaces.com\\\/2026\\\/01\\\/LET_21079616-1024x670.jpg&quot;,&quot;1536&quot;:&quot;https:\\\/\\\/lastatic.ams3.cdn.digitaloceanspaces.com\\\/2026\\\/01\\\/LET_21079616-1536x1005.jpg&quot;,&quot;500&quot;:&quot;https:\\\/\\\/lastatic.ams3.cdn.digitaloceanspaces.com\\\/2026\\\/01\\\/LET_21079616-500x327.jpg&quot;,&quot;800&quot;:&quot;https:\\\/\\\/lastatic.ams3.cdn.digitaloceanspaces.com\\\/2026\\\/01\\\/LET_21079616-800x523.jpg&quot;,&quot;2560&quot;:&quot;https:\\\/\\\/lastatic.ams3.cdn.digitaloceanspaces.com\\\/2026\\\/01\\\/LET_21079616-scaled.jpg&quot;}\" data-focuspoint=\"&quot;&quot;\" data-p=\"2489693\" href=\"https:\/\/www.la.lv\/nebija-nekadu-bridinajuma-zimju-kamer-gimene-meza-bauda-ziemas-priekus-mednieki-blakus-sauj\" class=\"content-item lazy-load\" wp_automatic_readability=\"27\" rel=\"nofollow noopener\" target=\"_blank\"><\/p>\n<p>                                <img decoding=\"async\" src=\"\" alt=\"\" style=\"\" data-imageid=\"\"\/><\/p>\n<p>\n                                                \u201cNebija nek\u0101du br\u012bdin\u0101juma z\u012bmju!\u201d Kam\u0113r \u0123imene me\u017e\u0101 bauda ziemas priekus, mednieki blakus \u0161auj\n                            <\/p>\n<p><\/a><br \/>\n        <a class=\"read-more\" href=\"https:\/\/www.la.lv\/top\" rel=\"nofollow noopener\" target=\"_blank\">Las\u012bt citas zi\u0146as<\/a><\/p>\n<p>Vi\u0146\u0161 vietn\u0113 \u201cFacebook\u201d raksta: \u201cS\u0113rojot pazi\u0146oju, ka \u0161or\u012bt, 2026.gada 13.janv\u0101r\u012b, sav\u0101s m\u0101j\u0101s J\u016brmal\u0101, \u0123imenes lok\u0101, beigu\u0161\u0101s mana t\u0113ta- Dr.sc.ing.Valda Gavara \u0161\u012bs dz\u012bves gaitas.<\/p>\n<p>Atvad\u012b\u0161an\u0101s notiks R\u012bgas krematorij\u0101, Varo\u0146u iel\u0101 3a, sestdien, 17.janv\u0101r\u012b, plkst.10.00.<\/p>\n<p>    CITI \u0160OBR\u012aD LASA<\/p>\n<p>Valdis Gavars dzimis 1934.gada 10.maij\u0101, R\u0113zekn\u0113, \u0101rstu \u0123imen\u0113. 1952.gad\u0101 beidzis R\u012bgas Industri\u0101lo politehnikumu k\u0101 stipro str\u0101vu tehni\u0137is, 1955.gad\u0101 beidzis \u013be\u0146ingradas Politehnisko Instit\u016bta Elektromeh\u0101nikas fakult\u0101ti. 1971.gad\u0101 ieguvis zin\u0101t\u0146u kandid\u0101ta gr\u0101du kodolener\u0123etikas centr\u0101 U\u013cjanovskas apgabal\u0101. 1992.gad\u0101, R\u012bgas Tehnisk\u0101 Universit\u0101t\u0113 ieguvis in\u017eenierzin\u0101t\u0146u doktora gr\u0101du.<\/p>\n<p>Valda Gavara zin\u0101tniskais darba m\u016b\u017es bija velt\u012bts, taj\u0101 laik\u0101 jaun\u0101kajai ener\u0123\u0113tikas nozarei \u2013 kodolener\u0123\u0113tikai. Vi\u0146\u0161 to uzs\u0101ka kop\u0101 ar \u0161\u012bs nozares ra\u0161anos 20.gadsmta 50 gados.<\/p>\n<p>Salaspils zin\u0101tnisk\u0101 kodolreaktora b\u016bves laik\u0101 1959.gad\u0101 vi\u0146\u0161 k\u013cuva par t\u0101 galveno in\u017eenieri. P\u0113c sekm\u012bgas reaktora iedarbin\u0101\u0161anas 1961.gad\u0101 V.Gavars iek\u013c\u0101v\u0101s kodoltehnikas p\u0113tniec\u012bbas darbos un turpin\u0101ja vad\u012bt t\u0101 kolekt\u012bvu.<\/p>\n<p>Viena no ori\u0123in\u0101l\u0101kaj\u0101m kodolreaktora iek\u0101rt\u0101m, kuras l\u012bdzautors ir Valdis Gavars, bija Latvijas speci\u0101listu rad\u012btais radi\u0101cijas kont\u016brs \u2013 gamma staru avots, kas \u013c\u0101va iev\u0113rojami papla\u0161in\u0101t Salaspils reaktora izmanto\u0161anu. Rad\u0101s iesp\u0113ja lielos apm\u0113ros izmantot radio\u0137\u012bmisk\u0101s tehnolo\u0123ijas, t\u0101das k\u0101 polietil\u0113na polimeriz\u0101cija, polim\u0113rbetona izgatavo\u0161ana, materi\u0101lu steriliz\u0101cija un citas. Valda Gavara vad\u012bb\u0101 tika sast\u0101d\u012bts projekts r\u016bpnieciskas radi\u0101cijas \u0137\u012bmijas ra\u017eotnes izveido\u0161anai pie Ignalinas AES.<\/p>\n<p>Salaspil\u012b 1965.gad\u0101 tika uzb\u016bv\u0113ts ori\u0123in\u0101ls kritiskais stends (0-jaudas kodolreaktors), 1974.gad\u0101 piln\u012bb\u0101 rekonstru\u0113ts zin\u0101tniskais kodolreaktors ar jaudas palielin\u0101\u0161anu l\u012bdz 5000 kW. \u0160o darbu zin\u0101tniski tehniskais l\u012bdzautors bija Valdis Gavars.<\/p>\n<p>Valdis Gavars savas gar\u0101s profesion\u0101l\u0101s darb\u012bbas laik\u0101, uzman\u012bgi sekojis atomelektrostaciju izaugsmei un att\u012bst\u012bbai pasaul\u0113, to regul\u0101ri atspogu\u013cojis savos rakstos. Vienlaic\u012bgi izskaidrojis kodolreaktoru ekspluat\u0101cijas un uzb\u016bves \u012bpatn\u012bbas, kuras j\u0101iev\u0113ro \u0161aj\u0101 ener\u0123\u0113tikas nozar\u0113. P\u0113d\u0113jos gados piev\u0113rsies ener\u0123ijas ra\u017eo\u0161anas un pet\u0113ri\u0146a iesp\u0113jamajai sabalans\u0113t\u012bbai ar atomener\u0123ijas dro\u0161\u012bbas aspektiem.<\/p>\n<p>1986.gad\u0101 p\u0113c \u010cernobi\u013cas AES katastrofas V.Gavars bija viens no zn\u0101tnisk\u0101s un tehnisk\u0101s grupas vad\u012bt\u0101jiem, kura izstr\u0101d\u0101ja un realiz\u0113ja pas\u0101kumu pl\u0101nu un ieviesa dz\u012bv\u0113 proced\u016bras, kuras aizsarg\u0101ja Latvijas teritoriju un iedz\u012bvot\u0101jus no posto\u0161o av\u0101rijas seku ietekmes.<\/p>\n<p>P\u0113c Latvijas neatkar\u012bbas atjauno\u0161anas l\u012bdz 2017.gadam Valdis Gavars str\u0101d\u0101jis AS \u201cLatvenergo\u201d att\u012bst\u012bbas da\u013c\u0101 k\u0101 vado\u0161ais in\u017enieris. Latvijas zin\u0101tniekiem turpinot piedal\u012bties starptautiskos kodolsint\u0113zes un IV paaudzes kodolreaktoru projektos, Valdis Gavars tajos visos ir bijis konsultants. P\u0113c Latvijas pazi\u0146ojuma par l\u012bdzdal\u012bbu Visaginas AES celtniec\u012bb\u0101 Lietuv\u0101, Valdis Gavars sagatavojis un public\u0113jis 10 da\u017e\u0101dus rakstus par III paaudzes AES. Vi\u0146\u0161 vad\u012bjis daudzus semin\u0101rus, notur\u0113jis lekcijas, bijis bakalauru un ma\u0123istru darbu vad\u012bt\u0101js, lai papla\u0161in\u0101tu speci\u0101listu skaitu un to zin\u0101\u0161anas kodolener\u0123\u0113tik\u0101.<\/p>\n<p>V.Gavars public\u0113jis vair\u0101k nek\u0101 90 zin\u0101tniskos rakstus, ar\u012b starptautiski paz\u012bstamos \u017eurn\u0101los. Public\u0113jis ap 80 zin\u0101tniski popul\u0101ru, kodolener\u0123\u0113tiku aizst\u0101vo\u0161u un izskaidrojo\u0161u rakstu, taj\u0101 skait\u0101 tr\u012bs monogr\u0101fijas. Vi\u0146\u0161 ir 8 izgudrojumu un 7 patentu (Anglij\u0101, V\u0101cij\u0101, Francij\u0101, Kan\u0101d\u0101, ASV, Jap\u0101n\u0101, Ung\u0101rij\u0101) autors. P\u0113d\u0113jais darbs: monogr\u0101fija \u201eAtomelektrostacijas. Uzb\u016bve un att\u012bst\u012bbas tendences\u201d, Apg\u0101ds \u201eZin\u0101tne\u201d 2008., 206 lpp.<\/p>\n<p>\u0100rpus savas profesion\u0101l\u0101s darb\u012bbas kodolener\u0123\u0113tik\u0101, Valdis Gavars public\u0113jis vair\u0101kas v\u0113sturiski kontekstu\u0101las gr\u0101matas par noz\u012bm\u012bgu Latvijas cilv\u0113ku dz\u012bvi un darbu. P\u0113d\u0113jo 20 gadu laik\u0101, Valdis Gavars it sevi\u0161\u0137i piev\u0113rs\u0101s J\u016brmalas pils\u0113tas kult\u016brv\u0113sturei saist\u012bb\u0101 ar Rai\u0146a un Aspazijas dz\u012bvi. Public\u0113jis gr\u0101matu \u201eM\u016bsu priedes. Rainis un Aspazija Jaundubultos\u201d. V\u0101cot materi\u0101lus un p\u0113tot di\u017eo Latvijas dzejnieku dz\u012bvi J\u016brmal\u0101, akt\u012bvi darbojies J\u016brmalas Aizsardz\u012bbas biedr\u012bb\u0101. Iedvesmojis \u0123imeni \u0137erties pie Rai\u0146a un Aspazijas 1904.gad\u0101 celt\u0101s m\u0101jas, arhitekt\u016bras un kult\u016bras pieminek\u013ca atjauno\u0161anas un turpm\u0101k\u0101s j\u0113gpiln\u0101s izmanto\u0161anas.<br \/>Par savu ieguld\u012bjumu J\u016brmalas v\u0113sturiskaj\u0101 izp\u0113t\u0113 un atjauno\u0161an\u0101, Valdis Gavars 2019.gad\u0101 sa\u0146\u0113mis apbalvojumu \u2013 J\u016brmalas Goda Pilsonis.<br \/>Par savu m\u016b\u017ea ieguld\u012bjumu Latvijas zin\u0101tnes un ener\u0123\u0113tikas att\u012bst\u012bb\u0101 2020.gad\u0101 Valdis Gavars k\u013cuvis par Tr\u012bs Zvai\u0123\u017e\u0146u Orde\u0146a virsnieku.<\/p>\n<p>Lai Tev, T\u0113ti, m\u016b\u017e\u012bga pateic\u012bba, m\u012blest\u012bba un cie\u0146a! Lai gai\u0161s miers tavai Dv\u0113selei!\u201d<\/p>\n<p>T\u0113mas<\/p>\n<p>    SAIST\u012aTIE RAKSTI<\/p>\n","protected":false},"excerpt":{"rendered":"Foto. pexels.com\/Marta Nogueira 10:41, 14. janv\u0101ris 2026 Soci\u0101lajos t\u012bklos TV un radio person\u012bbas Baibas Sipenieces-Gavares v\u012brs Gatis Gavars&hellip;\n","protected":false},"author":2,"featured_media":43664,"comment_status":"","ping_status":"","sticky":false,"template":"","format":"standard","meta":{"footnotes":""},"categories":[5],"tags":[23,28,29,32,33,22,30,31,35,39,38,36,37,34,40,20,26,27,24,25,21],"class_list":{"0":"post-104236","1":"post","2":"type-post","3":"status-publish","4":"format-standard","5":"has-post-thumbnail","7":"category-aktualitates","8":"tag-aktualitates","9":"tag-breaking-news","10":"tag-breakingnews","11":"tag-featured-news","12":"tag-featurednews","13":"tag-headlines","14":"tag-latest-news","15":"tag-latestnews","16":"tag-latvia","17":"tag-latvian","18":"tag-latviesu","19":"tag-latviesu-valoda","20":"tag-latviesuvaloda","21":"tag-latvija","22":"tag-lv","23":"tag-news","24":"tag-popularakas-zinas","25":"tag-popularakaszinas","26":"tag-top-stories","27":"tag-topstories","28":"tag-zinas"},"share_on_mastodon":{"url":"https:\/\/pubeurope.com\/@lv\/115893220347975289","error":""},"_links":{"self":[{"href":"https:\/\/www.europesays.com\/lv\/wp-json\/wp\/v2\/posts\/104236","targetHints":{"allow":["GET"]}}],"collection":[{"href":"https:\/\/www.europesays.com\/lv\/wp-json\/wp\/v2\/posts"}],"about":[{"href":"https:\/\/www.europesays.com\/lv\/wp-json\/wp\/v2\/types\/post"}],"author":[{"embeddable":true,"href":"https:\/\/www.europesays.com\/lv\/wp-json\/wp\/v2\/users\/2"}],"replies":[{"embeddable":true,"href":"https:\/\/www.europesays.com\/lv\/wp-json\/wp\/v2\/comments?post=104236"}],"version-history":[{"count":0,"href":"https:\/\/www.europesays.com\/lv\/wp-json\/wp\/v2\/posts\/104236\/revisions"}],"wp:featuredmedia":[{"embeddable":true,"href":"https:\/\/www.europesays.com\/lv\/wp-json\/wp\/v2\/media\/43664"}],"wp:attachment":[{"href":"https:\/\/www.europesays.com\/lv\/wp-json\/wp\/v2\/media?parent=104236"}],"wp:term":[{"taxonomy":"category","embeddable":true,"href":"https:\/\/www.europesays.com\/lv\/wp-json\/wp\/v2\/categories?post=104236"},{"taxonomy":"post_tag","embeddable":true,"href":"https:\/\/www.europesays.com\/lv\/wp-json\/wp\/v2\/tags?post=104236"}],"curies":[{"name":"wp","href":"https:\/\/api.w.org\/{rel}","templated":true}]}}