{"id":104241,"date":"2026-01-14T11:32:07","date_gmt":"2026-01-14T11:32:07","guid":{"rendered":"https:\/\/www.europesays.com\/lv\/104241\/"},"modified":"2026-01-14T11:32:07","modified_gmt":"2026-01-14T11:32:07","slug":"lietuvas-amatpersona-bridina-par-krievijas-propagandistu-iesaisti-diskusijas-par-planoto-macibu-poligonu-kapcamiesta","status":"publish","type":"post","link":"https:\/\/www.europesays.com\/lv\/104241\/","title":{"rendered":"Lietuvas amatpersona br\u012bdina par Krievijas propagandistu iesaisti diskusij\u0101s par pl\u0101noto m\u0101c\u012bbu poligonu Kap\u010damiest\u0101"},"content":{"rendered":"<p>T\u0101di pl\u0101ni ir izrais\u012bju\u0161i sa\u0161utumu viet\u0113jo iedz\u012bvot\u0101ju vid\u016b. Pag\u0101ju\u0161aj\u0101 ned\u0113\u013c\u0101, Aizsardz\u012bbas ministrijas vad\u012bbai un armijas komandieriem tiekoties ar iedz\u012bvot\u0101jiem, armijas p\u0101rst\u0101vji tika saukti par &#8220;p\u0113rkamiem&#8221;, un vi\u0146iem tika ironiski jaut\u0101ts, k\u0101 armija c\u012bn\u012bsies, ja nesp\u0113j aizsarg\u0101ties pret kontrabandas baloniem, kas \u0161\u0137\u0113rso robe\u017eu no Baltkrievijas. Iedz\u012bvot\u0101ji pauda ba\u017eas par to \u012bpa\u0161umu nov\u0113rt\u0113jumu, kurus valsts pl\u0101no ieg\u0101d\u0101ties, un par n\u0101kotnes kait\u0113jumu dabai &#8211; me\u017eiem un dz\u012bvniekiem -, argument\u0113jot, ka nav iesp\u0113jams noteikt cenu vi\u0146u dzimt\u0101s zemes v\u0113rt\u012bbai.<\/p>\n<p>Aizsardz\u012bbas ministrija nor\u0101d\u012bja, ka gal\u012bgais l\u0113mums par m\u0101c\u012bbu poligona izveidi tiks pie\u0146emts tikai p\u0113c iedz\u012bvot\u0101ju viedok\u013cu uzklaus\u012b\u0161anas. Valsts aizsardz\u012bbas padome atk\u0101rtoti izskat\u012bs jaut\u0101jumu par m\u0101c\u012bbu poligona izveidi, un gal\u012bgais l\u0113mums par Kap\u010damiesta m\u0101c\u012bbu poligona izveidi tiks pie\u0146emts Seim\u0101 \u0161\u0101 gada pavasar\u012b.<\/p>\n<p>Prezidents Gitans Naus\u0113da \u0161oned\u0113\u013c dosies uz Kap\u010damiestu, lai tiktos ar iedz\u012bvot\u0101jiem.<\/p>\n<p>Kap\u010damiesta m\u0101c\u012bbu poligona plat\u012bba b\u016btu aptuveni 14 600 hekt\u0101ru. Pa\u0161laik \u0161aj\u0101 teritorij\u0101 atrodas gandr\u012bz 2000 priv\u0101tu zemes gabalu, no kuriem liel\u0101k\u0101 da\u013ca ir me\u017ea zeme.<\/p>\n<p>\u0160is m\u0101c\u012bbu poligons tiktu izmantots Lietuvas armijas un NATO sabiedroto m\u0101c\u012bb\u0101m, un taj\u0101 vienlaikus var\u0113tu uz\u0146emt 3500-4000 karav\u012bru. Liel\u0101kas m\u0101c\u012bbas poligon\u0101 notiktu aptuveni piecas reizes gad\u0101 un ilgtu l\u012bdz desmit dien\u0101m, bet maz\u0101kas m\u0101c\u012bbas notiktu regul\u0101ri.<\/p>\n","protected":false},"excerpt":{"rendered":"T\u0101di pl\u0101ni ir izrais\u012bju\u0161i sa\u0161utumu viet\u0113jo iedz\u012bvot\u0101ju vid\u016b. Pag\u0101ju\u0161aj\u0101 ned\u0113\u013c\u0101, Aizsardz\u012bbas ministrijas vad\u012bbai un armijas komandieriem tiekoties ar&hellip;\n","protected":false},"author":2,"featured_media":104242,"comment_status":"","ping_status":"","sticky":false,"template":"","format":"standard","meta":{"footnotes":""},"categories":[14],"tags":[23,57,28,29,32,33,22,30,31,35,39,38,36,37,34,1464,40,20,72,26,27,24,25,54,55,56,21,58],"class_list":{"0":"post-104241","1":"post","2":"type-post","3":"status-publish","4":"format-standard","5":"has-post-thumbnail","7":"category-zinas-no-arvalstim","8":"tag-aktualitates","9":"tag-arvalstim","10":"tag-breaking-news","11":"tag-breakingnews","12":"tag-featured-news","13":"tag-featurednews","14":"tag-headlines","15":"tag-latest-news","16":"tag-latestnews","17":"tag-latvia","18":"tag-latvian","19":"tag-latviesu","20":"tag-latviesu-valoda","21":"tag-latviesuvaloda","22":"tag-latvija","23":"tag-lietuva","24":"tag-lv","25":"tag-news","26":"tag-polija","27":"tag-popularakas-zinas","28":"tag-popularakaszinas","29":"tag-top-stories","30":"tag-topstories","31":"tag-world","32":"tag-world-news","33":"tag-worldnews","34":"tag-zinas","35":"tag-zinas-no-arvalstim"},"share_on_mastodon":{"url":"https:\/\/pubeurope.com\/@lv\/115893236166368325","error":""},"_links":{"self":[{"href":"https:\/\/www.europesays.com\/lv\/wp-json\/wp\/v2\/posts\/104241","targetHints":{"allow":["GET"]}}],"collection":[{"href":"https:\/\/www.europesays.com\/lv\/wp-json\/wp\/v2\/posts"}],"about":[{"href":"https:\/\/www.europesays.com\/lv\/wp-json\/wp\/v2\/types\/post"}],"author":[{"embeddable":true,"href":"https:\/\/www.europesays.com\/lv\/wp-json\/wp\/v2\/users\/2"}],"replies":[{"embeddable":true,"href":"https:\/\/www.europesays.com\/lv\/wp-json\/wp\/v2\/comments?post=104241"}],"version-history":[{"count":0,"href":"https:\/\/www.europesays.com\/lv\/wp-json\/wp\/v2\/posts\/104241\/revisions"}],"wp:featuredmedia":[{"embeddable":true,"href":"https:\/\/www.europesays.com\/lv\/wp-json\/wp\/v2\/media\/104242"}],"wp:attachment":[{"href":"https:\/\/www.europesays.com\/lv\/wp-json\/wp\/v2\/media?parent=104241"}],"wp:term":[{"taxonomy":"category","embeddable":true,"href":"https:\/\/www.europesays.com\/lv\/wp-json\/wp\/v2\/categories?post=104241"},{"taxonomy":"post_tag","embeddable":true,"href":"https:\/\/www.europesays.com\/lv\/wp-json\/wp\/v2\/tags?post=104241"}],"curies":[{"name":"wp","href":"https:\/\/api.w.org\/{rel}","templated":true}]}}