{"id":104245,"date":"2026-01-14T11:34:09","date_gmt":"2026-01-14T11:34:09","guid":{"rendered":"https:\/\/www.europesays.com\/lv\/104245\/"},"modified":"2026-01-14T11:34:09","modified_gmt":"2026-01-14T11:34:09","slug":"lozberam-klume-sautuve-liedz-pjedestalu-starptautiska-junioru-biatlona-sprinta-madona-raksts","status":"publish","type":"post","link":"https:\/\/www.europesays.com\/lv\/104245\/","title":{"rendered":"Lozberam k\u013c\u016bme \u0161autuv\u0113 liedz pjedest\u0101lu starptautisk\u0101 junioru biatlona sprint\u0101 Madon\u0101 \/ Raksts"},"content":{"rendered":"<p>\n                        \u0160odien, 11:42                    <\/p>\n<p>\n                            Papildin\u0101ts \u0161odien, 13:15                        <\/p>\n<p>Latvijas olimpisk\u0101s izlases dal\u012bbnieks Rihards Lozbers tre\u0161dien izc\u012bn\u012bja 5.\u00a0vietu 10 kilometru sprint\u0101 Starptautisk\u0101s Biatlona savien\u012bbas (IBU) junioru kausa posm\u0101, kas risin\u0101s Madonas novad\u0101 &#8220;Smeceres sil\u0101&#8221;. P\u0113c neveiksm\u012bgas epizodes \u0161autuv\u0113 Lozbers tr\u012bsreiz k\u013c\u016bd\u012bj\u0101s, kas vi\u0146am liedza izredzes aizsniegties l\u012bdz godalgai.\u00a0<\/p>\n<p>(papildin\u0101ts ar Riharda Lozbera teikto)<br \/>Lozbers \u0161au\u0161an\u0101 gu\u013cus nek\u013c\u016bd\u012bj\u0101s ne reizi, bet otraj\u0101 ugunsl\u012bnij\u0101 st\u0101vus atst\u0101ja tr\u012bs nesa\u0161autus m\u0113r\u0137us, un sl\u0113potie soda ap\u013ci atvirz\u012bja vi\u0146u t\u0101l\u0101k rezult\u0101tu tabul\u0101. Otraj\u0101 \u0161autuv\u0113 aptvere p\u0113c iel\u0101d\u0113\u0161anas izkrita snieg\u0101, un tas ietekm\u0113ja rezult\u0101tu, sarun\u0101 ar Latvijas Telev\u012bziju past\u0101st\u012bja Lozbers.\u00a0<\/p>\n<p>&#8220;Bi\u0161\u0137i\u0146 t\u0101da nervoza situ\u0101cija un zaud\u0113ts laiks,&#8221; k\u013c\u016bm\u012bgo pav\u0113rsienu \u0161autuv\u0113 raksturoja Lozbers.\u00a0&#8220;T\u0101da nervozit\u0101te uzn\u0101ca virs\u016b &#8211; nezin\u0101ju, vai.. es dr\u012bkst\u0113ju laikam vi\u0146u [aptveri] \u0146emt. Situ\u0101cija tur san\u0101ca stulba\u00a0bi\u0161\u0137i\u0146.&#8221;<\/p>\n<p>Lozbers p\u0113c treni\u0146iem j\u016btas lab\u0101 form\u0101, lai ar\u012b k\u0101du laiku nebija start\u0113jis sacens\u012bb\u0101s. Vi\u0146\u0161 paskaidroja, ka gu\u013cus \u0161au\u0161an\u0101 viss bija k\u0101rt\u012bb\u0101, bet st\u0101vus \u0161au\u0161ana v\u0113l mazliet j\u0101salabo un j\u0101gatavojas n\u0101kamaj\u0101m div\u0101m sacens\u012bb\u0101m, kas gaida jau pavisam dr\u012bz.\u00a0<\/p>\n<p>&#8220;V\u0113l nedaudz j\u0101ieskrienas, lai ir p\u012b\u0137a forma, bet ir diezgan labi. Ir patren\u0113ts k\u0101du laici\u0146u, un nav skrieti ma\u010di,&#8221; teica Lozbers. &#8220;Koncentr\u0113jos tiek ma\u010diem, kas ir tagad. Kad b\u016bs olimpi\u0101de, tad ar\u012b dom\u0101s par to.&#8221;<\/p>\n<p>Uzvar\u0113ja perfekti \u0161\u0101vu\u0161ais 20 gadu vecais austrietis Tomass Marhls, kam Lozbers 78 dal\u012bbnieku konkurenc\u0113 zaud\u0113ja 58,6 sekundes. No laure\u0101tu trijnieka Lozberu \u0161\u0137\u012bra 10,8 sekundes.\u00a0<\/p>\n<p class=\"note__heading\">Nepalaid gar\u0101m svar\u012bgo sport\u0101!<\/p>\n<p>                <img decoding=\"async\" src=\"https:\/\/www.europesays.com\/lv\/wp-content\/uploads\/2025\/10\/1761676629_620_6807733971a3b.png\" alt=\"Nepalaid gar\u0101m svar\u012bgo sport\u0101!\"\/><\/p>\n<p><a href=\"https:\/\/www.lsm.lv\/wa-sports\" rel=\"nofollow noopener\" target=\"_blank\">Spied \u0161eit<\/a> vai sken\u0113 kvadr\u0101tkodu un pievienojies LSM Sporta &#8220;WhatsApp&#8221; kan\u0101lam.<\/p>\n<p>Un neaizmirsti iesl\u0113gt pazi\u0146ojumus (\ud83d\udd14zvani\u0146a poga)! Svar\u012bg\u0101k\u0101s sporta aktualit\u0101tes, tie\u0161raides un anal\u012bze vienuviet.<\/p>\n<p>P\u0113c otr\u0101s \u0161autuves rezult\u0101tu tabul\u0101 priek\u0161\u0101 Lozberam bija Mat\u012bss Meir\u0101ns, kur\u0161 sl\u0113po\u0161an\u0101 gan nebija tik \u0101trs un p\u0113c div\u0101m k\u013c\u016bd\u0101m ugunsl\u012bnij\u0101s fini\u0161\u0113ja 7.\u00a0viet\u0101.\u00a0<\/p>\n<p>Aiz\u00a0TOP20\u00a0ierindoj\u0101s v\u0113l pieci Latvijas juniori \u2013 Adrians M\u0101ris \u0160\u0146ori\u0146\u0161 (24.\u00a0viet\u0101),\u00a0R\u016bdolfs Raudzi\u0146\u0161 (37.), Kristi\u0101ns K\u0101rlsbergs (38.),\u00a0Daniels Koda\u013cevs (43.) un\u00a0Ernests Solovjovs (54.).\u00a0<\/p>\n<p>V\u0113l\u0101k tre\u0161dien 7,5 kilometru sprint\u0101 start\u0113s juniores, un dal\u012bbnie\u010du vid\u016b b\u016bs augstv\u0113rt\u012bgus rezult\u0101tus pieaugu\u0161o konkurenc\u0113 \u0161osezon Pasaules kaus\u0101 sasniegus\u012b Estere Volfa.<\/p>\n<p>Lozbers un Volfa ir iek\u013cauti Latvijas biatlona izlases sast\u0101v\u0101, kas febru\u0101r\u012b piedal\u012bsies Mil\u0101nas\u2013Kort\u012bnas ziemas olimpiskaj\u0101s sp\u0113l\u0113s.<\/p>\n<p>IBU junioru kausa posm\u0101 Madonas pus\u0113 ir pulc\u0113ju\u0161ies 18 valstu jaunie biatlonisti, kam v\u0113l vienas sacens\u012bbas sprint\u0101 b\u016bs piektdien, bet sestdien lab\u0101kos noteiks distanc\u0113 ar kop\u0113ju startu.\u00a0<\/p>\n<p>                    Valodas k\u013c\u016bda rakst\u0101?<\/p>\n<p class=\"d-none d-md-block\">Iez\u012bm\u0113jiet tekstu un spiediet Ctrl+Enter, lai nos\u016bt\u012btu labojamo teksta fragmentu redaktoram! Par faktu k\u013c\u016bd\u0101m l\u016bdzam zi\u0146ot e-past\u0101 <a href=\"https:\/\/www.lsm.lv\/cdn-cgi\/l\/email-protection\" class=\"__cf_email__\" data-cfemail=\"cebcabaaafa5ada7a4af8ea2bda3e0a2b8\" rel=\"nofollow noopener\" target=\"_blank\">[email\u00a0protected]<\/a>.<\/p>\n<p class=\"d-md-none\">Iez\u012bm\u0113jiet tekstu un spiediet uz Zi\u0146ot par k\u013c\u016bdu pogas, lai nos\u016bt\u012btu labojamo teksta fragmentu redaktoram!<\/p>\n<p>\n                    Zi\u0146ot par k\u013c\u016bdu\n                <\/p>\n","protected":false},"excerpt":{"rendered":"\u0160odien, 11:42 Papildin\u0101ts \u0161odien, 13:15 Latvijas olimpisk\u0101s izlases dal\u012bbnieks Rihards Lozbers tre\u0161dien izc\u012bn\u012bja 5.\u00a0vietu 10 kilometru sprint\u0101 Starptautisk\u0101s&hellip;\n","protected":false},"author":2,"featured_media":104246,"comment_status":"","ping_status":"","sticky":false,"template":"","format":"standard","meta":{"footnotes":""},"categories":[5],"tags":[23,28,29,32,33,22,30,31,35,39,38,36,37,34,40,20,26,27,24,25,21],"class_list":{"0":"post-104245","1":"post","2":"type-post","3":"status-publish","4":"format-standard","5":"has-post-thumbnail","7":"category-aktualitates","8":"tag-aktualitates","9":"tag-breaking-news","10":"tag-breakingnews","11":"tag-featured-news","12":"tag-featurednews","13":"tag-headlines","14":"tag-latest-news","15":"tag-latestnews","16":"tag-latvia","17":"tag-latvian","18":"tag-latviesu","19":"tag-latviesu-valoda","20":"tag-latviesuvaloda","21":"tag-latvija","22":"tag-lv","23":"tag-news","24":"tag-popularakas-zinas","25":"tag-popularakaszinas","26":"tag-top-stories","27":"tag-topstories","28":"tag-zinas"},"share_on_mastodon":{"url":"https:\/\/pubeurope.com\/@lv\/115893243992646807","error":""},"_links":{"self":[{"href":"https:\/\/www.europesays.com\/lv\/wp-json\/wp\/v2\/posts\/104245","targetHints":{"allow":["GET"]}}],"collection":[{"href":"https:\/\/www.europesays.com\/lv\/wp-json\/wp\/v2\/posts"}],"about":[{"href":"https:\/\/www.europesays.com\/lv\/wp-json\/wp\/v2\/types\/post"}],"author":[{"embeddable":true,"href":"https:\/\/www.europesays.com\/lv\/wp-json\/wp\/v2\/users\/2"}],"replies":[{"embeddable":true,"href":"https:\/\/www.europesays.com\/lv\/wp-json\/wp\/v2\/comments?post=104245"}],"version-history":[{"count":0,"href":"https:\/\/www.europesays.com\/lv\/wp-json\/wp\/v2\/posts\/104245\/revisions"}],"wp:featuredmedia":[{"embeddable":true,"href":"https:\/\/www.europesays.com\/lv\/wp-json\/wp\/v2\/media\/104246"}],"wp:attachment":[{"href":"https:\/\/www.europesays.com\/lv\/wp-json\/wp\/v2\/media?parent=104245"}],"wp:term":[{"taxonomy":"category","embeddable":true,"href":"https:\/\/www.europesays.com\/lv\/wp-json\/wp\/v2\/categories?post=104245"},{"taxonomy":"post_tag","embeddable":true,"href":"https:\/\/www.europesays.com\/lv\/wp-json\/wp\/v2\/tags?post=104245"}],"curies":[{"name":"wp","href":"https:\/\/api.w.org\/{rel}","templated":true}]}}