{"id":104251,"date":"2026-01-14T11:38:07","date_gmt":"2026-01-14T11:38:07","guid":{"rendered":"https:\/\/www.europesays.com\/lv\/104251\/"},"modified":"2026-01-14T11:38:07","modified_gmt":"2026-01-14T11:38:07","slug":"par-uzbrukumu-autovaditajam-aizturets-aktieris-kifers-saterlends","status":"publish","type":"post","link":"https:\/\/www.europesays.com\/lv\/104251\/","title":{"rendered":"Par uzbrukumu autovad\u012bt\u0101jam aiztur\u0113ts aktieris K\u012bfers Saterlends"},"content":{"rendered":"<p>Seri\u0101la &#8220;24&#8221; galven\u0101s lomas atveidot\u0101js aiztur\u0113ts p\u0113c tam, kad \u012bsi p\u0113c pusnakts policisti atsauc\u0101s uz izsaukumu Holivud\u0101.<\/p>\n<p>&#8220;Izmekl\u0113\u0161an\u0101 tika noskaidrots, ka aizdom\u0101s turamais, kas v\u0113l\u0101k tika identific\u0113ts k\u0101 K\u012bfers Saterlends, iek\u013cuva kopbrauk\u0161anas transportl\u012bdzekl\u012b, fiziski uzbruka vad\u012bt\u0101jam (cietu\u0161ajam) un izteica noziedz\u012bgus draudus cietu\u0161ajam,&#8221; teikts policijas pazi\u0146ojum\u0101.<\/p>\n<p>P\u0113c da\u017e\u0101m stund\u0101m 59 gadus vecais <a href=\"https:\/\/www.apollo.lv\/term\/574521\/aktieris\" class=\"topicLink\" target=\"_blank\" rel=\"nofollow noopener\">aktieris<\/a> tika atbr\u012bvots, iemaks\u0101jot 50 000 dol\u0101ru dro\u0161\u012bbas naudu, pazi\u0146oja ties\u012bbsarg\u0101jo\u0161\u0101s iest\u0101des.<\/p>\n<p>Policija pazi\u0146oja, ka autovad\u012bt\u0101js nav guvis ievainojumus, kam b\u016btu nepiecie\u0161ama medic\u012bnisk\u0101 pal\u012bdz\u012bba.<\/p>\n<p>Saterlends paz\u012bstams ar lom\u0101m seri\u0101l\u0101 &#8220;24&#8221;, film\u0101s &#8220;The Lost Boys&#8221; (&#8220;Pazudu\u0161ie z\u0113ni&#8221;), &#8220;Stand By Me&#8221; (&#8220;Paliec pie manis&#8221;) un &#8220;The Three Musketeers&#8221; (&#8220;Tr\u012bs musketieri&#8221;).<\/p>\n<p>K\u012bfers Saterlends ir 2024. gad\u0101 m\u016b\u017e\u012bb\u0101 aizg\u0101ju\u0161\u0101 aktiera Donalda Saterlenda d\u0113ls.<\/p>\n","protected":false},"excerpt":{"rendered":"Seri\u0101la &#8220;24&#8221; galven\u0101s lomas atveidot\u0101js aiztur\u0113ts p\u0113c tam, kad \u012bsi p\u0113c pusnakts policisti atsauc\u0101s uz izsaukumu Holivud\u0101. &#8220;Izmekl\u0113\u0161an\u0101&hellip;\n","protected":false},"author":2,"featured_media":104075,"comment_status":"","ping_status":"","sticky":false,"template":"","format":"standard","meta":{"footnotes":""},"categories":[14],"tags":[11675,1267,23,57,28,29,32,33,22,1105,30,31,35,39,38,36,37,34,40,20,26,27,24,25,54,55,56,21,58],"class_list":{"0":"post-104251","1":"post","2":"type-post","3":"status-publish","4":"format-standard","5":"has-post-thumbnail","7":"category-zinas-no-arvalstim","8":"tag-aktieri","9":"tag-aktieris","10":"tag-aktualitates","11":"tag-arvalstim","12":"tag-breaking-news","13":"tag-breakingnews","14":"tag-featured-news","15":"tag-featurednews","16":"tag-headlines","17":"tag-holivuda","18":"tag-latest-news","19":"tag-latestnews","20":"tag-latvia","21":"tag-latvian","22":"tag-latviesu","23":"tag-latviesu-valoda","24":"tag-latviesuvaloda","25":"tag-latvija","26":"tag-lv","27":"tag-news","28":"tag-popularakas-zinas","29":"tag-popularakaszinas","30":"tag-top-stories","31":"tag-topstories","32":"tag-world","33":"tag-world-news","34":"tag-worldnews","35":"tag-zinas","36":"tag-zinas-no-arvalstim"},"share_on_mastodon":{"url":"https:\/\/pubeurope.com\/@lv\/115893259606944495","error":""},"_links":{"self":[{"href":"https:\/\/www.europesays.com\/lv\/wp-json\/wp\/v2\/posts\/104251","targetHints":{"allow":["GET"]}}],"collection":[{"href":"https:\/\/www.europesays.com\/lv\/wp-json\/wp\/v2\/posts"}],"about":[{"href":"https:\/\/www.europesays.com\/lv\/wp-json\/wp\/v2\/types\/post"}],"author":[{"embeddable":true,"href":"https:\/\/www.europesays.com\/lv\/wp-json\/wp\/v2\/users\/2"}],"replies":[{"embeddable":true,"href":"https:\/\/www.europesays.com\/lv\/wp-json\/wp\/v2\/comments?post=104251"}],"version-history":[{"count":0,"href":"https:\/\/www.europesays.com\/lv\/wp-json\/wp\/v2\/posts\/104251\/revisions"}],"wp:featuredmedia":[{"embeddable":true,"href":"https:\/\/www.europesays.com\/lv\/wp-json\/wp\/v2\/media\/104075"}],"wp:attachment":[{"href":"https:\/\/www.europesays.com\/lv\/wp-json\/wp\/v2\/media?parent=104251"}],"wp:term":[{"taxonomy":"category","embeddable":true,"href":"https:\/\/www.europesays.com\/lv\/wp-json\/wp\/v2\/categories?post=104251"},{"taxonomy":"post_tag","embeddable":true,"href":"https:\/\/www.europesays.com\/lv\/wp-json\/wp\/v2\/tags?post=104251"}],"curies":[{"name":"wp","href":"https:\/\/api.w.org\/{rel}","templated":true}]}}