{"id":104252,"date":"2026-01-14T11:40:06","date_gmt":"2026-01-14T11:40:06","guid":{"rendered":"https:\/\/www.europesays.com\/lv\/104252\/"},"modified":"2026-01-14T11:40:06","modified_gmt":"2026-01-14T11:40:06","slug":"danija-stiprinas-militaro-klatbutni-grenlande-diena","status":"publish","type":"post","link":"https:\/\/www.europesays.com\/lv\/104252\/","title":{"rendered":"D\u0101nija stiprin\u0101s milit\u0101ro kl\u0101tb\u016btni Grenland\u0113 \/ Diena"},"content":{"rendered":"<p>&#8220;M\u0113s turpin\u0101sim stiprin\u0101t savu milit\u0101ro kl\u0101tb\u016btni Grenland\u0113, bet m\u0113s ar\u012b v\u0113l vair\u0101k koncentr\u0113simies NATO ietvaros uz to, lai r\u012bkotu vair\u0101k m\u0101c\u012bbu, un uz liel\u0101ku NATO kl\u0101tb\u016btni Arktik\u0101,&#8221; pazi\u0146ojum\u0101 apliecin\u0101ja ministrs.<\/p>\n<p>&#13;<br \/>\n&#13;<\/p>\n<p>D\u0101nija &#8220;turpina dialogu ar saviem sabiedrotajiem par jaun\u0101m un pastiprin\u0101t\u0101m darb\u012bb\u0101m 2026. gad\u0101&#8221;, piebilda ministrs.<\/p>\n<p>&#13;<br \/>\n&#13;<\/p>\n<blockquote><p>&#13;<\/p>\n<p>ASV prezidents Donalds Tramps un Balt\u0101 nama p\u0101rst\u0101vji vair\u0101kk\u0101rt paudu\u0161i, ka Grenlandei b\u016btu j\u0101b\u016bt ASV sast\u0101v\u0101, neizsl\u0113dzot iesp\u0113ju, ka \u0161\u012b m\u0113r\u0137a sasnieg\u0161anai var tikt pielietots milit\u0101rs sp\u0113ks.<\/p>\n<p>&#13;\n<\/p><\/blockquote>\n<p>&#13;<br \/>\n&#13;<\/p>\n<p>ASV ar\u012b p\u0101rmet D\u0101nijai, ka t\u0101 Grenlandes aizsardz\u012bbu pametusi nov\u0101rt\u0101.<\/p>\n<p>&#13;<br \/>\n&#13;<\/p>\n<p>\u0160odien Baltaj\u0101 nam\u0101 gaid\u0101mas ASV un D\u0101nijas amatpersonu sarunas par Grenlandes jaut\u0101jumu.<\/p>\n<p>&#13;<\/p>\n","protected":false},"excerpt":{"rendered":"&#8220;M\u0113s turpin\u0101sim stiprin\u0101t savu milit\u0101ro kl\u0101tb\u016btni Grenland\u0113, bet m\u0113s ar\u012b v\u0113l vair\u0101k koncentr\u0113simies NATO ietvaros uz to, lai&hellip;\n","protected":false},"author":2,"featured_media":104253,"comment_status":"","ping_status":"","sticky":false,"template":"","format":"standard","meta":{"footnotes":""},"categories":[5],"tags":[23,28,29,32,33,22,30,31,35,39,38,36,37,34,40,20,26,27,24,25,21],"class_list":{"0":"post-104252","1":"post","2":"type-post","3":"status-publish","4":"format-standard","5":"has-post-thumbnail","7":"category-aktualitates","8":"tag-aktualitates","9":"tag-breaking-news","10":"tag-breakingnews","11":"tag-featured-news","12":"tag-featurednews","13":"tag-headlines","14":"tag-latest-news","15":"tag-latestnews","16":"tag-latvia","17":"tag-latvian","18":"tag-latviesu","19":"tag-latviesu-valoda","20":"tag-latviesuvaloda","21":"tag-latvija","22":"tag-lv","23":"tag-news","24":"tag-popularakas-zinas","25":"tag-popularakaszinas","26":"tag-top-stories","27":"tag-topstories","28":"tag-zinas"},"share_on_mastodon":{"url":"https:\/\/pubeurope.com\/@lv\/115893267465200421","error":""},"_links":{"self":[{"href":"https:\/\/www.europesays.com\/lv\/wp-json\/wp\/v2\/posts\/104252","targetHints":{"allow":["GET"]}}],"collection":[{"href":"https:\/\/www.europesays.com\/lv\/wp-json\/wp\/v2\/posts"}],"about":[{"href":"https:\/\/www.europesays.com\/lv\/wp-json\/wp\/v2\/types\/post"}],"author":[{"embeddable":true,"href":"https:\/\/www.europesays.com\/lv\/wp-json\/wp\/v2\/users\/2"}],"replies":[{"embeddable":true,"href":"https:\/\/www.europesays.com\/lv\/wp-json\/wp\/v2\/comments?post=104252"}],"version-history":[{"count":0,"href":"https:\/\/www.europesays.com\/lv\/wp-json\/wp\/v2\/posts\/104252\/revisions"}],"wp:featuredmedia":[{"embeddable":true,"href":"https:\/\/www.europesays.com\/lv\/wp-json\/wp\/v2\/media\/104253"}],"wp:attachment":[{"href":"https:\/\/www.europesays.com\/lv\/wp-json\/wp\/v2\/media?parent=104252"}],"wp:term":[{"taxonomy":"category","embeddable":true,"href":"https:\/\/www.europesays.com\/lv\/wp-json\/wp\/v2\/categories?post=104252"},{"taxonomy":"post_tag","embeddable":true,"href":"https:\/\/www.europesays.com\/lv\/wp-json\/wp\/v2\/tags?post=104252"}],"curies":[{"name":"wp","href":"https:\/\/api.w.org\/{rel}","templated":true}]}}