{"id":104254,"date":"2026-01-14T11:44:11","date_gmt":"2026-01-14T11:44:11","guid":{"rendered":"https:\/\/www.europesays.com\/lv\/104254\/"},"modified":"2026-01-14T11:44:11","modified_gmt":"2026-01-14T11:44:11","slug":"polija-sieviete-dzemde-bernu-alkohola-reibuma-draud-cietumsods","status":"publish","type":"post","link":"https:\/\/www.europesays.com\/lv\/104254\/","title":{"rendered":"Polij\u0101 sieviete dzemd\u0113 b\u0113rnu alkohola reibum\u0101: draud cietumsods"},"content":{"rendered":"<p class=\"descr\">Polijas ties\u012bbsarg\u0101jo\u0161\u0101s iest\u0101des ir s\u0101ku\u0161as izmekl\u0113\u0161anu p\u0113c tam, kad sieviete alkohola reibum\u0101 dzemd\u0113ja b\u0113rnu ar dz\u012bv\u012bbai b\u012bstamu alkohola l\u012bmeni asin\u012bs.<\/p>\n<p>8. janv\u0101r\u012b Toma\u0161ov\u0101 Lubelsk\u0101, Lublinas vojevodist\u0113, slimn\u012bc\u0101 tika ievietota 38 gadus veca sieviete ar alkohola l\u012bmeni asin\u012bs 3 promiles. Viet\u0113jie mediji zi\u0146o, ka sieviete bija 36. gr\u016btniec\u012bbas ned\u0113\u013c\u0101, un vi\u0146as partneris izsauca neatliekamo medic\u012bnisko pal\u012bdz\u012bbu.<\/p>\n<p>Saska\u0146\u0101 ar Polijas Preses a\u0123ent\u016bras (PAP) sniegto inform\u0101ciju \u0101rsti nol\u0113ma veikt \u0137eizargriezienu, jo nedzimu\u0161\u0101 b\u0113rna dz\u012bv\u012bba un vesel\u012bba bija nopietni apdraud\u0113ta. Asins anal\u012bzes uzr\u0101d\u012bja, ka jaundzimu\u0161\u0101 alkohola l\u012bmenis asin\u012bs bija 1,5 promiles.<\/p>\n<p>M\u0101te joproj\u0101m atrodas slimn\u012bc\u0101, un b\u0113rna st\u0101voklis ir stabils. Ja sievietei tiks izvirz\u012bta aps\u016bdz\u012bba par smagu miesas boj\u0101jumu nodar\u012b\u0161anu b\u0113rnam un vi\u0146a tiks atz\u012bta par vain\u012bgu, vi\u0146ai draud cietumsods l\u012bdz pieciem gadiem.<\/p>\n<p>\t\t\t\t\t\tinfo<\/p>\n<p>Uzzini pirmais<br \/>kas interesants noticis Latvij\u0101 un pasaul\u0113,<br \/>pievienojoties mums <a href=\"https:\/\/t.me\/neatkariga\" rel=\"nofollow\">Telegram<\/a> vai <a href=\"https:\/\/whatsapp.com\/channel\/0029VaMLFUH5K3zLU5s4wm3y\" rel=\"nofollow noopener\" target=\"_blank\">Whatsapp<\/a> kan\u0101l\u0101<\/p>\n","protected":false},"excerpt":{"rendered":"Polijas ties\u012bbsarg\u0101jo\u0161\u0101s iest\u0101des ir s\u0101ku\u0161as izmekl\u0113\u0161anu p\u0113c tam, kad sieviete alkohola reibum\u0101 dzemd\u0113ja b\u0113rnu ar dz\u012bv\u012bbai b\u012bstamu alkohola&hellip;\n","protected":false},"author":2,"featured_media":104255,"comment_status":"","ping_status":"","sticky":false,"template":"","format":"standard","meta":{"footnotes":""},"categories":[14],"tags":[23,57,28,29,32,33,22,30,31,35,39,38,36,37,34,40,20,26,27,24,25,54,55,56,21,58],"class_list":{"0":"post-104254","1":"post","2":"type-post","3":"status-publish","4":"format-standard","5":"has-post-thumbnail","7":"category-zinas-no-arvalstim","8":"tag-aktualitates","9":"tag-arvalstim","10":"tag-breaking-news","11":"tag-breakingnews","12":"tag-featured-news","13":"tag-featurednews","14":"tag-headlines","15":"tag-latest-news","16":"tag-latestnews","17":"tag-latvia","18":"tag-latvian","19":"tag-latviesu","20":"tag-latviesu-valoda","21":"tag-latviesuvaloda","22":"tag-latvija","23":"tag-lv","24":"tag-news","25":"tag-popularakas-zinas","26":"tag-popularakaszinas","27":"tag-top-stories","28":"tag-topstories","29":"tag-world","30":"tag-world-news","31":"tag-worldnews","32":"tag-zinas","33":"tag-zinas-no-arvalstim"},"share_on_mastodon":{"url":"https:\/\/pubeurope.com\/@lv\/115893283207050643","error":""},"_links":{"self":[{"href":"https:\/\/www.europesays.com\/lv\/wp-json\/wp\/v2\/posts\/104254","targetHints":{"allow":["GET"]}}],"collection":[{"href":"https:\/\/www.europesays.com\/lv\/wp-json\/wp\/v2\/posts"}],"about":[{"href":"https:\/\/www.europesays.com\/lv\/wp-json\/wp\/v2\/types\/post"}],"author":[{"embeddable":true,"href":"https:\/\/www.europesays.com\/lv\/wp-json\/wp\/v2\/users\/2"}],"replies":[{"embeddable":true,"href":"https:\/\/www.europesays.com\/lv\/wp-json\/wp\/v2\/comments?post=104254"}],"version-history":[{"count":0,"href":"https:\/\/www.europesays.com\/lv\/wp-json\/wp\/v2\/posts\/104254\/revisions"}],"wp:featuredmedia":[{"embeddable":true,"href":"https:\/\/www.europesays.com\/lv\/wp-json\/wp\/v2\/media\/104255"}],"wp:attachment":[{"href":"https:\/\/www.europesays.com\/lv\/wp-json\/wp\/v2\/media?parent=104254"}],"wp:term":[{"taxonomy":"category","embeddable":true,"href":"https:\/\/www.europesays.com\/lv\/wp-json\/wp\/v2\/categories?post=104254"},{"taxonomy":"post_tag","embeddable":true,"href":"https:\/\/www.europesays.com\/lv\/wp-json\/wp\/v2\/tags?post=104254"}],"curies":[{"name":"wp","href":"https:\/\/api.w.org\/{rel}","templated":true}]}}