{"id":104262,"date":"2026-01-14T11:57:07","date_gmt":"2026-01-14T11:57:07","guid":{"rendered":"https:\/\/www.europesays.com\/lv\/104262\/"},"modified":"2026-01-14T11:57:07","modified_gmt":"2026-01-14T11:57:07","slug":"latvija-ieviests-vienotais-buves-registracijas-process-ko-tas-nozime","status":"publish","type":"post","link":"https:\/\/www.europesays.com\/lv\/104262\/","title":{"rendered":"Latvij\u0101 ieviests vienotais b\u016bves re\u0123istr\u0101cijas process: ko tas noz\u012bm\u0113?"},"content":{"rendered":"<p>Ekonomikas ministrijas inform\u0101cija liecina, ka kop\u0161 2020. gada ir s\u0101kta, bet nav pabeigta vair\u0101k nek\u0101 32 000 da\u017e\u0101du jaunu \u0113ku <a href=\"https:\/\/www.tvnet.lv\/term\/555882\/buvnieciba\" class=\"topicLink\" target=\"_blank\" rel=\"nofollow noopener\">b\u016bvniec\u012bba<\/a>. \u0145emot v\u0113r\u0101, ka vairum\u0101 gad\u012bjumu b\u016bvniec\u012bbas ierosin\u0101t\u0101js ir ar\u012b zemes vien\u012bbas \u012bpa\u0161nieks, \u0161aj\u0101s liet\u0101s b\u016bs iesp\u0113jams piem\u0113rot vienoto b\u016bves re\u0123istr\u0101cijas procesu.<\/p>\n<p>Jau zi\u0146ots, ka Saeimas deput\u0101ti p\u0113rn gal\u012bgaj\u0101 las\u012bjum\u0101 pie\u0146\u0113ma izmai\u0146as B\u016bvniec\u012bbas likum\u0101, kas paredz ieviest vienotu re\u0123istr\u0101cijas procesu gan b\u016bvniec\u012bbas s\u0101k\u0161anai un b\u016bves re\u0123istr\u0101cijai, gan ar\u012b b\u016bves \u012bpa\u0161umties\u012bbu nostiprin\u0101\u0161anai.<\/p>\n<p>Risin\u0101jums paredz vienotu digit\u0101lu procesu, kur\u0101 BIS ievad\u012btie dati par b\u016bvi autom\u0101tiski tiks nodoti t\u0101l\u0101kai re\u0123istr\u0101cijai cit\u0101s instit\u016bcij\u0101s. Tas noz\u012bm\u0113 ar\u012b, ka turpm\u0101k neb\u016bs j\u0101veic b\u016bves kadastr\u0101l\u0101 uzm\u0113r\u012b\u0161ana.<\/p>\n<p>L\u012bdz \u0161im personai, kas ierosina b\u016bvniec\u012bbu, bija j\u0101iesniedz tr\u012bs atsevi\u0161\u0137i pieteikumi tr\u012bs da\u017e\u0101d\u0101s instit\u016bcij\u0101s &#8211; BIS par b\u016bves nodo\u0161anu ekspluat\u0101cij\u0101, VZD datu re\u0123istr\u0101cijai kadastr\u0101 un zemesgr\u0101mat\u0101, lai nostiprin\u0101tu \u012bpa\u0161umties\u012bbas.<\/p>\n<p>Vienot\u0101 re\u0123istr\u0101cija attiecas uz \u0113ku un in\u017eenierb\u016bvju b\u016bvniec\u012bbu, ko zemes \u012bpa\u0161nieks veic uz savas zemes, tostarp atjauno\u0161anu un restaur\u0101ciju. Groz\u012bjumu autori ar\u012b akcent\u0113, ka izmai\u0146as b\u016btiski mazin\u0101s birokr\u0101tisko slogu nekustamo \u012bpa\u0161umu att\u012bst\u012bb\u0101, \u013caus \u0101tr\u0101k s\u0101kt \u0113ku un b\u016bvju ekspluat\u0101ciju, k\u0101 ar\u012b samazin\u0101s izmaksas.<\/p>\n<p>T\u0101pat Saeimas deput\u0101ti pie\u0146\u0113ma saist\u012btus groz\u012bjumus Zemesgr\u0101matu likum\u0101 un groz\u012bjumus likum\u0101 &#8220;Par nekustam\u0101 \u012bpa\u0161uma ierakst\u012b\u0161anu zemesgr\u0101mat\u0101s&#8221;.<\/p>\n<p>Jaun\u0101 k\u0101rt\u012bba st\u0101jas sp\u0113k\u0101 no 2026. gada 6. janv\u0101ra, un t\u0101 attiecas uz vis\u0101m b\u016bvniec\u012bbas iecer\u0113m, kas BIS b\u016bs iesniegtas no \u0161\u0101 gada.<\/p>\n","protected":false},"excerpt":{"rendered":"Ekonomikas ministrijas inform\u0101cija liecina, ka kop\u0161 2020. gada ir s\u0101kta, bet nav pabeigta vair\u0101k nek\u0101 32 000 da\u017e\u0101du&hellip;\n","protected":false},"author":2,"featured_media":104263,"comment_status":"","ping_status":"","sticky":false,"template":"","format":"standard","meta":{"footnotes":""},"categories":[12],"tags":[23,28,29,634,32,33,22,30,31,35,39,38,36,37,34,40,20,26,27,24,25,592,21],"class_list":{"0":"post-104262","1":"post","2":"type-post","3":"status-publish","4":"format-standard","5":"has-post-thumbnail","7":"category-latvija","8":"tag-aktualitates","9":"tag-breaking-news","10":"tag-breakingnews","11":"tag-buvnieciba","12":"tag-featured-news","13":"tag-featurednews","14":"tag-headlines","15":"tag-latest-news","16":"tag-latestnews","17":"tag-latvia","18":"tag-latvian","19":"tag-latviesu","20":"tag-latviesu-valoda","21":"tag-latviesuvaloda","22":"tag-latvija","23":"tag-lv","24":"tag-news","25":"tag-popularakas-zinas","26":"tag-popularakaszinas","27":"tag-top-stories","28":"tag-topstories","29":"tag-viktors-valainis","30":"tag-zinas"},"share_on_mastodon":{"url":"https:\/\/pubeurope.com\/@lv\/115893334388367183","error":""},"_links":{"self":[{"href":"https:\/\/www.europesays.com\/lv\/wp-json\/wp\/v2\/posts\/104262","targetHints":{"allow":["GET"]}}],"collection":[{"href":"https:\/\/www.europesays.com\/lv\/wp-json\/wp\/v2\/posts"}],"about":[{"href":"https:\/\/www.europesays.com\/lv\/wp-json\/wp\/v2\/types\/post"}],"author":[{"embeddable":true,"href":"https:\/\/www.europesays.com\/lv\/wp-json\/wp\/v2\/users\/2"}],"replies":[{"embeddable":true,"href":"https:\/\/www.europesays.com\/lv\/wp-json\/wp\/v2\/comments?post=104262"}],"version-history":[{"count":0,"href":"https:\/\/www.europesays.com\/lv\/wp-json\/wp\/v2\/posts\/104262\/revisions"}],"wp:featuredmedia":[{"embeddable":true,"href":"https:\/\/www.europesays.com\/lv\/wp-json\/wp\/v2\/media\/104263"}],"wp:attachment":[{"href":"https:\/\/www.europesays.com\/lv\/wp-json\/wp\/v2\/media?parent=104262"}],"wp:term":[{"taxonomy":"category","embeddable":true,"href":"https:\/\/www.europesays.com\/lv\/wp-json\/wp\/v2\/categories?post=104262"},{"taxonomy":"post_tag","embeddable":true,"href":"https:\/\/www.europesays.com\/lv\/wp-json\/wp\/v2\/tags?post=104262"}],"curies":[{"name":"wp","href":"https:\/\/api.w.org\/{rel}","templated":true}]}}