{"id":104269,"date":"2026-01-14T12:03:07","date_gmt":"2026-01-14T12:03:07","guid":{"rendered":"https:\/\/www.europesays.com\/lv\/104269\/"},"modified":"2026-01-14T12:03:07","modified_gmt":"2026-01-14T12:03:07","slug":"konkursa-drosakais-uznemuma-autoparks-2025-sia-zaao-un-sia-vtu-valmiera-sanem-sudraba-balvu","status":"publish","type":"post","link":"https:\/\/www.europesays.com\/lv\/104269\/","title":{"rendered":"Konkurs\u0101 \u201cDro\u0161\u0101kais uz\u0146\u0113muma autoparks 2025\u201d SIA &#8220;ZAAO&#8221; un SIA &#8220;VTU Valmiera&#8221; sa\u0146em Sudraba balvu"},"content":{"rendered":"<p>14.01.2026<\/p>\n<p>Valmiera lepojas, Uz\u0146\u0113m\u0113jdarb\u012bba<\/p>\n<p>Izpratne par ilgtsp\u0113j\u012bgu autoparku p\u0101rvald\u012bbu Latvijas korporat\u012bvaj\u0101 vid\u0113 past\u0101v\u012bgi palielin\u0101s, turkl\u0101t \u0161\u012bs pozit\u012bv\u0101s p\u0101rmai\u0146as ir attiecin\u0101mas gan augst\u0101ka, gan zem\u0101ka riska autoparkiem, liecina konkursa \u201cDro\u0161\u0101kais uz\u0146\u0113muma autoparks 2025\u201d rezult\u0101ti. Kategorij\u0101 \u201cViet\u0113jie (Baltijas valstu) kravu p\u0101rvad\u0101t\u0101ji un speci\u0101l\u0101 pielietojuma autoparki Zelta balvu sa\u0146em SIA \u201cZAAO\u201d, kategorij\u0101 \u201cPasa\u017eieru p\u0101rvad\u0101t\u0101ji\u201d SIA \u201cVTU Valmiera\u201d sa\u0146em Sudraba balvu.<\/p>\n<p>L\u012bderpoz\u012bcij\u0101s \u2013 ilggad\u0113ji dal\u012bbnieki<\/p>\n<p>Konkursa \u201cUz\u0146\u0113muma dro\u0161\u0101kais autoparks 2025\u201d minim\u0101lo slieksni (vismaz 55% krit\u0113riju izpildi) p\u0101rvar\u0113ja 21 organiz\u0101cija. Starp t\u0101m ir gan priv\u0101tie uz\u0146\u0113mumi, gan valsts un pa\u0161vald\u012bbu kapit\u0101lsabiedr\u012bbas, gan ar\u012b valsts iest\u0101des. Liel\u0101k\u0101 da\u013ca \u0161o organiz\u0101ciju ir ilggad\u0113ji konkursa dal\u012bbnieki, kas uzskat\u0101mi par\u0101da, ka \u0161is nov\u0113rt\u0113jums tiek izmantots k\u0101 strat\u0113\u0123isks instruments biznesa att\u012bst\u012bbai.<\/p>\n<p>Visi konkursa dal\u012bbnieki tradicion\u0101li tika v\u0113rt\u0113ti \u010detr\u0101s kategorij\u0101s:<\/p>\n<ul class=\"wp-block-list\">\n<li>Kategorij\u0101 \u201cPasa\u017eieru p\u0101rvad\u0101t\u0101ji\u201d augst\u0101ko nov\u0113rt\u0113jumu jeb Plat\u012bna balvu ieguva pa\u0161vald\u012bbas SIA \u201cVentspils reiss\u201d, Sudraba balvu \u2013 SIA \u201cVTU Valmiera\u201d, bet Bronzas balvu \u2013 RP SIA \u201cR\u012bgas Satiksme\u201d.<\/li>\n<li>Kategorij\u0101 \u201cViet\u0113jie (Baltijas valstu) kravu p\u0101rvad\u0101t\u0101ji un speci\u0101l\u0101 pielietojuma autoparki\u201d Plat\u012bna balvu ieguva SIA \u201cAkatrans\u201d, Zelta balvu \u2013 SIA \u201cSCHWENK Latvija\u201d, Sudraba balvu \u2013 SIA \u201cLatvijas autoce\u013cu uztur\u0113t\u0101js\u201d un SIA \u201cZAAO\u201d, savuk\u0101rt Bronzas balvu \u2013 SIA \u201cBolt Services LV\u201d, AS \u201cDELTA LV\u201d, SIA \u201cEco Baltia vide\u201d, Neatliekam\u0101s medic\u012bnisk\u0101s pal\u012bdz\u012bbas dienests un AS \u201cSadales t\u012bkls\u201d.<\/li>\n<li>Kategorij\u0101 \u201cStarptautiskie kravu p\u0101rvad\u0101t\u0101ji\u201d Zelta balvu ieguva SIA \u201cKreiss\u201d, SIA \u201cKurbads un Ko\u201d un SIA \u201cOta\u0146\u0137u Dzirnavnieks\u201d, savuk\u0101rt Sudraba balvu \u2013 SIA \u201cDinotrans\u201d.<\/li>\n<li>Kategorij\u0101 \u201cZem\u0101ka riska, valsts un pa\u0161vald\u012bbu autoparki\u201d Zelta balvu ieguva AS \u201cLatvenergo\u201d un Valsts prob\u0101cijas dienests, Sudraba balvu \u2013 AS \u201cR\u012bgas Siltums\u201d, savuk\u0101rt Bronzas balvu \u2013 AS \u201cConexus Baltic Grid\u201d, SIA \u201cLatvijas Mobilais Telefons\u201d un VAS \u201cValsts nekustamie \u012bpa\u0161umi\u201d.<\/li>\n<\/ul>\n<p>\u201cDro\u0161\u0101kais uz\u0146\u0113muma autoparks\u201d \u2013 br\u012bvpr\u0101t\u012bgs nov\u0113rt\u0113jums korporat\u012bvo autoparku p\u0101rvald\u012bbas efektivit\u0101tes noteik\u0161anai, kuru kop\u0161 2013.gada \u012bsteno BALTA sadarb\u012bb\u0101 ar Satiksmes ministriju. T\u0101 m\u0113r\u0137is ir godin\u0101t Latvijas uz\u0146\u0113mumus, valsts un pa\u0161vald\u012bbu iest\u0101des, kuras savus autoparkus p\u0101rvalda atbild\u012bgi. Vienlaikus \u0161is sekm\u0113t dro\u0161as brauk\u0161anas kult\u016bras att\u012bst\u012bbu Latvij\u0101, veidojot korporat\u012bvaj\u0101 vid\u0113 izpratni par dro\u0161a autoparka izveides un p\u0101rvald\u012bbas principiem, nodro\u0161inot kvalitat\u012bvu pieredzes apmai\u0146u un inform\u0101ciju par autotransporta nozares tendenc\u0113m, tostarp jaun\u0101kajiem un inovat\u012bv\u0101kajiem risin\u0101jumiem ce\u013cu satiksmes dro\u0161\u012bbas uzlabo\u0161anai.<\/p>\n<p>Viena no \u0161\u012b konkursa liel\u0101kaj\u0101m priek\u0161roc\u012bb\u0101m \u2013 iesp\u0113ja sa\u0146emt neatkar\u012bgu ekspertu ieteikumus ilgtsp\u0113j\u012bgai att\u012bst\u012bbai.<\/p>\n<p>Vair\u0101k nek\u0101 desmit konkursa past\u0101v\u0113\u0161anas gadu pieredze liecina, ka ar autoparku p\u0101rvald\u012bbu saist\u012btie jaut\u0101jumi da\u017e\u0101du organiz\u0101ciju dienas k\u0101rt\u012bb\u0101 par\u0101d\u0101s aizvien bie\u017e\u0101k. \u012apa\u0161i liela v\u0113r\u012bba tiek piev\u0113rsta transportl\u012bdzek\u013cu moderniz\u0101cijai. Piem\u0113ram, ja v\u0113l sal\u012bdzino\u0161i nesen\u0101 pag\u0101tn\u0113 glob\u0101l\u0101 pozicion\u0113\u0161anas sist\u0113ma (GPS) bija teju ekskluz\u012bva lieta, \u0161obr\u012bd ir gr\u016bti atrast autoparku, kur\u0101 t\u0101da netiktu izmantota. Transportl\u012bdzek\u013ci tiek bag\u0101t\u012bgi apr\u012bkoti ar da\u017e\u0101d\u0101m akt\u012bv\u0101s un pas\u012bv\u0101s dro\u0161\u012bbas sist\u0113m\u0101m. Tiek test\u0113ti da\u017e\u0101di m\u0101ksl\u012bg\u0101 intelekta risin\u0101jumi autovad\u012bt\u0101ju pa\u0161saj\u016btas un uzved\u012bbas kontrolei, lai laic\u012bgi paman\u012btu noguruma vai agres\u012bvas uzved\u012bbas paz\u012bmes un izvair\u012btos no ce\u013cus satiksmes negad\u012bjumiem.<\/p>\n<p>Autoparku p\u0101rvald\u012bbas jom\u0101 ir j\u016btama ar\u012b Za\u013c\u0101 kursa ietekme \u2013 ar iek\u0161dedzes dzin\u0113ju apr\u012bkoto transportl\u012bdzek\u013cu rindas aizvien bie\u017e\u0101k papildina mazemisiju un bezemisiju transportl\u012bdzek\u013ci, turkl\u0101t \u0161aj\u0101 gad\u012bjum\u0101 runa ir ne tikai par vieglajiem pasa\u017eieru transportl\u012bdzek\u013ciem. Piem\u0113ram, pasa\u017eieru p\u0101rvad\u0101t\u0101ji jau vair\u0101kus gadus izmanto bezemisiju autobusus, kuru popularit\u0101te l\u0113n\u0101m pieaug. Ar\u012b kravu p\u0101rvad\u0101t\u0101ji akt\u012bvi izskata iesp\u0113jas za\u013cin\u0101t savus autoparkus, ta\u010du pa\u0161laik vi\u0146u iesp\u0113jas ir \u013coti ierobe\u017eotas \u2013 bezemisiju transportl\u012bdzek\u013cu veiktsp\u0113ja ir \u013coti zema, bet ieg\u0101des un uzl\u0101des ier\u012b\u010du izb\u016bves izmaksas augstas.<\/p>\n<p>\u201c\u0160obr\u012bd liel\u0101ku uzman\u012bbu autoparka dekarboniz\u0101cijai piev\u0113r\u0161 tie\u0161i valsts un pa\u0161vald\u012bbu kapit\u0101lsabiedr\u012bbas, kas, protams, nav nejau\u0161\u012bba \u2013 \u0161iem uz\u0146\u0113mumiem transportl\u012bdzek\u013cu ieg\u0101d\u0113 ir j\u0101\u0146em v\u0113r\u0101 gan za\u013c\u0101 publisk\u0101 iepirkuma pras\u012bbas, gan pieejami atsevi\u0161\u0137i atbalsta instrumenti mazemisiju un bezemisiju transportl\u012bdzek\u013cu ievie\u0161anai, gan ar\u012b j\u0101\u0146em v\u0113r\u0101 valsts ietekmes uz klimatu samazin\u0101\u0161anas m\u0113r\u0137i, kas ir gana ambiciozi,\u201d skaidro J\u0101nis Kalni\u0146\u0161, Satiksmes ministrijas Autosatiksmes departamenta direktora vietnieks \u2013 Autotransporta un satiksmes dro\u0161\u012bbas vad\u012bt\u0101js, konkursa \u017e\u016brijas loceklis. \u201cTa\u010du kopum\u0101 \u0161\u012b tendence ir v\u0113rt\u0113jama \u013coti pozit\u012bvi, jo tie\u0161i publiskajam sektoram ir j\u0101uz\u0146emas paraugloma valsts klimata politikas un m\u0113r\u0137u \u012bsteno\u0161an\u0101.\u201d<\/p>\n<p>Konkursu atbalsta un izpratni par atbild\u012bgas un ilgtsp\u0113j\u012bgas autoparku p\u0101rvald\u012bbas principiem pal\u012bdz veicin\u0101t Ce\u013cu satiksmes dro\u0161\u012bbas direkcija, SIA \u201cCircle K Latvia\u201d, SIA \u201cGreen Wave Latvija\u201d un SIA \u201cTransporent\u201d (SIXT fran\u0161\u012bzes partneris Baltij\u0101 un Somij\u0101\u201d.<\/p>\n<p>Inform\u0101cija sagatavota p\u0113c AAS BALTS m\u0101rketinga direktores Jutas \u0160teinertes sagatavot\u0101s inform\u0101cijas<\/p>\n","protected":false},"excerpt":{"rendered":"14.01.2026 Valmiera lepojas, Uz\u0146\u0113m\u0113jdarb\u012bba Izpratne par ilgtsp\u0113j\u012bgu autoparku p\u0101rvald\u012bbu Latvijas korporat\u012bvaj\u0101 vid\u0113 past\u0101v\u012bgi palielin\u0101s, turkl\u0101t \u0161\u012bs pozit\u012bv\u0101s p\u0101rmai\u0146as&hellip;\n","protected":false},"author":2,"featured_media":104270,"comment_status":"","ping_status":"","sticky":false,"template":"","format":"standard","meta":{"footnotes":""},"categories":[12],"tags":[23,28,29,32,33,22,30,31,35,39,38,36,37,34,40,20,26,27,24,25,21],"class_list":{"0":"post-104269","1":"post","2":"type-post","3":"status-publish","4":"format-standard","5":"has-post-thumbnail","7":"category-latvija","8":"tag-aktualitates","9":"tag-breaking-news","10":"tag-breakingnews","11":"tag-featured-news","12":"tag-featurednews","13":"tag-headlines","14":"tag-latest-news","15":"tag-latestnews","16":"tag-latvia","17":"tag-latvian","18":"tag-latviesu","19":"tag-latviesu-valoda","20":"tag-latviesuvaloda","21":"tag-latvija","22":"tag-lv","23":"tag-news","24":"tag-popularakas-zinas","25":"tag-popularakaszinas","26":"tag-top-stories","27":"tag-topstories","28":"tag-zinas"},"share_on_mastodon":{"url":"https:\/\/pubeurope.com\/@lv\/115893358046573126","error":""},"_links":{"self":[{"href":"https:\/\/www.europesays.com\/lv\/wp-json\/wp\/v2\/posts\/104269","targetHints":{"allow":["GET"]}}],"collection":[{"href":"https:\/\/www.europesays.com\/lv\/wp-json\/wp\/v2\/posts"}],"about":[{"href":"https:\/\/www.europesays.com\/lv\/wp-json\/wp\/v2\/types\/post"}],"author":[{"embeddable":true,"href":"https:\/\/www.europesays.com\/lv\/wp-json\/wp\/v2\/users\/2"}],"replies":[{"embeddable":true,"href":"https:\/\/www.europesays.com\/lv\/wp-json\/wp\/v2\/comments?post=104269"}],"version-history":[{"count":0,"href":"https:\/\/www.europesays.com\/lv\/wp-json\/wp\/v2\/posts\/104269\/revisions"}],"wp:featuredmedia":[{"embeddable":true,"href":"https:\/\/www.europesays.com\/lv\/wp-json\/wp\/v2\/media\/104270"}],"wp:attachment":[{"href":"https:\/\/www.europesays.com\/lv\/wp-json\/wp\/v2\/media?parent=104269"}],"wp:term":[{"taxonomy":"category","embeddable":true,"href":"https:\/\/www.europesays.com\/lv\/wp-json\/wp\/v2\/categories?post=104269"},{"taxonomy":"post_tag","embeddable":true,"href":"https:\/\/www.europesays.com\/lv\/wp-json\/wp\/v2\/tags?post=104269"}],"curies":[{"name":"wp","href":"https:\/\/api.w.org\/{rel}","templated":true}]}}