{"id":104277,"date":"2026-01-14T12:10:09","date_gmt":"2026-01-14T12:10:09","guid":{"rendered":"https:\/\/www.europesays.com\/lv\/104277\/"},"modified":"2026-01-14T12:10:09","modified_gmt":"2026-01-14T12:10:09","slug":"kapec-dazi-uzvedas-tik-pretigi-pirceja-klaji-agresiva-uzvediba-veikala-satriec-apmekletaju","status":"publish","type":"post","link":"https:\/\/www.europesays.com\/lv\/104277\/","title":{"rendered":"\u201cK\u0101p\u0113c da\u017ei uzvedas tik pret\u012bgi?\u201d Pirc\u0113ja klaji agres\u012bv\u0101 uzved\u012bba veikal\u0101 satriec apmekl\u0113t\u0101ju"},"content":{"rendered":"<p>    <img decoding=\"async\" src=\"https:\/\/www.europesays.com\/lv\/wp-content\/uploads\/2026\/01\/LET_24602304-1024x680.jpg\" alt=\"&#10;\"\/><\/p>\n<p>Foto: LETA\n<\/p>\n<p>13:00, 14. janv\u0101ris 2026<\/p>\n<p>Platform\u0101 \u201cThreads\u201d soci\u0101lo t\u012bklu lietot\u0101ju uzman\u012bbu piesaist\u012bjis k\u0101das aculiecinieces ieraksts par nepat\u012bkamu starpgad\u012bjumu, kas noticis pie \u201cRimi\u201d kioska, kur\u0101 iesp\u0113jams nor\u0113\u0137in\u0101ties par nelielu daudzumu pre\u010du. Taj\u0101 aprakst\u012bta situ\u0101cija, kur\u0101 k\u0101ds aptuveni 50 gadus vecs v\u012brietis ska\u013ci teroriz\u0113jis veikala darbinieci, draud\u0113jis un pazemojis vi\u0146u citu klientu priek\u0161\u0101.<\/p>\n<p>        Las\u012bt\u0101kie<br \/>\n        <a data-imagesrc=\"{&quot;300&quot;:&quot;https:\\\/\\\/lastatic.ams3.cdn.digitaloceanspaces.com\\\/2026\\\/01\\\/FotoJet-5-300x200.jpg&quot;,&quot;1024&quot;:&quot;https:\\\/\\\/lastatic.ams3.cdn.digitaloceanspaces.com\\\/2026\\\/01\\\/FotoJet-5-1024x683.jpg&quot;,&quot;1536&quot;:&quot;https:\\\/\\\/lastatic.ams3.cdn.digitaloceanspaces.com\\\/2026\\\/01\\\/FotoJet-5-1536x1024.jpg&quot;,&quot;500&quot;:&quot;https:\\\/\\\/lastatic.ams3.cdn.digitaloceanspaces.com\\\/2026\\\/01\\\/FotoJet-5-500x333.jpg&quot;,&quot;800&quot;:&quot;https:\\\/\\\/lastatic.ams3.cdn.digitaloceanspaces.com\\\/2026\\\/01\\\/FotoJet-5-800x533.jpg&quot;,&quot;1800&quot;:&quot;https:\\\/\\\/lastatic.ams3.cdn.digitaloceanspaces.com\\\/2026\\\/01\\\/FotoJet-5.jpg&quot;}\" data-focuspoint=\"&quot;&quot;\" data-p=\"2491277\" href=\"https:\/\/www.la.lv\/vecums-nav-spriedums-5-pazimes-kas-liecina-ka-jus-novecojat-loti-veiksmigi\" class=\"content-item lazy-load\" wp_automatic_readability=\"27\" rel=\"nofollow noopener\" target=\"_blank\"><\/p>\n<p>                                <img decoding=\"async\" src=\"\" alt=\"\" style=\"\" data-imageid=\"\"\/><\/p>\n<p>\n                                                Vecums nav spriedums: 5 paz\u012bmes, kas liecina, ka j\u016bs novecojat \u013coti veiksm\u012bgi\n                            <\/p>\n<p><\/a><a data-imagesrc=\"{&quot;300&quot;:&quot;https:\\\/\\\/lastatic.ams3.cdn.digitaloceanspaces.com\\\/2026\\\/01\\\/LET_21079616-300x196.jpg&quot;,&quot;1024&quot;:&quot;https:\\\/\\\/lastatic.ams3.cdn.digitaloceanspaces.com\\\/2026\\\/01\\\/LET_21079616-1024x670.jpg&quot;,&quot;1536&quot;:&quot;https:\\\/\\\/lastatic.ams3.cdn.digitaloceanspaces.com\\\/2026\\\/01\\\/LET_21079616-1536x1005.jpg&quot;,&quot;500&quot;:&quot;https:\\\/\\\/lastatic.ams3.cdn.digitaloceanspaces.com\\\/2026\\\/01\\\/LET_21079616-500x327.jpg&quot;,&quot;800&quot;:&quot;https:\\\/\\\/lastatic.ams3.cdn.digitaloceanspaces.com\\\/2026\\\/01\\\/LET_21079616-800x523.jpg&quot;,&quot;2560&quot;:&quot;https:\\\/\\\/lastatic.ams3.cdn.digitaloceanspaces.com\\\/2026\\\/01\\\/LET_21079616-scaled.jpg&quot;}\" data-focuspoint=\"&quot;&quot;\" data-p=\"2489693\" href=\"https:\/\/www.la.lv\/nebija-nekadu-bridinajuma-zimju-kamer-gimene-meza-bauda-ziemas-priekus-mednieki-blakus-sauj\" class=\"content-item lazy-load\" wp_automatic_readability=\"27\" rel=\"nofollow noopener\" target=\"_blank\"><\/p>\n<p>                                <img decoding=\"async\" src=\"\" alt=\"\" style=\"\" data-imageid=\"\"\/><\/p>\n<p>\n                                                \u201cNebija nek\u0101du br\u012bdin\u0101juma z\u012bmju!\u201d Kam\u0113r \u0123imene me\u017e\u0101 bauda ziemas priekus, mednieki blakus \u0161auj\n                            <\/p>\n<p><\/a><a data-imagesrc=\"{&quot;300&quot;:&quot;https:\\\/\\\/lastatic.ams3.cdn.digitaloceanspaces.com\\\/2026\\\/01\\\/pexels-andrew-hewitt-24040512-7595577-300x169.jpg&quot;,&quot;1024&quot;:&quot;https:\\\/\\\/lastatic.ams3.cdn.digitaloceanspaces.com\\\/2026\\\/01\\\/pexels-andrew-hewitt-24040512-7595577-1024x576.jpg&quot;,&quot;1536&quot;:&quot;https:\\\/\\\/lastatic.ams3.cdn.digitaloceanspaces.com\\\/2026\\\/01\\\/pexels-andrew-hewitt-24040512-7595577-1536x864.jpg&quot;,&quot;500&quot;:&quot;https:\\\/\\\/lastatic.ams3.cdn.digitaloceanspaces.com\\\/2026\\\/01\\\/pexels-andrew-hewitt-24040512-7595577-500x281.jpg&quot;,&quot;800&quot;:&quot;https:\\\/\\\/lastatic.ams3.cdn.digitaloceanspaces.com\\\/2026\\\/01\\\/pexels-andrew-hewitt-24040512-7595577-800x450.jpg&quot;,&quot;2560&quot;:&quot;https:\\\/\\\/lastatic.ams3.cdn.digitaloceanspaces.com\\\/2026\\\/01\\\/pexels-andrew-hewitt-24040512-7595577-scaled.jpg&quot;}\" data-focuspoint=\"&quot;&quot;\" data-p=\"2493671\" href=\"https:\/\/www.la.lv\/sis-zodiaka-zimes-saskaras-ar-pagrieziena-punktu-dzive-tam-nekad-vairs-nebus-tada-ka-lidz-sim\" class=\"content-item lazy-load\" wp_automatic_readability=\"27\" rel=\"nofollow noopener\" target=\"_blank\"><\/p>\n<p>                                <img decoding=\"async\" src=\"\" alt=\"\" style=\"\" data-imageid=\"\"\/><\/p>\n<p>                                Kokteilis<\/p>\n<p>\n                                                \u0160\u012bs zodiaka z\u012bmes saskaras ar pagrieziena punktu: dz\u012bve t\u0101m nekad vairs neb\u016bs t\u0101da, k\u0101 l\u012bdz \u0161im\n                            <\/p>\n<p><\/a><br \/>\n        <a class=\"read-more\" href=\"https:\/\/www.la.lv\/top\" rel=\"nofollow noopener\" target=\"_blank\">Las\u012bt citas zi\u0146as<\/a><\/p>\n<p>Iemesls? P\u0101rdev\u0113ja atteikusies vi\u0146u apkalpot, jo vi\u0146am bijis p\u0101rkrauts iepirkumu grozs un l\u012bdz zodam pilnas rokas ar prec\u0113m \u2013 situ\u0101cija, kas neatbilst apkalpo\u0161anas k\u0101rt\u012bbai kiosk\u0101. P\u0101rdev\u0113ja l\u016bgusi doties uz pa\u0161apkalpo\u0161an\u0101s kas\u0113m, ta\u010du v\u012brietis kategoriski atteicies, sakot, ka negrib un viss.<\/p>\n<p>Turkl\u0101t vi\u0146\u0161 ska\u013ci atk\u0101rtojis vienu un to pa\u0161u fr\u0101zi: \u201cKo j\u016bs iedom\u0101jaties, es jums darbu nodro\u0161inu!\u201d<\/p>\n<p>    CITI \u0160OBR\u012aD LASA<\/p>\n<p>Aculieciniece atkl\u0101j, ka darbiniece, saglab\u0101jot mieru, piekl\u0101j\u012bgi atteikusi, turpinot pal\u012bdz\u0113t citiem klientiem, tostarp senioriem, pie pa\u0161apkalpo\u0161an\u0101s kas\u0113m. T\u0101 tas turpin\u0101jies v\u0113l labu laiku.<\/p>\n<p>\u0160is gad\u012bjums aculieciniecei rais\u012bjis p\u0101rdomas par to, k\u0101p\u0113c lielajos tirdzniec\u012bbas centros p\u0101rdev\u0113jai netiek nodro\u0161in\u0101ts vismaz viens apsardzes darbinieks, kas var\u0113tu nov\u0113rst \u0161\u0101dus incidentus, un k\u0101p\u0113c da\u013ca sabiedr\u012bbas joproj\u0101m attiecas ar nicin\u0101jumu pret pakalpojumu sniedz\u0113jiem.<\/p>\n<p>\u201cK\u0101p\u0113c da\u017ei, kas izk\u0101pj ar kreiso k\u0101ju no gultas uzvedas tik pret\u012bgi, lai p\u0101rdev\u0113js, s\u0113tnieks, autobusa \u0161oferis justos k\u0101 p\u0113d\u0113jais\u2026 \u201d retoriski vaic\u0101 ieraksta autore.<\/p>\n<p><img decoding=\"async\" src=\"https:\/\/www.europesays.com\/lv\/wp-content\/uploads\/2026\/01\/Ekranuznemums-2026-01-14-123253.png\" alt=\"\"\/><\/p>\n<p>Koment\u0113t\u0101jiem ir diezgan at\u0161\u0137ir\u012bgi viedok\u013ci par izkl\u0101st\u012bto situ\u0101ciju.<\/p>\n<p><img decoding=\"async\" src=\"https:\/\/www.europesays.com\/lv\/wp-content\/uploads\/2026\/01\/Ekranuznemums-2026-01-14-123352.png\" alt=\"\"\/><br \/>\n<img decoding=\"async\" src=\"https:\/\/www.europesays.com\/lv\/wp-content\/uploads\/2026\/01\/Ekranuznemums-2026-01-14-123407.png\" alt=\"\"\/><br \/>\n<img decoding=\"async\" src=\"https:\/\/www.europesays.com\/lv\/wp-content\/uploads\/2026\/01\/Ekranuznemums-2026-01-14-123423.png\" alt=\"\"\/><br \/>\n<img decoding=\"async\" src=\"https:\/\/www.europesays.com\/lv\/wp-content\/uploads\/2026\/01\/Ekranuznemums-2026-01-14-123504.png\" alt=\"\"\/><br \/>\n<img decoding=\"async\" src=\"https:\/\/www.europesays.com\/lv\/wp-content\/uploads\/2026\/01\/Ekranuznemums-2026-01-14-123520.png\" alt=\"\"\/><br \/>\n<img decoding=\"async\" src=\"https:\/\/www.europesays.com\/lv\/wp-content\/uploads\/2026\/01\/Ekranuznemums-2026-01-14-123542.png\" alt=\"\"\/><\/p>\n<p>\n    LA.LV Aptauja<br \/>\n    Vai tu izmanto pa\u0161apkalpo\u0161an\u0101s kases?<\/p>\n<ul class=\"poll-options\" wp_automatic_readability=\"2\">\n<li class=\"poll-option\" data-id=\"cfcd208495d565ef66e7dff9f98764da\" wp_automatic_readability=\"1\">\n<p>J\u0101, uzskatu, kas tas ir \u0101tri un \u0113rti<\/p>\n<\/li>\n<li class=\"poll-option\" data-id=\"c4ca4238a0b923820dcc509a6f75849b\" wp_automatic_readability=\"0\">\n<p>J\u0101, bet man riebjas to dar\u012bt<\/p>\n<\/li>\n<li class=\"poll-option\" data-id=\"c81e728d9d4c2f636f067f89cc14862c\">\n<p>Reiz\u0113m<\/p>\n<\/li>\n<li class=\"poll-option\" data-id=\"eccbc87e4b5ce2fe28308fd9f2a7baf3\" wp_automatic_readability=\"0\">\n<p>N\u0113, p\u0101rdev\u0113jam ir j\u0101dara savs darbs<\/p>\n<\/li>\n<li class=\"poll-option\" data-id=\"a87ff679a2f3e71d9181a67b7542122c\">\n<p>Iep\u0113rkos internet\u0101<\/p>\n<\/li>\n<\/ul>\n<p>T\u0113mas<\/p>\n<p>    SAIST\u012aTIE RAKSTI<\/p>\n","protected":false},"excerpt":{"rendered":"Foto: LETA 13:00, 14. janv\u0101ris 2026 Platform\u0101 \u201cThreads\u201d soci\u0101lo t\u012bklu lietot\u0101ju uzman\u012bbu piesaist\u012bjis k\u0101das aculiecinieces ieraksts par nepat\u012bkamu&hellip;\n","protected":false},"author":2,"featured_media":100946,"comment_status":"","ping_status":"","sticky":false,"template":"","format":"standard","meta":{"footnotes":""},"categories":[5],"tags":[23,28,29,32,33,22,30,31,35,39,38,36,37,34,40,20,26,27,24,25,21],"class_list":{"0":"post-104277","1":"post","2":"type-post","3":"status-publish","4":"format-standard","5":"has-post-thumbnail","7":"category-aktualitates","8":"tag-aktualitates","9":"tag-breaking-news","10":"tag-breakingnews","11":"tag-featured-news","12":"tag-featurednews","13":"tag-headlines","14":"tag-latest-news","15":"tag-latestnews","16":"tag-latvia","17":"tag-latvian","18":"tag-latviesu","19":"tag-latviesu-valoda","20":"tag-latviesuvaloda","21":"tag-latvija","22":"tag-lv","23":"tag-news","24":"tag-popularakas-zinas","25":"tag-popularakaszinas","26":"tag-top-stories","27":"tag-topstories","28":"tag-zinas"},"share_on_mastodon":{"url":"https:\/\/pubeurope.com\/@lv\/115893385608095102","error":""},"_links":{"self":[{"href":"https:\/\/www.europesays.com\/lv\/wp-json\/wp\/v2\/posts\/104277","targetHints":{"allow":["GET"]}}],"collection":[{"href":"https:\/\/www.europesays.com\/lv\/wp-json\/wp\/v2\/posts"}],"about":[{"href":"https:\/\/www.europesays.com\/lv\/wp-json\/wp\/v2\/types\/post"}],"author":[{"embeddable":true,"href":"https:\/\/www.europesays.com\/lv\/wp-json\/wp\/v2\/users\/2"}],"replies":[{"embeddable":true,"href":"https:\/\/www.europesays.com\/lv\/wp-json\/wp\/v2\/comments?post=104277"}],"version-history":[{"count":0,"href":"https:\/\/www.europesays.com\/lv\/wp-json\/wp\/v2\/posts\/104277\/revisions"}],"wp:featuredmedia":[{"embeddable":true,"href":"https:\/\/www.europesays.com\/lv\/wp-json\/wp\/v2\/media\/100946"}],"wp:attachment":[{"href":"https:\/\/www.europesays.com\/lv\/wp-json\/wp\/v2\/media?parent=104277"}],"wp:term":[{"taxonomy":"category","embeddable":true,"href":"https:\/\/www.europesays.com\/lv\/wp-json\/wp\/v2\/categories?post=104277"},{"taxonomy":"post_tag","embeddable":true,"href":"https:\/\/www.europesays.com\/lv\/wp-json\/wp\/v2\/tags?post=104277"}],"curies":[{"name":"wp","href":"https:\/\/api.w.org\/{rel}","templated":true}]}}