{"id":104280,"date":"2026-01-14T12:12:15","date_gmt":"2026-01-14T12:12:15","guid":{"rendered":"https:\/\/www.europesays.com\/lv\/104280\/"},"modified":"2026-01-14T12:12:15","modified_gmt":"2026-01-14T12:12:15","slug":"ibsf-bridina-latvijas-skeletona-treneri-ivo-steinbergu-par-protestu-pret-krievijas-sportistiem-lente-lv-2","status":"publish","type":"post","link":"https:\/\/www.europesays.com\/lv\/104280\/","title":{"rendered":"IBSF br\u012bdina Latvijas skeletona treneri Ivo \u0160teinbergu par protestu pret Krievijas sportistiem\u00a0\u2014\u00a0Lente.lv"},"content":{"rendered":"<p>Latvijas skeletona trenera br\u012bdin\u0101jums no IBSF<\/p>\n<p>Starptautisk\u0101 Bobsleja un skeletona feder\u0101cija (IBSF) ir izteikusi ofici\u0101lu br\u012bdin\u0101jumu Latvijas skeletona izlases trenerim Ivo \u0160teinbergam saist\u012bb\u0101 ar protestu pret Krievijas sportistu dal\u012bbu Eiropas kausa posm\u0101 Insbruk\u0101. K\u0101 inform\u0113 port\u0101ls jauns.lv, \u0160teinbergam var\u0113tu tikt liegta piek\u013cuve sacens\u012bbu norises vietai, ja l\u012bdz\u012bga r\u012bc\u012bba turpin\u0101sies. Br\u012bdin\u0101jums attiecas tikai uz vi\u0146u k\u0101 treneri, nevis uz sportistiem, kuriem dal\u012bba sacens\u012bb\u0101s netika liegta.<\/p>\n<p>Protests pirms Eiropas kausa posma<\/p>\n<p>Protests notika dienu pirms Eiropas kausa sacens\u012bb\u0101m skeleton\u0101 Austrijas Insbrukas tras\u0113, apvienojot Latvijas, Zviedrijas un Ukrainas sportistus. Galvenais m\u0113r\u0137is bija paust nost\u0101ju pret Krievijas sportistu dal\u012bbu sacens\u012bb\u0101s, kam\u0113r turpin\u0101s Krievijas kar\u0161 Ukrain\u0101, neatkar\u012bgi no vi\u0146u start\u0113\u0161anas statusa. \u0160teinbergs uzsv\u0113ra, ka \u012bpa\u0161as ba\u017eas rada sportisti, kas p\u0101rst\u0101v Krievijas armijas sporta klubu, neskatoties uz IBSF sol\u012bjumiem individu\u0101li izv\u0113rt\u0113t katru sportistu.<\/p>\n<p>Norises un IBSF amatpersonu reakcija<\/p>\n<p>Protesta laik\u0101 IBSF amatpersonas cent\u0101s to p\u0101rtraukt, atsaucoties uz iek\u0161\u0113jiem noteikumiem par politisko neitralit\u0101ti. Tika m\u0113\u0123in\u0101ts pan\u0101kt plak\u0101tu no\u0146em\u0161anu un izteikti draudi izsaukt policiju. Da\u017eu sportistu telefoni, kuros tika film\u0113ts notieko\u0161ais, tika ar\u012b atsavin\u0101ti. Lai gan IBSF amatpersonas uzsv\u0113ra, ka sports nav jaucams ar politiku, protest\u0113t\u0101ji nor\u0101d\u012bja, ka piln\u012bb\u0101 atdal\u012bt sportu no politisk\u0101s realit\u0101tes, \u012bpa\u0161i kara apst\u0101k\u013cos, nav iesp\u0113jams.<\/p>\n<p>Ofici\u0101la s\u016bdz\u012bba un turpm\u0101k\u0101s sekas<\/p>\n<p>Latvijas Bobsleja un skeletona feder\u0101cija (LBSF) ir sa\u0146\u0113musi ofici\u0101lu s\u016bdz\u012bbu no IBSF, nor\u0101dot uz organiz\u0101cijas \u0113tikas kodeksa p\u0101rk\u0101pumu saist\u012bb\u0101 ar protestu. LBSF \u0123ener\u0101lsekret\u0101re Janika Judeika situ\u0101ciju koment\u0113t attur\u0113j\u0101s. \u0160teinbergs gan pauda gatav\u012bbu c\u012bn\u012bties ar\u012b Sporta arbitr\u0101\u017eas ties\u0101 (CAS), ja tiktu piem\u0113rotas pla\u0161\u0101kas sankcijas.<\/p>\n<p>Latvijas sportistu rezult\u0101ti un turpm\u0101k\u0101 sadarb\u012bba<\/p>\n<p>Eiropas kausa posm\u0101 skeleton\u0101 Latvijas sportisti Em\u012bls Indriksons un D\u0101vis Valdovskis ieguva astoto un dev\u012bto vietu. Marta And\u017e\u0101ne un D\u0101rta Neimane sievie\u0161u konkurenc\u0113 ie\u0146\u0113ma attiec\u012bgi 11. un 15. vietu. Latvijas komanda pl\u0101no turpin\u0101t saska\u0146ot savu r\u012bc\u012bbu ar Ukrainas sportistiem, lai aktualiz\u0113tu \u0161o jaut\u0101jumu starptautiskaj\u0101 sporta vid\u0113.<\/p>\n","protected":false},"excerpt":{"rendered":"Latvijas skeletona trenera br\u012bdin\u0101jums no IBSF Starptautisk\u0101 Bobsleja un skeletona feder\u0101cija (IBSF) ir izteikusi ofici\u0101lu br\u012bdin\u0101jumu Latvijas skeletona&hellip;\n","protected":false},"author":2,"featured_media":104051,"comment_status":"","ping_status":"","sticky":false,"template":"","format":"standard","meta":{"footnotes":""},"categories":[17],"tags":[12104,11559,3083,35,39,38,36,37,34,40,3959,11526,67],"class_list":{"0":"post-104280","1":"post","2":"type-post","3":"status-publish","4":"format-standard","5":"has-post-thumbnail","7":"category-sports","8":"tag-ibsf","9":"tag-ivo-steinbergs","10":"tag-krievijas-sportisti","11":"tag-latvia","12":"tag-latvian","13":"tag-latviesu","14":"tag-latviesu-valoda","15":"tag-latviesuvaloda","16":"tag-latvija","17":"tag-lv","18":"tag-protests","19":"tag-skeletons","20":"tag-sports"},"share_on_mastodon":{"url":"https:\/\/pubeurope.com\/@lv\/115893393485884221","error":""},"_links":{"self":[{"href":"https:\/\/www.europesays.com\/lv\/wp-json\/wp\/v2\/posts\/104280","targetHints":{"allow":["GET"]}}],"collection":[{"href":"https:\/\/www.europesays.com\/lv\/wp-json\/wp\/v2\/posts"}],"about":[{"href":"https:\/\/www.europesays.com\/lv\/wp-json\/wp\/v2\/types\/post"}],"author":[{"embeddable":true,"href":"https:\/\/www.europesays.com\/lv\/wp-json\/wp\/v2\/users\/2"}],"replies":[{"embeddable":true,"href":"https:\/\/www.europesays.com\/lv\/wp-json\/wp\/v2\/comments?post=104280"}],"version-history":[{"count":0,"href":"https:\/\/www.europesays.com\/lv\/wp-json\/wp\/v2\/posts\/104280\/revisions"}],"wp:featuredmedia":[{"embeddable":true,"href":"https:\/\/www.europesays.com\/lv\/wp-json\/wp\/v2\/media\/104051"}],"wp:attachment":[{"href":"https:\/\/www.europesays.com\/lv\/wp-json\/wp\/v2\/media?parent=104280"}],"wp:term":[{"taxonomy":"category","embeddable":true,"href":"https:\/\/www.europesays.com\/lv\/wp-json\/wp\/v2\/categories?post=104280"},{"taxonomy":"post_tag","embeddable":true,"href":"https:\/\/www.europesays.com\/lv\/wp-json\/wp\/v2\/tags?post=104280"}],"curies":[{"name":"wp","href":"https:\/\/api.w.org\/{rel}","templated":true}]}}