{"id":104287,"date":"2026-01-14T12:17:07","date_gmt":"2026-01-14T12:17:07","guid":{"rendered":"https:\/\/www.europesays.com\/lv\/104287\/"},"modified":"2026-01-14T12:17:07","modified_gmt":"2026-01-14T12:17:07","slug":"lielo-muzikas-balvu-par-muza-ieguldijumu-sanems-ergelniece-bulava-un-komponists-pelecis","status":"publish","type":"post","link":"https:\/\/www.europesays.com\/lv\/104287\/","title":{"rendered":"&#8220;Lielo m\u016bzikas balvu&#8221; par m\u016b\u017ea ieguld\u012bjumu sa\u0146ems \u0113r\u0123elniece Bulava un komponists Pel\u0113cis"},"content":{"rendered":"<p>Nomin\u0101cij\u0101 &#8220;Par izcilu sniegumu d\u017eez\u0101&#8221; izvirz\u012bti sitaminstrument\u0101lists Kaspars Kurdeko, saksofonists Toms Rudzinskis, vibrofonists un tausti\u0146instrument\u0101lists Mi\u0137elis Dzenu\u0161ka.<\/p>\n<p>Kult\u016bras ministrija (KM) inform\u0113, ka balvu pasnieg\u0161anas ceremonija notiks 6. mart\u0101 plkst. 19 koncertz\u0101l\u0113 &#8220;C\u0113sis&#8221;. Pas\u0101kumu atspogu\u013cos Latvijas Sabiedriskais medijs.<\/p>\n<p>Balsojums par &#8220;Delfi&#8221; auditorijas simp\u0101tiju norisin\u0101sies no 17. febru\u0101ra l\u012bdz 4. martam, pied\u0101v\u0101jot ikvienam izv\u0113l\u0113ties savu favor\u012btu no &#8220;Liel\u0101s m\u016bzikas balvas&#8221; nominantiem. \u0160ogad &#8220;Signet Banka&#8221; k\u013cuvusi par balvas lieldraugu, atbalstot profesion\u0101lo izcil\u012bbu Latvijas m\u016bzik\u0101 un veicinot augstv\u0113rt\u012bgas kult\u016bras pieejam\u012bbu pla\u0161\u0101kai sabiedr\u012bbai.<\/p>\n<p>Nominantu pazi\u0146o\u0161anai velt\u012btaj\u0101 preses konferenc\u0113 kult\u016bras ministre Agnese L\u0101ce (P) uzsv\u0113ra, ka \u0161\u012b balva ir pateic\u012bba nozares izcilniekiem par vi\u0146u nemain\u012bgi augstv\u0113rt\u012bgo sniegumu ne vien pa\u0161u m\u0101j\u0101s, bet ar\u012b nesot Latvijas v\u0101rdu pasaul\u0113. &#8220;Vienlaikus, r\u012bkojot &#8220;Liel\u0101s m\u016bzikas balvas&#8221; pasnieg\u0161anu \u0101rpus R\u012bgas, v\u0113lamies akcent\u0113t, ka Latvija ir izcils piem\u0113rs ar\u012b tam, ka, pateicoties valsts atbalstam, daudzveid\u012bgi un kvalitat\u012bvi kult\u016bras notikumi ir pieejami iedz\u012bvot\u0101jiem visos Latvijas re\u0123ionos,&#8221; pauda L\u0101ce.<\/p>\n<p>&#8220;Liel\u0101 m\u016bzikas balva&#8221; ir augst\u0101kais Latvijas valsts apbalvojums m\u016bzik\u0101. 1993. gad\u0101 KM, p\u0113c toreiz\u0113j\u0101 kult\u016bras ministra Raimonda Paula iniciat\u012bvas, pie\u0146\u0113ma l\u0113mumu ik gadu izcil\u0101kos sasniegumus Latvijas m\u016bzikas dz\u012bv\u0113 godin\u0101t ar speci\u0101lu balvu.<\/p>\n<p>Janv\u0101ra s\u0101kum\u0101 \u017e\u016brija izvirza balvas nominantus, par kuriem pazi\u0146o \u012bpa\u0161\u0101 KM preses konferenc\u0113, un tikai pirms pa\u0161a balvas pasnieg\u0161anas pas\u0101kuma notiek \u017e\u016brijas balsojums par laure\u0101tiem.<\/p>\n<p>Pas\u0101kumu organiz\u0113 KM un VSIA &#8220;Latvijas koncerti&#8221;.<\/p>\n","protected":false},"excerpt":{"rendered":"Nomin\u0101cij\u0101 &#8220;Par izcilu sniegumu d\u017eez\u0101&#8221; izvirz\u012bti sitaminstrument\u0101lists Kaspars Kurdeko, saksofonists Toms Rudzinskis, vibrofonists un tausti\u0146instrument\u0101lists Mi\u0137elis Dzenu\u0161ka. Kult\u016bras&hellip;\n","protected":false},"author":2,"featured_media":104288,"comment_status":"","ping_status":"","sticky":false,"template":"","format":"standard","meta":{"footnotes":""},"categories":[19],"tags":[89,90,35,39,38,36,37,34,40,103,9565],"class_list":{"0":"post-104287","1":"post","2":"type-post","3":"status-publish","4":"format-standard","5":"has-post-thumbnail","7":"category-izklaide","8":"tag-entertainment","9":"tag-izklaide","10":"tag-latvia","11":"tag-latvian","12":"tag-latviesu","13":"tag-latviesu-valoda","14":"tag-latviesuvaloda","15":"tag-latvija","16":"tag-lv","17":"tag-muzika","18":"tag-muzikas-notikumi"},"share_on_mastodon":{"url":"https:\/\/pubeurope.com\/@lv\/115893413048646296","error":""},"_links":{"self":[{"href":"https:\/\/www.europesays.com\/lv\/wp-json\/wp\/v2\/posts\/104287","targetHints":{"allow":["GET"]}}],"collection":[{"href":"https:\/\/www.europesays.com\/lv\/wp-json\/wp\/v2\/posts"}],"about":[{"href":"https:\/\/www.europesays.com\/lv\/wp-json\/wp\/v2\/types\/post"}],"author":[{"embeddable":true,"href":"https:\/\/www.europesays.com\/lv\/wp-json\/wp\/v2\/users\/2"}],"replies":[{"embeddable":true,"href":"https:\/\/www.europesays.com\/lv\/wp-json\/wp\/v2\/comments?post=104287"}],"version-history":[{"count":0,"href":"https:\/\/www.europesays.com\/lv\/wp-json\/wp\/v2\/posts\/104287\/revisions"}],"wp:featuredmedia":[{"embeddable":true,"href":"https:\/\/www.europesays.com\/lv\/wp-json\/wp\/v2\/media\/104288"}],"wp:attachment":[{"href":"https:\/\/www.europesays.com\/lv\/wp-json\/wp\/v2\/media?parent=104287"}],"wp:term":[{"taxonomy":"category","embeddable":true,"href":"https:\/\/www.europesays.com\/lv\/wp-json\/wp\/v2\/categories?post=104287"},{"taxonomy":"post_tag","embeddable":true,"href":"https:\/\/www.europesays.com\/lv\/wp-json\/wp\/v2\/tags?post=104287"}],"curies":[{"name":"wp","href":"https:\/\/api.w.org\/{rel}","templated":true}]}}