{"id":104291,"date":"2026-01-14T12:19:11","date_gmt":"2026-01-14T12:19:11","guid":{"rendered":"https:\/\/www.europesays.com\/lv\/104291\/"},"modified":"2026-01-14T12:19:11","modified_gmt":"2026-01-14T12:19:11","slug":"apple-iphone-bijusi-2025-gada-pardotakie-viedtalruni-2","status":"publish","type":"post","link":"https:\/\/www.europesays.com\/lv\/104291\/","title":{"rendered":"\u201cApple iPhone\u201d biju\u0161i 2025. gada p\u0101rdot\u0101kie viedt\u0101lru\u0146i"},"content":{"rendered":"<p>2025. gada ofici\u0101li pag\u0101jis iPhone z\u012bm\u0113, jo Apple izdevies atg\u016bt savu l\u012bderpoz\u012bciju k\u0101 <a href=\"https:\/\/counterpointresearch.com\/en\/insights\/global-smartphone-shipments-grew-2-percent-YoY-in-2025\" rel=\"nofollow noopener\" target=\"_blank\">p\u0101rdot\u0101kajam viedt\u0101lru\u0146u z\u012bmolam pasaul\u0113<\/a>.\n<\/p>\n<p>Tiesa, vad\u012bba ir \u013coti niec\u012bga, jo <a href=\"https:\/\/kursors.lv\/2025\/12\/31\/eiropa-piespiez-apple-konkurentu-veidotam-bezvadu-austinam-atlaut-visas-airpods-iespejas\/\" rel=\"nofollow noopener\" target=\"_blank\">Apple<\/a> pirmaj\u0101 viet\u0101 atrodas ar 20% tirgus da\u013cas, bet otraj\u0101 viet\u0101 elpo <a href=\"https:\/\/kursors.lv\/2026\/01\/07\/izskatas-ka-samsung-galaxy-s26-serijas-viedtalruni-tiks-prezenteti-25-februari\/\" rel=\"nofollow noopener\" target=\"_blank\">Samsung<\/a>, kam pieder 19%. Abos iepriek\u0161\u0113jos gados \u0161ie z\u012bmoli dal\u012bju\u0161i pirmo otro vietu ar vien\u0101du tirgus da\u013cu. Apple labo rezult\u0101tu izdevies sasniegt ar abiem b\u0101zes mode\u013ciem iPhone 16 un <a href=\"https:\/\/kursors.lv\/2025\/12\/03\/pieprasijums-pec-iphone-17-parsit-apple-telefonu-pardosanas-rekordus\/\" rel=\"nofollow noopener\" target=\"_blank\">iPhone 17<\/a>. Pietiekami liels piepras\u012bjums p\u0113c Apple iPhone 16 ir bijis jaunatt\u012bst\u012bbas tirgos, bet iPhone 17 bijis sp\u0113c\u012bgs gada nosl\u0113dzo\u0161ais ceturksnis. Kopum\u0101 p\u0101rdoto Apple telefonu skaits audzis par 10%, sal\u012bdzinot ar 2024. gadu.<br \/>\n<a href=\"https:\/\/www.europesays.com\/lv\/wp-content\/uploads\/2026\/01\/30771ad0-ef8b-11f0-9b1d-1fcc7a4e1652-ezgif.com-jpg-to-webp-converter.webp.webp\"><img fetchpriority=\"high\" decoding=\"async\" class=\" td-modal-image wp-image-344493 size-full\" src=\"https:\/\/www.europesays.com\/lv\/wp-content\/uploads\/2026\/01\/30771ad0-ef8b-11f0-9b1d-1fcc7a4e1652-ezgif.com-jpg-to-webp-converter.webp.webp\" alt=\"\" width=\"1722\" height=\"951\"  \/><\/a>Avots: Counterpoint Research\n<\/p>\n<p>Tikm\u0113r Samsung gad\u012bjum\u0101 nav nek\u0101du p\u0101rsteigumu, ka liel\u0101ko naudu tom\u0113r ienes bud\u017eeta klases telefoni, jo z\u012bmols ir p\u0101rst\u0101v\u0113ts visos telefonu segmentos. P\u0101rdot\u0101ko z\u012bmolu topa tre\u0161aj\u0101 viet\u0101 ar 13% atrodas <a href=\"https:\/\/kursors.lv\/2025\/12\/21\/xiaomi-un-leica-pazino-par-padzilinatu-sadarbibu\/\" rel=\"nofollow noopener\" target=\"_blank\">Xiaomi<\/a>, bet t\u0101l\u0101k ar 8% seko gan <a href=\"https:\/\/kursors.lv\/2025\/04\/23\/vivo-izlaiz-x200-ultra-viedtalruni-ar-nonemamu-9x-objektivu\/\" rel=\"nofollow noopener\" target=\"_blank\">Vivo<\/a>, gan Oppo. Viss viedt\u0101lru\u0146u tirgus audzis par 2%, sal\u012bdzinot v\u0113l ar gadu iepriek\u0161.<\/p>\n","protected":false},"excerpt":{"rendered":"2025. gada ofici\u0101li pag\u0101jis iPhone z\u012bm\u0113, jo Apple izdevies atg\u016bt savu l\u012bderpoz\u012bciju k\u0101 p\u0101rdot\u0101kajam viedt\u0101lru\u0146u z\u012bmolam pasaul\u0113. Tiesa,&hellip;\n","protected":false},"author":2,"featured_media":104111,"comment_status":"","ping_status":"","sticky":false,"template":"","format":"standard","meta":{"footnotes":""},"categories":[16],"tags":[77,76,35,39,38,36,37,34,40],"class_list":{"0":"post-104291","1":"post","2":"type-post","3":"status-publish","4":"format-standard","5":"has-post-thumbnail","7":"category-bizness","8":"tag-bizness","9":"tag-business","10":"tag-latvia","11":"tag-latvian","12":"tag-latviesu","13":"tag-latviesu-valoda","14":"tag-latviesuvaloda","15":"tag-latvija","16":"tag-lv"},"share_on_mastodon":{"url":"https:\/\/pubeurope.com\/@lv\/115893420956486137","error":""},"_links":{"self":[{"href":"https:\/\/www.europesays.com\/lv\/wp-json\/wp\/v2\/posts\/104291","targetHints":{"allow":["GET"]}}],"collection":[{"href":"https:\/\/www.europesays.com\/lv\/wp-json\/wp\/v2\/posts"}],"about":[{"href":"https:\/\/www.europesays.com\/lv\/wp-json\/wp\/v2\/types\/post"}],"author":[{"embeddable":true,"href":"https:\/\/www.europesays.com\/lv\/wp-json\/wp\/v2\/users\/2"}],"replies":[{"embeddable":true,"href":"https:\/\/www.europesays.com\/lv\/wp-json\/wp\/v2\/comments?post=104291"}],"version-history":[{"count":0,"href":"https:\/\/www.europesays.com\/lv\/wp-json\/wp\/v2\/posts\/104291\/revisions"}],"wp:featuredmedia":[{"embeddable":true,"href":"https:\/\/www.europesays.com\/lv\/wp-json\/wp\/v2\/media\/104111"}],"wp:attachment":[{"href":"https:\/\/www.europesays.com\/lv\/wp-json\/wp\/v2\/media?parent=104291"}],"wp:term":[{"taxonomy":"category","embeddable":true,"href":"https:\/\/www.europesays.com\/lv\/wp-json\/wp\/v2\/categories?post=104291"},{"taxonomy":"post_tag","embeddable":true,"href":"https:\/\/www.europesays.com\/lv\/wp-json\/wp\/v2\/tags?post=104291"}],"curies":[{"name":"wp","href":"https:\/\/api.w.org\/{rel}","templated":true}]}}