{"id":104300,"date":"2026-01-14T12:24:14","date_gmt":"2026-01-14T12:24:14","guid":{"rendered":"https:\/\/www.europesays.com\/lv\/104300\/"},"modified":"2026-01-14T12:24:14","modified_gmt":"2026-01-14T12:24:14","slug":"united-atkal-turas-pie-sentimentalam-vertibam-par-pagaidu-treneri-iecelot-bijuso-speletaju","status":"publish","type":"post","link":"https:\/\/www.europesays.com\/lv\/104300\/","title":{"rendered":"&#8220;United&#8221; atkal turas pie sentiment\u0101l\u0101m v\u0113rt\u012bb\u0101m, par pagaidu treneri iece\u013cot biju\u0161o sp\u0113l\u0113t\u0101ju"},"content":{"rendered":"<p>                                <img decoding=\"async\" src=\"https:\/\/www.europesays.com\/lv\/wp-content\/uploads\/2026\/01\/maikls-keriks-sportazinas-com-750x450.jpg\"   alt=\"Maikls Keriks\" class=\"post-featured-image\"\/><\/p>\n<p>Maikls Keriks | Foto: George Wood\/Getty Images<\/p>\n<p>Anglijas futbola premjerl\u012bgas klubu Man\u010destras \u201cUnited\u201d <a href=\"https:\/\/www.nytimes.com\/athletic\/6944757\/2026\/01\/13\/manchester-united-michael-carrick-interim-manager\/\" target=\"_blank\" rel=\"noreferrer noopener nofollow\">l\u012bdz sezonas beig\u0101m vad\u012bs<\/a> Maikls Keriks, kur\u0161 iecelts par pagaidu galveno treneri.<\/p>\n<p><a href=\"https:\/\/www.sportazinas.com\/18-menesu-vieta-sanak-viena-diena-mancestras-united-atlaiz-galveno-treneri\/\" rel=\"nofollow noopener\" target=\"_blank\">Jau zi\u0146ots<\/a>, ka \u201cUnited\u201d 5. janv\u0101r\u012b atlaida l\u012bdz\u0161in\u0113jo st\u016brmani Rubenu Amorimu, kuram bija nesaska\u0146as ar kluba vad\u012bbu. Jau tobr\u012bd k\u013cuva zin\u0101ms, ka Man\u010destras komanda jaun\u0101 galven\u0101 trenera mekl\u0113\u0161anu atliks l\u012bdz vasarai.<\/p>\n<p>\u201cThe Athletic\u201d v\u0113sta, ka kandid\u0101ti uz \u201cUnited\u201d pagaidu trenera amatu bija divi biju\u0161ie kluba sp\u0113l\u0113t\u0101ji \u2013 Keriks un \u016ale Gunnars Sul\u0161\u0113rs, kur\u0161 jau no 2018. l\u012bdz 2021. gadam tren\u0113ja \u201cUnited\u201d. \u0160oreiz kluba vad\u012bba ar sporta direktoru D\u017eeisonu Vilkoksu, kur\u0161 iepriek\u0161 \u201csag\u0101ja ragos\u201d ar Amorimu, un izpilddirektoru Om\u0101ru Beradu priek\u0161gal\u0101 nosliekusies par labu Kerikam.<\/p>\n<p>44 gadus vecais Keriks 2021. gada ruden\u012b p\u0113c Sul\u0161\u0113ra atlai\u0161anas aizvad\u012bja tr\u012bs sp\u0113les pie \u201cUnited\u201d st\u016bres, izc\u012bnot divas uzvaras un tiekot pie viena neiz\u0161\u0137irta. Lai ar\u012b Keriks, kur\u0161 p\u0113c sp\u0113l\u0113t\u0101ja karjeras beig\u0101m 2018. gad\u0101 uzreiz piev\u0113rs\u0101s trenera darbam, pirms tam bija darbojies gan Sul\u0161\u0113ra, gan \u017duz\u0113 Mourinju \u0161t\u0101bos, vi\u0146\u0161 pameta klubu, kad par treneri iecelts tika Ralfs Rangniks.<\/p>\n<p>Keriks 2022. gada oktobr\u012b k\u013cuva par Anglijas p\u0113c sp\u0113ka otr\u0101s l\u012bgas jeb \u201cChampionship\u201d komandas \u201cMiddlesbrough\u201d galveno treneri. Tobr\u012bd klubs kopv\u0113rt\u0113jum\u0101 bija 21. viet\u0101, ta\u010du Kerika vad\u012bb\u0101 izdev\u0101s pacelties l\u012bdz ceturtajai poz\u012bcijai, ta\u010du p\u0101rsp\u0113l\u0113s par iek\u013c\u016b\u0161anu premjerl\u012bg\u0101 cie\u0161ot neveiksmi.<\/p>\n<p>2023.\/2024. gada sezon\u0101 \u201cMiddlesbrough\u201d fini\u0161\u0113ja astotaj\u0101 viet\u0101, Kerikam p\u0113c\u0101k tiekot pie l\u012bguma pagarin\u0101juma, ta\u010du pag\u0101ju\u0161aj\u0101 sezon\u0101 klubs palika desmitaj\u0101 poz\u012bcij\u0101 un ang\u013cu speci\u0101lists tika atlaists.<\/p>\n<p>K\u0101 sp\u0113l\u0113t\u0101js Keriks savulaik \u201cUnited\u201d rind\u0101s nosp\u0113l\u0113ja 464 ma\u010dus, piecreiz triumf\u0113jot premjerl\u012bg\u0101, k\u0101 ar\u012b tiekot pie \u010cempionu l\u012bgas trofejas.<\/p>\n<p>\u201cUnited\u201d, kas pag\u0101ju\u0161aj\u0101 ned\u0113\u013c\u0101 cita biju\u0161\u0101 sp\u0113l\u0113t\u0101ja Derena Fle\u010dera vad\u012bb\u0101 c\u012bn\u012bj\u0101s neiz\u0161\u0137irti ar \u201cBurnley\u201d (2:2) un izst\u0101j\u0101s no FA kausa (1:2 pret \u201cBrighton\u201d), \u0161obr\u012bd premjerl\u012bgas kopv\u0113rt\u0113jum\u0101 ar 32 punktiem 21 sp\u0113l\u0113 atrodas sept\u012btaj\u0101 viet\u0101.<\/p>\n<blockquote class=\"twitter-tweet\" data-width=\"500\" data-dnt=\"true\">\n<p lang=\"en\" dir=\"ltr\">\ud83d\udea8 Manchester United reach agreement in principle with Michael Carrick + coaching staff to take over until end of season. Appointments subject to finalising contract details &amp; announcement. In position for <a href=\"https:\/\/twitter.com\/hashtag\/MUFC?src=hash&amp;ref_src=twsrc%5Etfw\" rel=\"nofollow noopener\" target=\"_blank\">#MUFC<\/a> ahead of <a href=\"https:\/\/twitter.com\/hashtag\/MCFC?src=hash&amp;ref_src=twsrc%5Etfw\" rel=\"nofollow noopener\" target=\"_blank\">#MCFC<\/a> visit this Sat <a href=\"https:\/\/twitter.com\/TheAthleticFC?ref_src=twsrc%5Etfw\" rel=\"nofollow noopener\" target=\"_blank\">@TheAthleticFC<\/a> <a href=\"https:\/\/t.co\/wE76Fgmo0U\" rel=\"nofollow\">https:\/\/t.co\/wE76Fgmo0U<\/a><\/p>\n<p>\u2014 David Ornstein (@David_Ornstein) <a href=\"https:\/\/twitter.com\/David_Ornstein\/status\/2010995727233613855?ref_src=twsrc%5Etfw\" rel=\"nofollow noopener\" target=\"_blank\">January 13, 2026<\/a><\/p><\/blockquote>\n<p>                    <script async src=\"https:\/\/platform.twitter.com\/widgets.js\" charset=\"utf-8\"><\/script><\/p>\n","protected":false},"excerpt":{"rendered":"Maikls Keriks | Foto: George Wood\/Getty Images Anglijas futbola premjerl\u012bgas klubu Man\u010destras \u201cUnited\u201d l\u012bdz sezonas beig\u0101m vad\u012bs Maikls&hellip;\n","protected":false},"author":2,"featured_media":104301,"comment_status":"","ping_status":"","sticky":false,"template":"","format":"standard","meta":{"footnotes":""},"categories":[17],"tags":[35,39,38,36,37,34,40,67],"class_list":{"0":"post-104300","1":"post","2":"type-post","3":"status-publish","4":"format-standard","5":"has-post-thumbnail","7":"category-sports","8":"tag-latvia","9":"tag-latvian","10":"tag-latviesu","11":"tag-latviesu-valoda","12":"tag-latviesuvaloda","13":"tag-latvija","14":"tag-lv","15":"tag-sports"},"share_on_mastodon":{"url":"https:\/\/pubeurope.com\/@lv\/115893440606520345","error":""},"_links":{"self":[{"href":"https:\/\/www.europesays.com\/lv\/wp-json\/wp\/v2\/posts\/104300","targetHints":{"allow":["GET"]}}],"collection":[{"href":"https:\/\/www.europesays.com\/lv\/wp-json\/wp\/v2\/posts"}],"about":[{"href":"https:\/\/www.europesays.com\/lv\/wp-json\/wp\/v2\/types\/post"}],"author":[{"embeddable":true,"href":"https:\/\/www.europesays.com\/lv\/wp-json\/wp\/v2\/users\/2"}],"replies":[{"embeddable":true,"href":"https:\/\/www.europesays.com\/lv\/wp-json\/wp\/v2\/comments?post=104300"}],"version-history":[{"count":0,"href":"https:\/\/www.europesays.com\/lv\/wp-json\/wp\/v2\/posts\/104300\/revisions"}],"wp:featuredmedia":[{"embeddable":true,"href":"https:\/\/www.europesays.com\/lv\/wp-json\/wp\/v2\/media\/104301"}],"wp:attachment":[{"href":"https:\/\/www.europesays.com\/lv\/wp-json\/wp\/v2\/media?parent=104300"}],"wp:term":[{"taxonomy":"category","embeddable":true,"href":"https:\/\/www.europesays.com\/lv\/wp-json\/wp\/v2\/categories?post=104300"},{"taxonomy":"post_tag","embeddable":true,"href":"https:\/\/www.europesays.com\/lv\/wp-json\/wp\/v2\/tags?post=104300"}],"curies":[{"name":"wp","href":"https:\/\/api.w.org\/{rel}","templated":true}]}}