{"id":104304,"date":"2026-01-14T12:27:12","date_gmt":"2026-01-14T12:27:12","guid":{"rendered":"https:\/\/www.europesays.com\/lv\/104304\/"},"modified":"2026-01-14T12:27:12","modified_gmt":"2026-01-14T12:27:12","slug":"ka-rikoties-kad-akumulators-streiko-ziemas-aukstuma-ekspertu-ieteikumi-un-risinajumi","status":"publish","type":"post","link":"https:\/\/www.europesays.com\/lv\/104304\/","title":{"rendered":"K\u0101 r\u012bkoties, kad akumulators &#8220;streiko&#8221; ziemas aukstum\u0101, \u2013 ekspertu ieteikumi un risin\u0101jumi"},"content":{"rendered":"<p>Ko dar\u012bt, lai akumulators ziemas aukstum\u0101 darbotos?<\/p>\n<p>&#8220;Regul\u0101ra akumulatora uzl\u0101de un p\u0101rbaude, korozijas no\u0146em\u0161ana un akumulatora uzglab\u0101\u0161ana silt\u0101k\u0101 vid\u0113 var b\u016btiski ietekm\u0113t to, lai nodro\u0161in\u0101tu t\u0101 nep\u0101rtrauktu darb\u012bbu pat visaukst\u0101kajos ziemas m\u0113ne\u0161os,&#8221; skaidro Drukmanis. &#8220;Pirms akumulatora uzl\u0101des ieteicams to no\u0146emt un viegli sakrat\u012bt, lai nov\u0113rstu elektrol\u012bta nosl\u0101\u0146o\u0161anos, kur \u016bdens paliek aug\u0161pus\u0113 un s\u0113rsk\u0101be nos\u0113\u017eas apak\u0161\u0101, t\u0101d\u0113j\u0101di mazinot \u012bssavienojuma risku un uzlabojot uzl\u0101des efektivit\u0101ti,&#8221; st\u0101sta &#8220;Inter Cars Latvija&#8221; eksperts.<\/p>\n<p>Ja ziem\u0101 automa\u0161\u012bnu nevar iedarbin\u0101t, tad ir svar\u012bgi saprast, vai probl\u0113ma sl\u0113pjas \u0123enerator\u0101 vai degvielas s\u016bkn\u012b. Ja vainu nav iesp\u0113jams noteikt un nov\u0113rst uzreiz, var m\u0113\u0123in\u0101t &#8220;iedz\u012bvin\u0101t&#8221; automa\u0161\u012bnu, iestumjot, ievelkot vai izmantojot starta vadus.<\/p>\n<p>Ja iepriek\u0161 min\u0113tie risin\u0101jumi nepal\u012bdz, auto b\u016btu ieteicams nog\u0101d\u0101t servis\u0101, kur speci\u0101listi var\u0113tu veikt padzi\u013cin\u0101tu diagnostiku.<\/p>\n","protected":false},"excerpt":{"rendered":"Ko dar\u012bt, lai akumulators ziemas aukstum\u0101 darbotos? &#8220;Regul\u0101ra akumulatora uzl\u0101de un p\u0101rbaude, korozijas no\u0146em\u0161ana un akumulatora uzglab\u0101\u0161ana silt\u0101k\u0101&hellip;\n","protected":false},"author":2,"featured_media":104305,"comment_status":"","ping_status":"","sticky":false,"template":"","format":"standard","meta":{"footnotes":""},"categories":[12],"tags":[5869,23,1494,28,29,32,33,22,30,31,35,39,38,36,37,34,40,20,26,27,16895,24,25,21],"class_list":{"0":"post-104304","1":"post","2":"type-post","3":"status-publish","4":"format-standard","5":"has-post-thumbnail","7":"category-latvija","8":"tag-ziema","9":"tag-aktualitates","10":"tag-automasinas","11":"tag-breaking-news","12":"tag-breakingnews","13":"tag-featured-news","14":"tag-featurednews","15":"tag-headlines","16":"tag-latest-news","17":"tag-latestnews","18":"tag-latvia","19":"tag-latvian","20":"tag-latviesu","21":"tag-latviesu-valoda","22":"tag-latviesuvaloda","23":"tag-latvija","24":"tag-lv","25":"tag-news","26":"tag-popularakas-zinas","27":"tag-popularakaszinas","28":"tag-sals","29":"tag-top-stories","30":"tag-topstories","31":"tag-zinas"},"share_on_mastodon":{"url":"https:\/\/pubeurope.com\/@lv\/115893452411088041","error":""},"_links":{"self":[{"href":"https:\/\/www.europesays.com\/lv\/wp-json\/wp\/v2\/posts\/104304","targetHints":{"allow":["GET"]}}],"collection":[{"href":"https:\/\/www.europesays.com\/lv\/wp-json\/wp\/v2\/posts"}],"about":[{"href":"https:\/\/www.europesays.com\/lv\/wp-json\/wp\/v2\/types\/post"}],"author":[{"embeddable":true,"href":"https:\/\/www.europesays.com\/lv\/wp-json\/wp\/v2\/users\/2"}],"replies":[{"embeddable":true,"href":"https:\/\/www.europesays.com\/lv\/wp-json\/wp\/v2\/comments?post=104304"}],"version-history":[{"count":0,"href":"https:\/\/www.europesays.com\/lv\/wp-json\/wp\/v2\/posts\/104304\/revisions"}],"wp:featuredmedia":[{"embeddable":true,"href":"https:\/\/www.europesays.com\/lv\/wp-json\/wp\/v2\/media\/104305"}],"wp:attachment":[{"href":"https:\/\/www.europesays.com\/lv\/wp-json\/wp\/v2\/media?parent=104304"}],"wp:term":[{"taxonomy":"category","embeddable":true,"href":"https:\/\/www.europesays.com\/lv\/wp-json\/wp\/v2\/categories?post=104304"},{"taxonomy":"post_tag","embeddable":true,"href":"https:\/\/www.europesays.com\/lv\/wp-json\/wp\/v2\/tags?post=104304"}],"curies":[{"name":"wp","href":"https:\/\/api.w.org\/{rel}","templated":true}]}}