{"id":104308,"date":"2026-01-14T12:29:07","date_gmt":"2026-01-14T12:29:07","guid":{"rendered":"https:\/\/www.europesays.com\/lv\/104308\/"},"modified":"2026-01-14T12:29:07","modified_gmt":"2026-01-14T12:29:07","slug":"ugis-kugis-ar-gimeni-pamet-gimene-burka","status":"publish","type":"post","link":"https:\/\/www.europesays.com\/lv\/104308\/","title":{"rendered":"U\u0123is Ku\u0123is ar \u0123imeni pamet &#8216;\u0122imene burk\u0101&#8221;"},"content":{"rendered":"<p class=\"descr\">Kri\u0161na\u012bts un v\u0113diskais filozofs U\u0123is Ku\u0123is kop\u0101 ar \u0123imeni nol\u0113mis pamest \u0161ovu &#8220;\u0122imene burk\u0101&#8221;.<\/p>\n<p>Par savu aizie\u0161anu vi\u0146\u0161 pazi\u0146ojis soci\u0101lajos t\u012bklos: &#8220;Paldies par skaisto TV piedz\u012bvojumu, kas m\u016bsu dz\u012bv\u0113 ieilga uz veseliem \u010detriem ar pus gadiem. Tas bija izaicino\u0161i. Reiz\u0113m gr\u016bti. Viet\u0101m \u013coti atkl\u0101ti un pat s\u0101p\u012bgi. Bet tie\u0161i t\u0101p\u0113c &#8211; patiesi.<\/p>\n<blockquote><p>M\u0113s iem\u0101c\u012bj\u0101mies vair\u0101k, nek\u0101 s\u0101kum\u0101 sp\u0113j\u0101m iedom\u0101ties. Par sevi. Par \u0123imeni. Par attiec\u012bb\u0101m. Par robe\u017e\u0101m. Par drosmi b\u016bt \u012bstiem &#8211; ar\u012b tad, kad tas nav \u0113rti.<\/p><\/blockquote>\n<p>\u0160odien m\u0113s atvad\u0101mies no TV \u0161ova \u0122imene burk\u0101, bet ne no pieredzes, ko tas mums deva. T\u0101 paliek ar mums &#8211; k\u0101 v\u0113rt\u012bba, k\u0101 izaugsme, k\u0101 dz\u012bves skola. No sirds sak\u0101m paldies visiem, kas bija da\u013ca no \u0161\u012b ce\u013ca &#8211; komandai, veidot\u0101jiem, producentiem, operatoriem, redaktoriem un ikvienam, kur\u0161 \u0161o st\u0101stu pal\u012bdz\u0113ja padar\u012bt dz\u012bvu. Un paldies skat\u012bt\u0101jiem &#8211; par kl\u0101tb\u016btni, viedok\u013ciem, atbalstu un god\u012bgumu. M\u0113s ejam t\u0101l\u0101k &#8211; cit\u0101d\u0101ki, stipr\u0101ki un apzin\u0101t\u0101ki,&#8221; raksta <a href=\"https:\/\/nra.lv\/birka\/ugis-kugis\/\" target=\"_blank\" rel=\"noopener nofollow\">U\u0123is Ku\u0123is. <\/a><\/p>\n<p>Cilv\u0113ki koment\u0101ros v\u0113l izdo\u0161anos un apgalvo, ka U\u0123a Ku\u0123a \u0123imene bija galvenais iemesls, k\u0101p\u0113c vi\u0146i skat\u012bj\u0101s \u0161ovu.<\/p>\n","protected":false},"excerpt":{"rendered":"Kri\u0161na\u012bts un v\u0113diskais filozofs U\u0123is Ku\u0123is kop\u0101 ar \u0123imeni nol\u0113mis pamest \u0161ovu &#8220;\u0122imene burk\u0101&#8221;. Par savu aizie\u0161anu vi\u0146\u0161&hellip;\n","protected":false},"author":2,"featured_media":104309,"comment_status":"","ping_status":"","sticky":false,"template":"","format":"standard","meta":{"footnotes":""},"categories":[19],"tags":[89,90,35,39,38,36,37,34,40],"class_list":{"0":"post-104308","1":"post","2":"type-post","3":"status-publish","4":"format-standard","5":"has-post-thumbnail","7":"category-izklaide","8":"tag-entertainment","9":"tag-izklaide","10":"tag-latvia","11":"tag-latvian","12":"tag-latviesu","13":"tag-latviesu-valoda","14":"tag-latviesuvaloda","15":"tag-latvija","16":"tag-lv"},"share_on_mastodon":{"url":"https:\/\/pubeurope.com\/@lv\/115893460219316547","error":""},"_links":{"self":[{"href":"https:\/\/www.europesays.com\/lv\/wp-json\/wp\/v2\/posts\/104308","targetHints":{"allow":["GET"]}}],"collection":[{"href":"https:\/\/www.europesays.com\/lv\/wp-json\/wp\/v2\/posts"}],"about":[{"href":"https:\/\/www.europesays.com\/lv\/wp-json\/wp\/v2\/types\/post"}],"author":[{"embeddable":true,"href":"https:\/\/www.europesays.com\/lv\/wp-json\/wp\/v2\/users\/2"}],"replies":[{"embeddable":true,"href":"https:\/\/www.europesays.com\/lv\/wp-json\/wp\/v2\/comments?post=104308"}],"version-history":[{"count":0,"href":"https:\/\/www.europesays.com\/lv\/wp-json\/wp\/v2\/posts\/104308\/revisions"}],"wp:featuredmedia":[{"embeddable":true,"href":"https:\/\/www.europesays.com\/lv\/wp-json\/wp\/v2\/media\/104309"}],"wp:attachment":[{"href":"https:\/\/www.europesays.com\/lv\/wp-json\/wp\/v2\/media?parent=104308"}],"wp:term":[{"taxonomy":"category","embeddable":true,"href":"https:\/\/www.europesays.com\/lv\/wp-json\/wp\/v2\/categories?post=104308"},{"taxonomy":"post_tag","embeddable":true,"href":"https:\/\/www.europesays.com\/lv\/wp-json\/wp\/v2\/tags?post=104308"}],"curies":[{"name":"wp","href":"https:\/\/api.w.org\/{rel}","templated":true}]}}