{"id":104310,"date":"2026-01-14T12:30:07","date_gmt":"2026-01-14T12:30:07","guid":{"rendered":"https:\/\/www.europesays.com\/lv\/104310\/"},"modified":"2026-01-14T12:30:07","modified_gmt":"2026-01-14T12:30:07","slug":"vef-riga-papildinas-ar-amerikanu-saspeles-vaditaju-stouksu-basketbols-sportacentrs-com","status":"publish","type":"post","link":"https:\/\/www.europesays.com\/lv\/104310\/","title":{"rendered":"&#8220;VEF R\u012bga&#8221; papildin\u0101s ar amerik\u0101\u0146u sasp\u0113les vad\u012bt\u0101ju Stouksu \u2013 Basketbols \u2013 Sportacentrs.com"},"content":{"rendered":"<p>M\u0101rti\u0146a Gulbja tren\u0113tajai &#8220;VEF R\u012bga&#8221; komandai \u0161\u012b ir neizdevusies sezona. R\u012bdzinieki neizmantoja p\u0113d\u0113jos gados pa\u0161u pateic\u012bg\u0101ko \u010cempionu l\u012bgas grupu turn\u012bra izlozi un palika p\u0113d\u0113j\u0101 viet\u0101, piedz\u012bvojot agru noie\u0161anu no Eiropas klubu basketbola skatuves. Apvienotaj\u0101 Latvijas &#8211; Igaunijas l\u012bg\u0101 r\u012bdzinieki \u0161obr\u012bd ie\u0146em tre\u0161o vietu, bet Latvijas kaus\u0101 Vefi\u0146am draud probl\u0113mas, pirms atbildes sp\u0113les pret valmierie\u0161iem esot 14 punktu defic\u012bt\u0101.<\/p>\n<p>\u0160odien pandas izzi\u0146oja par sava sast\u0101va papildin\u0101\u0161anu ar Baltimor\u0101 dzimu\u0161o sasp\u0113les vad\u012bt\u0101ju Kamau Stokusu, kur\u0161 iekr\u0101jis v\u0113r\u0101 \u0146emamu pieredzi gan Eiropas, gan Amerikas basketbol\u0101. \u0160\u012bs sezonas pirmo pusi amerik\u0101nis aizvad\u012bja Bulg\u0101rij\u0101, sp\u0113l\u0113jot \u010dempionu &#8220;Rilski Sportist&#8221; rind\u0101s. FIBA Eiropas kaus\u0101 Stouksa r\u0101d\u012bt\u0101ji sasniedza 16,2 punktus, 5,2 atl\u0113ku\u0161\u0101s bumbas un 4,6 rezultat\u012bvas piesp\u0113les. Tikm\u0113r Bulg\u0101rijas \u010dempion\u0101t\u0101 vi\u0146am caurm\u0113r\u0101 10,8 g\u016bti punkti un izdal\u012btas 3,8 rezultat\u012bvas piesp\u0113les.<\/p>\n<p>Koled\u017eu basketbola karjer\u0101 Stoukss p\u0101rst\u0101v\u0113ja Kanzasasa \u0161tata &#8220;Wildcats&#8221; komandu. 184 centimetrus garais sp\u0113l\u0113t\u0101js profesion\u0101lo karjeru pavad\u012bjis Polij\u0101, V\u0101cijas otraj\u0101 l\u012bg\u0101, p\u0101rst\u0101v\u0113jis zviedru komandu Nor\u010depingas &#8220;Dolphins&#8221;, k\u0101 ar\u012b p\u0101rst\u0101v\u0113jis vien\u012bbas Ung\u0101rij\u0101, \u010cehij\u0101, Somij\u0101 un 2023.\/2024. gada sezon\u0101 sp\u0113l\u0113jis tepat kaimi\u0146os lietuvie\u0161u komand\u0101 &#8220;Ma\u017eeikai&#8221;. Stoukss guvis pieredzi ar\u012b Meksikas un Argent\u012bnas l\u012bg\u0101s, bet p\u0113d\u0113jie gadi pavad\u012bti Balk\u0101nos, p\u0101rst\u0101vot Rum\u0101nijas vien\u012bbu Bukarestes &#8220;Steaua&#8221; un bulg\u0101ru &#8220;Rilski Sportist&#8221;.<\/p>\n<p>Tuv\u0101k\u0101 sp\u0113le &#8220;VEF R\u012bga&#8221; komandai gaid\u0101ma 17. janv\u0101r\u012b Latvijas basketbola &#8220;U\u017eavas&#8221; kaus\u0101 pret &#8220;Valmiera Glass\/ViA&#8221;. Savuk\u0101rt Latvijas &#8211; Igaunijas l\u012bg\u0101 20. janv\u0101r\u012b M\u0101rti\u0146a Gulbja komanda sp\u0113l\u0113s pret turn\u012bra apak\u0161\u0101 eso\u0161o LU vien\u012bbu.<\/p>\n","protected":false},"excerpt":{"rendered":"M\u0101rti\u0146a Gulbja tren\u0113tajai &#8220;VEF R\u012bga&#8221; komandai \u0161\u012b ir neizdevusies sezona. R\u012bdzinieki neizmantoja p\u0113d\u0113jos gados pa\u0161u pateic\u012bg\u0101ko \u010cempionu l\u012bgas&hellip;\n","protected":false},"author":2,"featured_media":104311,"comment_status":"","ping_status":"","sticky":false,"template":"","format":"standard","meta":{"footnotes":""},"categories":[17],"tags":[145,35,39,38,36,37,34,1313,1314,1312,40,67],"class_list":{"0":"post-104310","1":"post","2":"type-post","3":"status-publish","4":"format-standard","5":"has-post-thumbnail","7":"category-sports","8":"tag-basketbols","9":"tag-latvia","10":"tag-latvian","11":"tag-latviesu","12":"tag-latviesu-valoda","13":"tag-latviesuvaloda","14":"tag-latvija","15":"tag-latvijas-basketbola-liga","16":"tag-latvijas-basketbols","17":"tag-lbl","18":"tag-lv","19":"tag-sports"},"share_on_mastodon":{"url":"https:\/\/pubeurope.com\/@lv\/115893464244106509","error":""},"_links":{"self":[{"href":"https:\/\/www.europesays.com\/lv\/wp-json\/wp\/v2\/posts\/104310","targetHints":{"allow":["GET"]}}],"collection":[{"href":"https:\/\/www.europesays.com\/lv\/wp-json\/wp\/v2\/posts"}],"about":[{"href":"https:\/\/www.europesays.com\/lv\/wp-json\/wp\/v2\/types\/post"}],"author":[{"embeddable":true,"href":"https:\/\/www.europesays.com\/lv\/wp-json\/wp\/v2\/users\/2"}],"replies":[{"embeddable":true,"href":"https:\/\/www.europesays.com\/lv\/wp-json\/wp\/v2\/comments?post=104310"}],"version-history":[{"count":0,"href":"https:\/\/www.europesays.com\/lv\/wp-json\/wp\/v2\/posts\/104310\/revisions"}],"wp:featuredmedia":[{"embeddable":true,"href":"https:\/\/www.europesays.com\/lv\/wp-json\/wp\/v2\/media\/104311"}],"wp:attachment":[{"href":"https:\/\/www.europesays.com\/lv\/wp-json\/wp\/v2\/media?parent=104310"}],"wp:term":[{"taxonomy":"category","embeddable":true,"href":"https:\/\/www.europesays.com\/lv\/wp-json\/wp\/v2\/categories?post=104310"},{"taxonomy":"post_tag","embeddable":true,"href":"https:\/\/www.europesays.com\/lv\/wp-json\/wp\/v2\/tags?post=104310"}],"curies":[{"name":"wp","href":"https:\/\/api.w.org\/{rel}","templated":true}]}}