{"id":104312,"date":"2026-01-14T12:31:16","date_gmt":"2026-01-14T12:31:16","guid":{"rendered":"https:\/\/www.europesays.com\/lv\/104312\/"},"modified":"2026-01-14T12:31:16","modified_gmt":"2026-01-14T12:31:16","slug":"kalve-coffee-atver-kafejnicu-parize","status":"publish","type":"post","link":"https:\/\/www.europesays.com\/lv\/104312\/","title":{"rendered":"Kalve Coffee atver kafejn\u012bcu Par\u012bz\u0113"},"content":{"rendered":"<p>Specialty kafijas grauzd\u0113tava Kalve Coffee atv\u0113rusi kafejn\u012bcu Par\u012bz\u0113 \u2013 40 Rue Desaix, inform\u0113 uz\u0146\u0113mums.<\/p>\n<p><a href=\"https:\/\/static-img.aripaev.ee\/?type=preview&amp;uuid=c7f5e68d-8629-5bf0-80f5-fe33df4987a9\" target=\"_blank\" rel=\"noopener noreferrer nofollow\" class=\"styles_article-image__holder__jEhZc\" style=\"aspect-ratio:0.816400580551524\"><img alt=\"Kalve Coffee atver kafejn\u012bcu Par\u012bz\u0113\" draggable=\"false\" fetchpriority=\"high\" decoding=\"async\" data-nimg=\"fill\" style=\"position:absolute;height:100%;width:100%;left:0;top:0;right:0;bottom:0;color:transparent\"   src=\"https:\/\/www.europesays.com\/lv\/wp-content\/uploads\/2026\/01\/1768393874_237_.jpeg\"\/><\/a><\/p>\n<p>Pa\u0161laik Kalve Coffee ir kafijas tirdzniec\u012bbas vietas, tostarp kafejn\u012bcas R\u012bg\u0101, Tallin\u0101, Vi\u013c\u0146\u0101 un tagad ar\u012b Par\u012bz\u0113. Jaunm\u0101rup\u0113 darbojas kafijas grauzd\u0113tava, bet R\u012bg\u0101 &#8211; konditoreja.<\/p>\n<p>2024. gada decembr\u012b Kalve Coffee piesaist\u012bja 1,16 miljonus eiro invest\u012bciju. No \u0161\u012b finans\u0113juma 280 t\u016bksto\u0161i eiro ieguld\u012bti Igaunij\u0101, kur \u0161obr\u012bd darbojas tr\u012bs Kalve Coffee konceptkafejn\u012bcas, un 120 t\u016bksto\u0161i eiro \u2013 Lietuvas tirg\u016b.<\/p>\n<p>P\u0113c 46 % ie\u0146\u0113mumu pieauguma 2025. gada pirmaj\u0101 ceturksn\u012b, ko veicin\u0101ja stabils viet\u0113jais sniegums, Kalve Coffee turpina \u012bstenot pla\u0161\u0101ku starptautisk\u0101s papla\u0161in\u0101\u0161an\u0101s strat\u0113\u0123iju.<\/p>\n<p class=\"styles_banner__label__NHyOM\">Raksts turpin\u0101s p\u0113c rekl\u0101mas<\/p>\n<p>2025.gada j\u016blij\u0101 specialty kafijas grauzd\u0113tava Kalve Coffee atv\u0113ra savu pirmo konceptkafejn\u012bcu Lietuv\u0101 \u2013 Kalve Vasario, Vi\u013c\u0146\u0101, kas atrodas nesen restaur\u0113taj\u0101, v\u0113sturiskaj\u0101 J\u0113kaba kvart\u0101l\u0101.<\/p>\n<p>T\u0101pat uz\u0146\u0113mums iepriek\u0161 inform\u0113jis, ka pl\u0101nota p\u0101rst\u0101vniec\u012bbas izveide Portug\u0101l\u0113.<\/p>\n<p><a href=\"https:\/\/static-img.aripaev.ee\/?type=preview&amp;uuid=69bc3a60-e2a9-5000-bdb0-b2fd655829e2\" target=\"_blank\" rel=\"noopener noreferrer nofollow\" class=\"styles_article-image__holder__jEhZc\" style=\"aspect-ratio:0.8187772925764192\"><img alt=\"\" draggable=\"false\" loading=\"lazy\" decoding=\"async\" data-nimg=\"fill\" style=\"position:absolute;height:100%;width:100%;left:0;top:0;right:0;bottom:0;color:transparent\"   src=\"https:\/\/www.europesays.com\/lv\/wp-content\/uploads\/2026\/01\/1768393875_800_.jpeg\"\/><\/a><a href=\"https:\/\/static-img.aripaev.ee\/?type=preview&amp;uuid=11c71bbd-dc48-59f6-ba74-a2ee2725831c\" target=\"_blank\" rel=\"noopener noreferrer nofollow\" class=\"styles_article-image__holder__jEhZc\" style=\"aspect-ratio:0.8081896551724138\"><img alt=\"\" draggable=\"false\" loading=\"lazy\" decoding=\"async\" data-nimg=\"fill\" style=\"position:absolute;height:100%;width:100%;left:0;top:0;right:0;bottom:0;color:transparent\"   src=\"https:\/\/www.europesays.com\/lv\/wp-content\/uploads\/2026\/01\/1768393876_481_.jpeg\"\/><\/a><\/p>\n<p>Interes\u0113 \u0161\u012b t\u0113ma? S\u0101c sekot \u0161iem atsl\u0113gas v\u0101rdiem un sa\u0146em pazi\u0146ojumus, kad ir pieejams jauns saturs!<\/p>\n<p>Saist\u012btie raksti<a draggable=\"false\" href=\"https:\/\/www.investoruklubs.lv\/satura-marketings\/2025\/11\/19\/izdevigaka-vieta-uznemuma-brivajai-naudai-bigbank-krajkonts\" rel=\"nofollow noopener\" target=\"_blank\">Izdev\u012bg\u0101k\u0101 vieta uz\u0146\u0113muma br\u012bvajai naudai &#8211; Bigbank kr\u0101jkonts<\/a><\/p>\n<p>Uz\u0146\u0113muma naudas pl\u016bsma ir k\u0101 dz\u012bvs organisms \u2013 reiz\u0113m taj\u0101 v\u0113rojami strauj\u0101ki pieaugumi, citk\u0101rt \u2013 mier\u012bg\u0101ka pl\u016bsma. Jebkur\u0101 gad\u012bjum\u0101 ir svar\u012bgi, lai vienm\u0113r b\u016btu ar\u012b k\u0101di br\u012bvie l\u012bdzek\u013ci, kas rada dro\u0161\u012bbas saj\u016btu un veicina att\u012bst\u012bbu, l\u012bdz ar to aktu\u0101ls ir ar\u012b jaut\u0101jums par \u0161o l\u012bdzek\u013cu uzglab\u0101\u0161anu t\u0101, lai tie nezaud\u0113tu v\u0113rt\u012bbu un vienlaikus b\u016btu dro\u0161\u012bb\u0101 un viegli pieejami jebkur\u0101 br\u012bd\u012b.<\/p>\n","protected":false},"excerpt":{"rendered":"Specialty kafijas grauzd\u0113tava Kalve Coffee atv\u0113rusi kafejn\u012bcu Par\u012bz\u0113 \u2013 40 Rue Desaix, inform\u0113 uz\u0146\u0113mums. Pa\u0161laik Kalve Coffee ir&hellip;\n","protected":false},"author":2,"featured_media":104313,"comment_status":"","ping_status":"","sticky":false,"template":"","format":"standard","meta":{"footnotes":""},"categories":[16],"tags":[77,76,35,39,38,36,37,34,40],"class_list":{"0":"post-104312","1":"post","2":"type-post","3":"status-publish","4":"format-standard","5":"has-post-thumbnail","7":"category-bizness","8":"tag-bizness","9":"tag-business","10":"tag-latvia","11":"tag-latvian","12":"tag-latviesu","13":"tag-latviesu-valoda","14":"tag-latviesuvaloda","15":"tag-latvija","16":"tag-lv"},"share_on_mastodon":{"url":"https:\/\/pubeurope.com\/@lv\/115893468097445737","error":""},"_links":{"self":[{"href":"https:\/\/www.europesays.com\/lv\/wp-json\/wp\/v2\/posts\/104312","targetHints":{"allow":["GET"]}}],"collection":[{"href":"https:\/\/www.europesays.com\/lv\/wp-json\/wp\/v2\/posts"}],"about":[{"href":"https:\/\/www.europesays.com\/lv\/wp-json\/wp\/v2\/types\/post"}],"author":[{"embeddable":true,"href":"https:\/\/www.europesays.com\/lv\/wp-json\/wp\/v2\/users\/2"}],"replies":[{"embeddable":true,"href":"https:\/\/www.europesays.com\/lv\/wp-json\/wp\/v2\/comments?post=104312"}],"version-history":[{"count":0,"href":"https:\/\/www.europesays.com\/lv\/wp-json\/wp\/v2\/posts\/104312\/revisions"}],"wp:featuredmedia":[{"embeddable":true,"href":"https:\/\/www.europesays.com\/lv\/wp-json\/wp\/v2\/media\/104313"}],"wp:attachment":[{"href":"https:\/\/www.europesays.com\/lv\/wp-json\/wp\/v2\/media?parent=104312"}],"wp:term":[{"taxonomy":"category","embeddable":true,"href":"https:\/\/www.europesays.com\/lv\/wp-json\/wp\/v2\/categories?post=104312"},{"taxonomy":"post_tag","embeddable":true,"href":"https:\/\/www.europesays.com\/lv\/wp-json\/wp\/v2\/tags?post=104312"}],"curies":[{"name":"wp","href":"https:\/\/api.w.org\/{rel}","templated":true}]}}