{"id":104314,"date":"2026-01-14T12:33:08","date_gmt":"2026-01-14T12:33:08","guid":{"rendered":"https:\/\/www.europesays.com\/lv\/104314\/"},"modified":"2026-01-14T12:33:08","modified_gmt":"2026-01-14T12:33:08","slug":"abu-meri-kliniskas-barosanas-pakalpojums-latvija-jaisteno-pec-vienotas-uz-pacientu-vajadzibam-verstas-pieejas-2","status":"publish","type":"post","link":"https:\/\/www.europesays.com\/lv\/104314\/","title":{"rendered":"Abu Meri: kl\u012bnisk\u0101s baro\u0161anas pakalpojums Latvij\u0101 j\u0101\u012bsteno p\u0113c vienotas, uz pacientu vajadz\u012bb\u0101m v\u0113rstas pieejas"},"content":{"rendered":"<p>\u0160odien, 14. janv\u0101r\u012b, vesel\u012bbas ministrs Hosams Abu Meri tik\u0101s ar Latvijas Kl\u012bnisk\u0101s baro\u0161anas un metabolisma asoci\u0101cijas vad\u012bbu, lai p\u0101rrun\u0101tu kl\u012bnisk\u0101s baro\u0161anas pakalpojuma pieejam\u012bbu un kvalit\u0101tes uzlabo\u0161anu Latvij\u0101.<\/p>\n<p>Sarunas laik\u0101 uzsv\u0113rta nepiecie\u0161am\u012bba izstr\u0101d\u0101t vienotu kl\u012bnisk\u0101s baro\u0161anas metodes aprakstu, kas nodro\u0161in\u0101tu saska\u0146otu un uz pacientu orient\u0113tu pieeju, nov\u0113r\u0161ot pa\u0161reiz\u0113jo fragment\u0101ciju pakalpojuma snieg\u0161an\u0101. Tika p\u0101rrun\u0101ta pacienta ce\u013ca pilnveide, tai skait\u0101 dinamisk\u0101s nov\u0113ro\u0161anas posma ievie\u0161ana, k\u0101 ar\u012b re\u0123ion\u0101l\u0101 p\u0101rkl\u0101juma papla\u0161in\u0101\u0161ana, lai pakalpojums b\u016btu pieejams ne tikai R\u012bg\u0101, bet ar\u012b citos re\u0123ionos.<\/p>\n<p>Tik\u0161an\u0101s laik\u0101 vesel\u012bbas ministrs ar asoci\u0101cijas vad\u012bbu p\u0101rrun\u0101ja malnutr\u012bcijas skr\u012bningu un t\u0101 digitaliz\u0101cijas jaut\u0101jumus, kl\u012bnisk\u0101s baro\u0161anas defin\u0113\u0161anu k\u0101 \u0101rstniec\u012bbas metodi, k\u0101 ar\u012b speci\u0101listu kompeten\u010du stiprin\u0101\u0161anu, \u012bpa\u0161i m\u0101s\u0101m ar papla\u0161in\u0101t\u0101m kompetenc\u0113m. Uzsv\u0113rta tika apm\u0101c\u012bbu noz\u012bme, balstoties uz Eiropas vadl\u012bnij\u0101m, un nepiecie\u0161am\u012bba uzlabot inform\u0101cijas apriti, lai pacienti un \u0101rsti savlaic\u012bgi sa\u0146emtu skaidru inform\u0101ciju par speci\u0101l\u0101s p\u0101rtikas noz\u012bm\u0113\u0161anu un sa\u0146em\u0161anas iesp\u0113j\u0101m.<\/p>\n<p>Vesel\u012bbas ministrs Hosams Abu Meri nor\u0101d\u012bja, ka m\u0113r\u0137is ir pan\u0101kt, lai kl\u012bnisk\u0101s baro\u0161anas pakalpojums Latvij\u0101 b\u016btu pieejams, kvalitat\u012bvs un balst\u012bts uz pacientu vajadz\u012bb\u0101m. Lai to pan\u0101ktu, b\u016btisks ir vienots metodes apraksts un cie\u0161a sadarb\u012bba ar nozares profesion\u0101\u013ciem. Kop\u012bgi izstr\u0101d\u0101ta metode \u013cautu vienoti defin\u0113t pacienta ce\u013cu, tai skait\u0101 dinamisk\u0101s nov\u0113ro\u0161anas posmu, speci\u0101listu kompetences, k\u0101 ar\u012b institucion\u0101l\u0101s atbild\u012bbas sadal\u012bjumu.<\/p>\n<p>Tik\u0161an\u0101s nosl\u0113gum\u0101 puses vienoj\u0101s turpin\u0101t sadarb\u012bbu metodes izstr\u0101d\u0113, lai ilgtermi\u0146\u0101 nodro\u0161in\u0101tu pacientu interes\u0113m atbilsto\u0161u, ilgtsp\u0113j\u012bgu un kvalitat\u012bvu kl\u012bnisk\u0101s baro\u0161anas pakalpojumu. Tuv\u0101kaj\u0101 laik\u0101 tiks r\u012bkotas papildu tik\u0161an\u0101s ar Nacion\u0101lo vesel\u012bbas dienestu un B\u0113rnu kl\u012bnisko universit\u0101tes slimn\u012bcu, lai mekl\u0113tu risin\u0101jumus pakalpojumu pieejam\u012bbas uzlabo\u0161anai re\u0123ionos.<\/p>\n<p>          <img decoding=\"async\" src=\"https:\/\/www.europesays.com\/lv\/wp-content\/uploads\/2026\/01\/1767645852_487_logo-lv.png\" alt=\"\"\/><\/p>\n<p>                  \u0160\u012b inform\u0101cija ir publisks pazi\u0146ojums un neatspogu\u013co LV port\u0101la viedokli. Par t\u0101s saturu atbild ies\u016bt\u012bt\u0101js. <a data-popup=\"rules\">Public\u0113\u0161anas noteikumi<\/a><\/p>\n","protected":false},"excerpt":{"rendered":"\u0160odien, 14. janv\u0101r\u012b, vesel\u012bbas ministrs Hosams Abu Meri tik\u0101s ar Latvijas Kl\u012bnisk\u0101s baro\u0161anas un metabolisma asoci\u0101cijas vad\u012bbu, lai&hellip;\n","protected":false},"author":2,"featured_media":95583,"comment_status":"","ping_status":"","sticky":false,"template":"","format":"standard","meta":{"footnotes":""},"categories":[12],"tags":[23,28,29,32,33,22,30,31,35,39,38,36,37,34,40,20,26,27,24,25,21],"class_list":{"0":"post-104314","1":"post","2":"type-post","3":"status-publish","4":"format-standard","5":"has-post-thumbnail","7":"category-latvija","8":"tag-aktualitates","9":"tag-breaking-news","10":"tag-breakingnews","11":"tag-featured-news","12":"tag-featurednews","13":"tag-headlines","14":"tag-latest-news","15":"tag-latestnews","16":"tag-latvia","17":"tag-latvian","18":"tag-latviesu","19":"tag-latviesu-valoda","20":"tag-latviesuvaloda","21":"tag-latvija","22":"tag-lv","23":"tag-news","24":"tag-popularakas-zinas","25":"tag-popularakaszinas","26":"tag-top-stories","27":"tag-topstories","28":"tag-zinas"},"share_on_mastodon":{"url":"https:\/\/pubeurope.com\/@lv\/115893475987238088","error":""},"_links":{"self":[{"href":"https:\/\/www.europesays.com\/lv\/wp-json\/wp\/v2\/posts\/104314","targetHints":{"allow":["GET"]}}],"collection":[{"href":"https:\/\/www.europesays.com\/lv\/wp-json\/wp\/v2\/posts"}],"about":[{"href":"https:\/\/www.europesays.com\/lv\/wp-json\/wp\/v2\/types\/post"}],"author":[{"embeddable":true,"href":"https:\/\/www.europesays.com\/lv\/wp-json\/wp\/v2\/users\/2"}],"replies":[{"embeddable":true,"href":"https:\/\/www.europesays.com\/lv\/wp-json\/wp\/v2\/comments?post=104314"}],"version-history":[{"count":0,"href":"https:\/\/www.europesays.com\/lv\/wp-json\/wp\/v2\/posts\/104314\/revisions"}],"wp:featuredmedia":[{"embeddable":true,"href":"https:\/\/www.europesays.com\/lv\/wp-json\/wp\/v2\/media\/95583"}],"wp:attachment":[{"href":"https:\/\/www.europesays.com\/lv\/wp-json\/wp\/v2\/media?parent=104314"}],"wp:term":[{"taxonomy":"category","embeddable":true,"href":"https:\/\/www.europesays.com\/lv\/wp-json\/wp\/v2\/categories?post=104314"},{"taxonomy":"post_tag","embeddable":true,"href":"https:\/\/www.europesays.com\/lv\/wp-json\/wp\/v2\/tags?post=104314"}],"curies":[{"name":"wp","href":"https:\/\/api.w.org\/{rel}","templated":true}]}}