{"id":104328,"date":"2026-01-14T12:42:08","date_gmt":"2026-01-14T12:42:08","guid":{"rendered":"https:\/\/www.europesays.com\/lv\/104328\/"},"modified":"2026-01-14T12:42:08","modified_gmt":"2026-01-14T12:42:08","slug":"toms-skujins-septito-reizi-atzits-par-latvijas-gada-labako-ritenbrauceju","status":"publish","type":"post","link":"https:\/\/www.europesays.com\/lv\/104328\/","title":{"rendered":"Toms Skuji\u0146\u0161 sept\u012bto reizi atz\u012bts par Latvijas gada lab\u0101ko rite\u0146brauc\u0113ju"},"content":{"rendered":"<p>Otrdien Kult\u016bras centr\u0101 \u201cUlbrokas p\u0113rle\u201d norisin\u0101j\u0101s tre\u0161\u0101 svin\u012bg\u0101 apbalvo\u0161anas ceremonija \u201cLatvijas Rite\u0146brauk\u0161anas gada balva\u201d. Gada lab\u0101ko rite\u0146brauc\u0113ju balvas sa\u0146\u0113ma \u0161osejas rite\u0146brauc\u0113js Toms Skuji\u0146\u0161 un BMX sportiste Veronika Monika St\u016bri\u0161ka. Pas\u0101kums sapulc\u0113ja teju 300 sportistu, treneru, klubu un sporta skolu vad\u012bt\u0101ju, feder\u0101cijas atbalst\u012bt\u0101ju, sadarb\u012bbas partneru un citu viesu, inform\u0113ja Latvijas Rite\u0146brauk\u0161anas feder\u0101cija (LRF).<\/p>\n<p>Pas\u0101kuma galven\u0101 intriga bija gada balvu pasnieg\u0161ana septi\u0146\u0101s nomin\u0101cij\u0101s. Katr\u0101 no t\u0101m balvas pasniedza \u012bpa\u0161i izraudz\u012btas person\u012bbas, kas ar savu darbu un piem\u0113ru iedvesmo ar\u012b rite\u0146brauk\u0161anas veidu p\u0101rst\u0101vjus.<\/p>\n<p>Par 2025. gada Latvijas lab\u0101ko rite\u0146brauc\u0113ju sept\u012bto reizi karjer\u0101 tika atz\u012bts 34 gadus vecais carnikavietis, Latvijas elites izlases un \u201cLidl Trek\u201d komandas rite\u0146brauc\u0113js Toms Skuji\u0146\u0161, kur\u0161 iepriek\u0161 sa\u0146\u0113ma &#8220;Tr\u012bs zvaig\u017e\u0146u balvu&#8221; k\u0101 2025. gada Latvijas lab\u0101kais sportists. Pasaules un Eiropas \u010dempion\u0101tos piekto vietu izc\u012bn\u012bju\u0161ais sportists jau atrodas treni\u0146nometn\u0113 pirms jaun\u0101s sezonas, bet balvu vi\u0146a viet\u0101 sa\u0146\u0113ma mamma Anita, kurai to pasniedza pasaules \u010dempione pludmales volejbol\u0101 T\u012bna Graudi\u0146a. L\u012bdz ar Skuji\u0146u uz \u0161o balvu pretend\u0113ja ar\u012b BMX sportisti Edgars Langmanis un M\u0101rti\u0146\u0161 Em\u012bls Treimanis, k\u0101 ar\u012b MTB brauc\u0113js M\u0101rti\u0146\u0161 Bl\u016bms un BMX fr\u012bstaila meistars Ernests Z\u0113bolds.<\/p>\n<p>Gada lab\u0101k\u0101s rite\u0146brauc\u0113jas balvu tre\u0161o gadu p\u0113c k\u0101rtas ieguva kluba \u201cSilvas zi\u0137eri\u201d un Smiltenes B\u0113rnu un jaunatnes sporta skolas rite\u0146brauc\u0113ja Veronika Monika St\u016bri\u0161ka. Trenera \u0122irta K\u0101ti\u0146a audz\u0113kne priec\u0113ja ar uzvaru BMX Eiropas \u010dempion\u0101t\u0101 U23 grup\u0101, k\u0101 ar\u012b ceturto un sesto vietu Pasaules kausa posmos. Uz balvu pretend\u0113ja ar\u012b \u0161osejas rite\u0146brauc\u0113ja Dana Ro\u017elapa un pumptrack brauc\u0113ja Vineta P\u0113tersone.<\/p>\n<p>Pirmo reizi gada lab\u0101k\u0101 jaun\u0101 rite\u0146brauc\u0113ja balvu sa\u0146\u0113ma \u201cBMX R\u012bga\/RRS\u201d sportists Kristers Apels. Ed\u017eus Treima\u0146a audz\u0113knis uzvar\u0113ja BMX Eiropas \u010dempion\u0101t\u0101 junioriem, USA BMX Grands sacens\u012bb\u0101s un divos UEC BMX Eiropas kausa posmos. Savuk\u0101rt \u0161osejas rite\u0146brauc\u0113ja Kate Ketr\u012bna Skuji\u0146a uzvar\u0113ja jaunieviestaj\u0101 nomin\u0101cij\u0101 \u2013 gada jaun\u0101 sportiste. R\u012bgas Rite\u0146brauk\u0161anas skolas audz\u0113kne izc\u012bn\u012bja sept\u012bto vietu Eiropas Jaunatnes olimpi\u0101d\u0113, uzvar\u0113ja Assenas t\u016br\u0113 un ieguva piekto vietu \u0161o sacens\u012bbu kopv\u0113rt\u0113jum\u0101.<\/p>\n<p>Gada lab\u0101k\u0101 amatieru sportista balvu ska\u013cu aplausu pavad\u012bts ieguva pasaules masters \u010dempions treka rite\u0146brauk\u0161an\u0101 M50\u201354 grup\u0101 sprint\u0101 un individu\u0101laj\u0101 braucien\u0101 Ain\u0101rs \u0136iksis. Titul\u0113tais sportists \u0161o apbalvojumu sa\u0146\u0113ma pirmo reizi. Latvijas BMX izlases galvenais treneris Olafs Laku\u010ds pirmo reizi tika atz\u012bts par gada lab\u0101ko treneri.<\/p>\n<p>Par m\u016b\u017ea ieguld\u012bjumu Latvijas rite\u0146brauk\u0161an\u0101 tika sveikts BMX kluba \u201cM\u012btavas Kume\u013ci\u201d prezidents, BMX sporta att\u012bst\u012bt\u0101js Jelgav\u0101 un sacens\u012bbu tiesnesis Aivars Balbeks. Cien\u012bjamais v\u012brs BMX rite\u0146brauk\u0161an\u0101 darbojas jau kop\u0161 1994. gada, bet kluba vad\u012bbu uz\u0146\u0113mies 2005. gad\u0101, to sekm\u012bgi vadot v\u0113l \u0161obr\u012bd. Aivars akt\u012bvi iesaist\u0101s ar\u012b sacens\u012bbu ties\u0101\u0161an\u0101, p\u0113rn str\u0101d\u0101jot ar\u012b BMX Eiropas \u010dempion\u0101t\u0101 Valmier\u0101.<\/p>\n<p>Pas\u0101kuma laik\u0101 tika sveikti ar\u012b starptautiskus pan\u0101kumus guvu\u0161ie BMX, \u0161osejas un MTB sportisti, nacion\u0101lo rangu laure\u0101ti \u0161osej\u0101, MTB un BMX, k\u0101 ar\u012b vair\u0101ku sacens\u012bbu r\u012bkot\u0101ji \u2013 M\u0101ra \u0160tromberga a\u0123ent\u016bra, M\u0101ris Kr\u016bze, \u201cGravel Bike Latvia\u201d un Mat\u012bss Ka\u013cver\u0161s, kuri devu\u0161i noz\u012bm\u012bgu ieguld\u012bjumu rite\u0146brauk\u0161anas veidu att\u012bst\u012bb\u0101.<\/p>\n<p><img decoding=\"async\" src=\"https:\/\/www.europesays.com\/lv\/wp-content\/uploads\/2026\/01\/RiteniGadabalva.jpg\" alt=\"\"\/><\/p>\n","protected":false},"excerpt":{"rendered":"Otrdien Kult\u016bras centr\u0101 \u201cUlbrokas p\u0113rle\u201d norisin\u0101j\u0101s tre\u0161\u0101 svin\u012bg\u0101 apbalvo\u0161anas ceremonija \u201cLatvijas Rite\u0146brauk\u0161anas gada balva\u201d. Gada lab\u0101ko rite\u0146brauc\u0113ju balvas&hellip;\n","protected":false},"author":2,"featured_media":104329,"comment_status":"","ping_status":"","sticky":false,"template":"","format":"standard","meta":{"footnotes":""},"categories":[17],"tags":[639,35,39,38,36,37,34,40,67],"class_list":{"0":"post-104328","1":"post","2":"type-post","3":"status-publish","4":"format-standard","5":"has-post-thumbnail","7":"category-sports","8":"tag-adazi","9":"tag-latvia","10":"tag-latvian","11":"tag-latviesu","12":"tag-latviesu-valoda","13":"tag-latviesuvaloda","14":"tag-latvija","15":"tag-lv","16":"tag-sports"},"share_on_mastodon":{"url":"https:\/\/pubeurope.com\/@lv\/115893511329675868","error":""},"_links":{"self":[{"href":"https:\/\/www.europesays.com\/lv\/wp-json\/wp\/v2\/posts\/104328","targetHints":{"allow":["GET"]}}],"collection":[{"href":"https:\/\/www.europesays.com\/lv\/wp-json\/wp\/v2\/posts"}],"about":[{"href":"https:\/\/www.europesays.com\/lv\/wp-json\/wp\/v2\/types\/post"}],"author":[{"embeddable":true,"href":"https:\/\/www.europesays.com\/lv\/wp-json\/wp\/v2\/users\/2"}],"replies":[{"embeddable":true,"href":"https:\/\/www.europesays.com\/lv\/wp-json\/wp\/v2\/comments?post=104328"}],"version-history":[{"count":0,"href":"https:\/\/www.europesays.com\/lv\/wp-json\/wp\/v2\/posts\/104328\/revisions"}],"wp:featuredmedia":[{"embeddable":true,"href":"https:\/\/www.europesays.com\/lv\/wp-json\/wp\/v2\/media\/104329"}],"wp:attachment":[{"href":"https:\/\/www.europesays.com\/lv\/wp-json\/wp\/v2\/media?parent=104328"}],"wp:term":[{"taxonomy":"category","embeddable":true,"href":"https:\/\/www.europesays.com\/lv\/wp-json\/wp\/v2\/categories?post=104328"},{"taxonomy":"post_tag","embeddable":true,"href":"https:\/\/www.europesays.com\/lv\/wp-json\/wp\/v2\/tags?post=104328"}],"curies":[{"name":"wp","href":"https:\/\/api.w.org\/{rel}","templated":true}]}}