{"id":104333,"date":"2026-01-14T12:51:09","date_gmt":"2026-01-14T12:51:09","guid":{"rendered":"https:\/\/www.europesays.com\/lv\/104333\/"},"modified":"2026-01-14T12:51:09","modified_gmt":"2026-01-14T12:51:09","slug":"satversmes-tiesa-saks-izskatit-lietu-par-mazakumtautibu-valodu-lietosanu-sabiedriskajos-elektroniskajos-plassazinas-lidzeklos","status":"publish","type":"post","link":"https:\/\/www.europesays.com\/lv\/104333\/","title":{"rendered":"Satversmes tiesa s\u0101ks izskat\u012bt lietu par maz\u0101kumtaut\u012bbu valodu lieto\u0161anu sabiedriskajos elektroniskajos pla\u0161sazi\u0146as l\u012bdzek\u013cos"},"content":{"rendered":"<p>Satversmes tiesa 20. janv\u0101r\u012b plkst. 10.00 s\u0113d\u0113 ar lietas dal\u012bbnieku piedal\u012b\u0161anos s\u0101ks izskat\u012bt lietu\u00a0<a href=\"https:\/\/www.satv.tiesa.gov.lv\/cases\/?case-filter-years=&amp;case-filter-status=&amp;case-filter-types=&amp;case-filter-result=&amp;searchtext=2024-30-01\" target=\"_blank\" title=\"https:\/\/www.satv.tiesa.gov.lv\/cases\/?case-filter-years=&amp;case-filter-status=&amp;case-filter-types=&amp;case-filter-result=&amp;searchtext=2024-30-01\" data-auth=\"NotApplicable\" data-linkindex=\"0\" rel=\"nofollow noopener\">Nr. 2024-30-01<\/a>\u00a0par maz\u0101kumtaut\u012bbu valodu lieto\u0161anu sabiedriskajos elektroniskajos pla\u0161sazi\u0146as l\u012bdzek\u013cos. Tiesas s\u0113de notiks Satversmes tiesas s\u0113\u017eu z\u0101l\u0113 (Jura Alun\u0101na iel\u0101 1, R\u012bg\u0101).<\/p>\n<p>Satversmes ties\u0101 lieta tika ierosin\u0101ta p\u0113c divdesmit Saeimas deput\u0101tu pieteikuma. Pieteikuma iesniedz\u0113ju ieskat\u0101 ar apstr\u012bd\u0113taj\u0101m norm\u0101m sabiedriskajiem elektroniskajiem pla\u0161sazi\u0146as l\u012bdzek\u013ciem noteiktais pien\u0101kums veidot noteikta apjoma radio un telev\u012bzijas programmas maz\u0101kumtaut\u012bbu valod\u0101s mazinot latvie\u0161u valodas k\u0101 vien\u012bg\u0101s valsts valodas v\u0113rt\u012bbu demokr\u0101tisk\u0101 sabiedr\u012bb\u0101 un apdraudot valsts dro\u0161\u012bbu. T\u0101d\u0113\u013c apstr\u012bd\u0113t\u0101s normas neatbilstot Satversmes ievad\u0101 ietvertajiem v\u0101rdiem \u201clatvie\u0161u valoda k\u0101 vien\u012bg\u0101 valsts valoda\u201d un Satversmes 4. pantam.\u00a0<\/p>\n<p>Tiesas s\u0113des tie\u0161raide b\u016bs pieejama Satversmes tiesas\u00a0Youtube\u00a0kont\u0101:<\/p>\n<p>Saist\u012bt\u0101 lieta:\u00a0<a href=\"https:\/\/www.satv.tiesa.gov.lv\/cases\/?search[number]=2024-30-01\" target=\"_blank\" rel=\"nofollow noopener\">2024-30-01<\/a>.<\/p>\n<p>          <img decoding=\"async\" src=\"https:\/\/www.europesays.com\/lv\/wp-content\/uploads\/2026\/01\/1767645852_487_logo-lv.png\" alt=\"\"\/><\/p>\n<p>                  \u0160\u012b inform\u0101cija ir publisks pazi\u0146ojums un neatspogu\u013co LV port\u0101la viedokli. Par t\u0101s saturu atbild ies\u016bt\u012bt\u0101js. <a data-popup=\"rules\">Public\u0113\u0161anas noteikumi<\/a><\/p>\n","protected":false},"excerpt":{"rendered":"Satversmes tiesa 20. janv\u0101r\u012b plkst. 10.00 s\u0113d\u0113 ar lietas dal\u012bbnieku piedal\u012b\u0161anos s\u0101ks izskat\u012bt lietu\u00a0Nr. 2024-30-01\u00a0par maz\u0101kumtaut\u012bbu valodu lieto\u0161anu&hellip;\n","protected":false},"author":2,"featured_media":104334,"comment_status":"","ping_status":"","sticky":false,"template":"","format":"standard","meta":{"footnotes":""},"categories":[12],"tags":[23,28,29,32,33,22,30,31,35,39,38,36,37,34,40,20,26,27,24,25,21],"class_list":{"0":"post-104333","1":"post","2":"type-post","3":"status-publish","4":"format-standard","5":"has-post-thumbnail","7":"category-latvija","8":"tag-aktualitates","9":"tag-breaking-news","10":"tag-breakingnews","11":"tag-featured-news","12":"tag-featurednews","13":"tag-headlines","14":"tag-latest-news","15":"tag-latestnews","16":"tag-latvia","17":"tag-latvian","18":"tag-latviesu","19":"tag-latviesu-valoda","20":"tag-latviesuvaloda","21":"tag-latvija","22":"tag-lv","23":"tag-news","24":"tag-popularakas-zinas","25":"tag-popularakaszinas","26":"tag-top-stories","27":"tag-topstories","28":"tag-zinas"},"share_on_mastodon":{"url":"https:\/\/pubeurope.com\/@lv\/115893546678622535","error":""},"_links":{"self":[{"href":"https:\/\/www.europesays.com\/lv\/wp-json\/wp\/v2\/posts\/104333","targetHints":{"allow":["GET"]}}],"collection":[{"href":"https:\/\/www.europesays.com\/lv\/wp-json\/wp\/v2\/posts"}],"about":[{"href":"https:\/\/www.europesays.com\/lv\/wp-json\/wp\/v2\/types\/post"}],"author":[{"embeddable":true,"href":"https:\/\/www.europesays.com\/lv\/wp-json\/wp\/v2\/users\/2"}],"replies":[{"embeddable":true,"href":"https:\/\/www.europesays.com\/lv\/wp-json\/wp\/v2\/comments?post=104333"}],"version-history":[{"count":0,"href":"https:\/\/www.europesays.com\/lv\/wp-json\/wp\/v2\/posts\/104333\/revisions"}],"wp:featuredmedia":[{"embeddable":true,"href":"https:\/\/www.europesays.com\/lv\/wp-json\/wp\/v2\/media\/104334"}],"wp:attachment":[{"href":"https:\/\/www.europesays.com\/lv\/wp-json\/wp\/v2\/media?parent=104333"}],"wp:term":[{"taxonomy":"category","embeddable":true,"href":"https:\/\/www.europesays.com\/lv\/wp-json\/wp\/v2\/categories?post=104333"},{"taxonomy":"post_tag","embeddable":true,"href":"https:\/\/www.europesays.com\/lv\/wp-json\/wp\/v2\/tags?post=104333"}],"curies":[{"name":"wp","href":"https:\/\/api.w.org\/{rel}","templated":true}]}}