{"id":104335,"date":"2026-01-14T12:53:12","date_gmt":"2026-01-14T12:53:12","guid":{"rendered":"https:\/\/www.europesays.com\/lv\/104335\/"},"modified":"2026-01-14T12:53:12","modified_gmt":"2026-01-14T12:53:12","slug":"davis-simanis-piedava-filmu-frankensteins-2-0-par-cilveces-alkam-pec-nemirstibas-lente-lv-2","status":"publish","type":"post","link":"https:\/\/www.europesays.com\/lv\/104335\/","title":{"rendered":"D\u0101vis S\u012bmanis pied\u0101v\u0101 filmu &#8220;Franken\u0161teins 2.0&#8221; par cilv\u0113ces alk\u0101m p\u0113c nemirst\u012bbas\u00a0\u2014\u00a0Lente.lv"},"content":{"rendered":"<p>Filmas pasaules pirmizr\u0101de notika Jihlav\u0101, festiv\u0101l\u0101<\/p>\n<p>\u0160odien, 14. janv\u0101r\u012b, Latvijas kinote\u0101tros s\u0101kas D\u0101vja S\u012bma\u0146a jaun\u0101k\u0101s dokument\u0101l\u0101s filmas \u201cFranken\u0161teins 2.0\u201d demonstr\u0113\u0161ana, kas jau iepriek\u0161 piedz\u012bvojusi pasaules pirmizr\u0101di presti\u017eaj\u0101 Jihavas Starptautiskaj\u0101 dokument\u0101lo filmu festiv\u0101l\u0101 \u010cehij\u0101 2025. gada 30. oktobr\u012b. Filma, kas starptautiski paz\u012bstama ar\u012b ar nosaukumu \u201cDeath of Death\u201d, iek\u013cauta festiv\u0101la \u201cTestimonies\u201d konkursa programm\u0101, kas izce\u013c drosm\u012bgus un personiskus kino mekl\u0113jumus. K\u0101 zi\u0146o telekan\u0101ls TV3, filmas tap\u0161anu atbalst\u012bjis Nacion\u0101lais kino centrs un \u010cehijas Filmu fonds, un t\u0101 ir Latvijas un \u010cehijas kopra\u017eojums.<\/p>\n<p>Filmas idejas pirms\u0101kumi un ce\u013cojums<\/p>\n<p>Filmas iecere radusies COVID-19 pand\u0113mijas laik\u0101, kad pieauga vientul\u012bbas saj\u016bta un apzi\u0146a par cilv\u0113ka mirst\u012bgumu. D\u0101vis S\u012bmanis kop\u0101 ar scen\u0101rija l\u012bdzautoru Uldi T\u012bronu un operatoru Andreju Rudz\u0101tu devu\u0161ies eksistenci\u0101l\u0101 un ironisk\u0101 izp\u0113tes ce\u013cojum\u0101. Vi\u0146i sastapu\u0161i zin\u0101tniekus, tehnolo\u0123iju pionierus un pa\u0161pasludin\u0101tus nemirst\u012bbas pravie\u0161us ASV, Krievij\u0101 un Eirop\u0101, lai noskaidrotu, vai zin\u0101tne un jaun\u0101s tehnolo\u0123ijas sp\u0113j pagarin\u0101t cilv\u0113ka dz\u012bvi vai pat p\u0101rvar\u0113t n\u0101vi. Filmas ce\u013cojums p\u0101raug absurd\u0101 un aizraujo\u0161\u0101 odisej\u0101, piev\u0113r\u0161oties m\u016bsdienu sabiedr\u012bbas aps\u0113st\u012bbai ar nemirst\u012bbu.<\/p>\n<p>Transhum\u0101nisms un n\u0101kotnes v\u012bzijas<\/p>\n<p>Filma p\u0113ta cilv\u0113ces alkas p\u0113c nemirst\u012bbas, apl\u016bkojot idejas un projektus, kas sola pagarin\u0101t dz\u012bvi vai pat nodro\u0161in\u0101t m\u016b\u017e\u012bgu eksistenci. Tiek p\u0113t\u012bts transhum\u0101nisma laikmets, kur\u0101 tiek apspriesta mikrosh\u0113mu implant\u0113\u0161ana smadzen\u0113s un biohakeru padomi m\u016b\u017e\u012bgai jaun\u012bbai. Filmas autori saglab\u0101 vesel\u012bgu skepsi un izvair\u0101s no p\u0101rsteidz\u012bgas n\u0101kotnes prognoz\u0113\u0161anas bez noveco\u0161anas un n\u0101ves, uzdodot jaut\u0101jumu, vai tie\u0161\u0101m m\u0113s esam p\u0113d\u0113j\u0101 paaudze, kas pieredz\u0113s n\u0101vi. K\u0101 re\u017eisors D\u0101vis S\u012bmanis atz\u012bst: \u201cUzs\u0101kot filmu, grib\u0113ju tikai noskaidrot, vai ir iesp\u0113jams nodz\u012bvot mazliet ilg\u0101k. Bet tad viss k\u013cuva d\u012bvaini.\u201d<\/p>\n<p>Izr\u0101des un diskusijas<\/p>\n<p>\u201cFranken\u0161teins 2.0\u201d kinote\u0101tros b\u016bs skat\u0101ma no 14. janv\u0101ra, paredz\u0113tas izr\u0101des ar\u012b Latvijas re\u0123ionos. Atsevi\u0161\u0137os seansos paredz\u0113ta re\u017eisora D\u0101vja S\u012bma\u0146a dal\u012bba diskusij\u0101s ar skat\u012bt\u0101jiem. Filmas garums ir 1 stunda un 7 min\u016btes, un t\u0101 tiks demonstr\u0113ta latvie\u0161u valod\u0101 ar subtitriem latvie\u0161u un ang\u013cu valod\u0101.<\/p>\n","protected":false},"excerpt":{"rendered":"Filmas pasaules pirmizr\u0101de notika Jihlav\u0101, festiv\u0101l\u0101 \u0160odien, 14. janv\u0101r\u012b, Latvijas kinote\u0101tros s\u0101kas D\u0101vja S\u012bma\u0146a jaun\u0101k\u0101s dokument\u0101l\u0101s filmas \u201cFranken\u0161teins&hellip;\n","protected":false},"author":2,"featured_media":104232,"comment_status":"","ping_status":"","sticky":false,"template":"","format":"standard","meta":{"footnotes":""},"categories":[19],"tags":[1223,2456,89,10267,90,35,39,38,36,37,34,100,40,19935],"class_list":{"0":"post-104335","1":"post","2":"type-post","3":"status-publish","4":"format-standard","5":"has-post-thumbnail","7":"category-izklaide","8":"tag-davis-simanis","9":"tag-dokumentala-filma","10":"tag-entertainment","11":"tag-frankensteins-2-0","12":"tag-izklaide","13":"tag-latvia","14":"tag-latvian","15":"tag-latviesu","16":"tag-latviesu-valoda","17":"tag-latviesuvaloda","18":"tag-latvija","19":"tag-latvijas-kino","20":"tag-lv","21":"tag-nemirstiba"},"share_on_mastodon":{"url":"https:\/\/pubeurope.com\/@lv\/115893554561897236","error":""},"_links":{"self":[{"href":"https:\/\/www.europesays.com\/lv\/wp-json\/wp\/v2\/posts\/104335","targetHints":{"allow":["GET"]}}],"collection":[{"href":"https:\/\/www.europesays.com\/lv\/wp-json\/wp\/v2\/posts"}],"about":[{"href":"https:\/\/www.europesays.com\/lv\/wp-json\/wp\/v2\/types\/post"}],"author":[{"embeddable":true,"href":"https:\/\/www.europesays.com\/lv\/wp-json\/wp\/v2\/users\/2"}],"replies":[{"embeddable":true,"href":"https:\/\/www.europesays.com\/lv\/wp-json\/wp\/v2\/comments?post=104335"}],"version-history":[{"count":0,"href":"https:\/\/www.europesays.com\/lv\/wp-json\/wp\/v2\/posts\/104335\/revisions"}],"wp:featuredmedia":[{"embeddable":true,"href":"https:\/\/www.europesays.com\/lv\/wp-json\/wp\/v2\/media\/104232"}],"wp:attachment":[{"href":"https:\/\/www.europesays.com\/lv\/wp-json\/wp\/v2\/media?parent=104335"}],"wp:term":[{"taxonomy":"category","embeddable":true,"href":"https:\/\/www.europesays.com\/lv\/wp-json\/wp\/v2\/categories?post=104335"},{"taxonomy":"post_tag","embeddable":true,"href":"https:\/\/www.europesays.com\/lv\/wp-json\/wp\/v2\/tags?post=104335"}],"curies":[{"name":"wp","href":"https:\/\/api.w.org\/{rel}","templated":true}]}}