{"id":104338,"date":"2026-01-14T12:57:07","date_gmt":"2026-01-14T12:57:07","guid":{"rendered":"https:\/\/www.europesays.com\/lv\/104338\/"},"modified":"2026-01-14T12:57:07","modified_gmt":"2026-01-14T12:57:07","slug":"esi-uzmanigs-aizliegts-atrasties-uz-bistamu-iekszemes-udenstilpju-un-juras-piekrastes-udenu-ledus","status":"publish","type":"post","link":"https:\/\/www.europesays.com\/lv\/104338\/","title":{"rendered":"Esi uzman\u012bgs! Aizliegts atrasties uz b\u012bstamu iek\u0161zemes \u016bdenstilpju un j\u016bras piekrastes \u016bde\u0146u ledus"},"content":{"rendered":"<p class=\"text-align-justify\">Inform\u0113jam, ka, pamatojoties uz Zemes p\u0101rvald\u012bbas likumu un izv\u0113rt\u0113jot iesp\u0113jamos apdraud\u0113jumus iedz\u012bvot\u0101ju dz\u012bv\u012bbai un vesel\u012bbai, no 14. janv\u0101ra Talsu novada administrat\u012bvaj\u0101 teritorij\u0101 ir noteikts aizliegums atrasties uz vair\u0101ku b\u012bstamu iek\u0161zemes \u016bdenstilpju un j\u016bras piekrastes \u016bde\u0146u ledus, kur\u00a0var tikt apdraud\u0113ta personas dz\u012bv\u012bba un vesel\u012bba.<\/p>\n<p class=\"text-align-justify\">R\u012bkojums (skat. zem\u0101k) izdots, \u0146emot v\u0113r\u0101 main\u012bgos laikapst\u0101k\u013cus, meteorolo\u0123isk\u0101s prognozes, k\u0101 ar\u012b to, ka daudzviet neveidojas pietiekami iztur\u012bga ledus k\u0101rta. Atsevi\u0161\u0137\u0101s viet\u0101s \u016bdenstilpes ir purvainas, ar straum\u0113m vai intens\u012bvu cilv\u0113ku p\u0101rvieto\u0161anos, kas b\u016btiski palielina negad\u012bjumu risku.\u00a0<\/p>\n<blockquote>\n<p class=\"text-align-justify\">R\u012bkojums attiecas uz Talsiem, Stendi, Sabili, Valdem\u0101rpili un visiem novada pagastiem, tostarp uz ezeriem, d\u012b\u0137iem, up\u0113m, gr\u0101vjiem un j\u016bras piekrastes \u016bde\u0146iem (\u016bdenstilpju sarakstu skat. zem\u0101k).<\/p>\n<\/blockquote>\n<p class=\"text-align-justify\">Pa\u0161vald\u012bba atg\u0101dina, ka par atra\u0161anos uz ledus viet\u0101s, kur tas ir aizliegts (vadl\u012bnij\u0101s ir noteikts, ka uz ledus var atrasties tikai, ja t\u0101 biezums ir vair\u0101k par 10 cm.), var tikt piem\u0113rots br\u012bdin\u0101jums vai naudas sods saska\u0146\u0101 ar Administrat\u012bvo sodu likumu par p\u0101rk\u0101pumiem p\u0101rvaldes, sabiedrisk\u0101s k\u0101rt\u012bbas un valsts valodas lieto\u0161anas jom\u0101.<\/p>\n<blockquote>\n<p class=\"text-align-justify\">Iedz\u012bvot\u0101ji, \u012bpa\u0161i vec\u0101ki, aicin\u0101ti b\u016bt atbild\u012bgiem, neatst\u0101t b\u0113rnus bez uzraudz\u012bbas \u016bdenstilpju tuvum\u0101 un neuzk\u0101pt uz ledus pat \u0161\u0137ietami dro\u0161\u0101s viet\u0101s.<\/p>\n<\/blockquote>\n<p class=\"text-align-justify\">Ja redzat k\u0101du led\u016b iel\u016bzu\u0161u personu:<\/p>\n<ul>\n<li>zvaniet 112, dispe\u010deram j\u0101nosauc adrese vai j\u0101izskaidro, k\u0101 piebraukt pie notikuma vietas, j\u0101atbild uz visiem dispe\u010dera jaut\u0101jumiem;<\/li>\n<li>lai pal\u012bdz\u0113tu, iel\u016bzu\u0161ajam j\u0101tuvojas r\u0101pus vai gu\u013cus, netuvojoties l\u012bdz pa\u0161ai iel\u016bzuma vietai. Iel\u016bzu\u0161ajam apm\u0113ram no 2 \u2013 5 metru att\u0101luma j\u0101pamet aukla, sasieti ap\u0123\u0113rba gabali, gar\u0161 koks vai k\u0101ds cits priek\u0161mets. Ja gl\u0101b\u0113ji ir vair\u0101ki, j\u0101iev\u0113ro, ka vienam no otra j\u0101atrodas 2 \u2013 3 metru att\u0101lum\u0101;<\/li>\n<li>izvelkot cietu\u0161o uz ledus vai pa\u0161am izk\u013c\u016bstot uz ledus, r\u0101pus j\u0101virz\u0101s prom no b\u012bstam\u0101s vietas l\u012bdz krastam.<\/li>\n<\/ul>\n<p class=\"text-align-justify\">Aicin\u0101m ar\u012b vec\u0101kus p\u0101rrun\u0101t ar b\u0113rniem jaut\u0101jumus par dro\u0161\u012bbu pie un uz \u016bdenstilp\u0113m ziemas sezon\u0101, izskaidrojot, ko dr\u012bkst un nedr\u012bkst dar\u012bt.\u00a0<\/p>\n","protected":false},"excerpt":{"rendered":"Inform\u0113jam, ka, pamatojoties uz Zemes p\u0101rvald\u012bbas likumu un izv\u0113rt\u0113jot iesp\u0113jamos apdraud\u0113jumus iedz\u012bvot\u0101ju dz\u012bv\u012bbai un vesel\u012bbai, no 14. janv\u0101ra&hellip;\n","protected":false},"author":2,"featured_media":104339,"comment_status":"","ping_status":"","sticky":false,"template":"","format":"standard","meta":{"footnotes":""},"categories":[12],"tags":[23,28,29,32,33,22,30,31,35,39,38,36,37,34,40,20,26,27,24,25,21],"class_list":{"0":"post-104338","1":"post","2":"type-post","3":"status-publish","4":"format-standard","5":"has-post-thumbnail","7":"category-latvija","8":"tag-aktualitates","9":"tag-breaking-news","10":"tag-breakingnews","11":"tag-featured-news","12":"tag-featurednews","13":"tag-headlines","14":"tag-latest-news","15":"tag-latestnews","16":"tag-latvia","17":"tag-latvian","18":"tag-latviesu","19":"tag-latviesu-valoda","20":"tag-latviesuvaloda","21":"tag-latvija","22":"tag-lv","23":"tag-news","24":"tag-popularakas-zinas","25":"tag-popularakaszinas","26":"tag-top-stories","27":"tag-topstories","28":"tag-zinas"},"share_on_mastodon":{"url":"https:\/\/pubeurope.com\/@lv\/115893570317558589","error":""},"_links":{"self":[{"href":"https:\/\/www.europesays.com\/lv\/wp-json\/wp\/v2\/posts\/104338","targetHints":{"allow":["GET"]}}],"collection":[{"href":"https:\/\/www.europesays.com\/lv\/wp-json\/wp\/v2\/posts"}],"about":[{"href":"https:\/\/www.europesays.com\/lv\/wp-json\/wp\/v2\/types\/post"}],"author":[{"embeddable":true,"href":"https:\/\/www.europesays.com\/lv\/wp-json\/wp\/v2\/users\/2"}],"replies":[{"embeddable":true,"href":"https:\/\/www.europesays.com\/lv\/wp-json\/wp\/v2\/comments?post=104338"}],"version-history":[{"count":0,"href":"https:\/\/www.europesays.com\/lv\/wp-json\/wp\/v2\/posts\/104338\/revisions"}],"wp:featuredmedia":[{"embeddable":true,"href":"https:\/\/www.europesays.com\/lv\/wp-json\/wp\/v2\/media\/104339"}],"wp:attachment":[{"href":"https:\/\/www.europesays.com\/lv\/wp-json\/wp\/v2\/media?parent=104338"}],"wp:term":[{"taxonomy":"category","embeddable":true,"href":"https:\/\/www.europesays.com\/lv\/wp-json\/wp\/v2\/categories?post=104338"},{"taxonomy":"post_tag","embeddable":true,"href":"https:\/\/www.europesays.com\/lv\/wp-json\/wp\/v2\/tags?post=104338"}],"curies":[{"name":"wp","href":"https:\/\/api.w.org\/{rel}","templated":true}]}}