{"id":104349,"date":"2026-01-14T13:05:14","date_gmt":"2026-01-14T13:05:14","guid":{"rendered":"https:\/\/www.europesays.com\/lv\/104349\/"},"modified":"2026-01-14T13:05:14","modified_gmt":"2026-01-14T13:05:14","slug":"andris-kivics-un-grupa-z-scars-atgriezas-ar-25-gadu-jubilejas-koncertturi-visa-latvija-lr2-latvijas-radio","status":"publish","type":"post","link":"https:\/\/www.europesays.com\/lv\/104349\/","title":{"rendered":"Andris Kivi\u010ds un grupa Z-Scars atgrie\u017eas ar 25 gadu jubilejas koncertt\u016bri vis\u0101 Latvij\u0101 \/ LR2 \/ \/ Latvijas Radio"},"content":{"rendered":"<p style=\"text-align: justify;\">Latvijas poproka grupa Z-Scars un t\u0101s nemain\u012bgais l\u012bderis, solists un dziesmu autors Andris Kivi\u010ds, dodas v\u0113rien\u012bg\u0101 jubilejas koncertt\u016br\u0113, atz\u012bm\u0113jot 25 gadus uz Latvijas m\u016bzikas skatuves.<\/p>\n<p style=\"text-align: justify;\">Z-Scars jubilejas koncertt\u016bre s\u0101ksies 31. janv\u0101r\u012b, Ogres novada Kult\u016bras centr\u0101, kur notiks pirmais t\u016bres koncerts, bet turpin\u0101jum\u0101 grupa uzst\u0101sies R\u012bg\u0101, Liep\u0101j\u0101, R\u0113zekn\u0113, Jelgav\u0101, Talsos, Ogr\u0113, Ventspil\u012b un cit\u0101s Latvijas pils\u0113t\u0101s, pied\u0101v\u0101jot klaus\u012bt\u0101jiem pla\u0161u un emocion\u0101li pies\u0101tin\u0101tu koncertprogrammu.<\/p>\n<p style=\"text-align: justify;\">Koncertos izskan\u0113s Z-Scars noz\u012bm\u012bg\u0101k\u0101s un klaus\u012bt\u0101ju iem\u012b\u013cot\u0101k\u0101s dziesmas, kas k\u013cuvu\u0161as par neat\u0146emamu 2000. gadu Latvijas m\u016bzikas ainavas da\u013cu. Programm\u0101 iek\u013cauti t\u0101di hiti k\u0101 \u201cTu tuvojies sev\u201d \u2014 dziesma, ar kuru grupa 2004. gad\u0101 uzvar\u0113ja \u201cMuzik\u0101laj\u0101 bank\u0101\u201d, k\u0101 ar\u012b \u201cJa tu esi viens\u201d, \u201cPirmoreiz\u201d, \u201cTev es nemelotu\u201d, \u201cLatvijai\u201d, \u201cJ\u016btot t\u0101\u201d, \u201cUz vienu dienu\u201d, \u201cVarb\u016bt\u201d, \u201cCauri pils\u0113tai\u201d un citi ska\u0146darbi, kas daudziem saist\u0101s ar person\u012bgiem dz\u012bves mirk\u013ciem.<\/p>\n<p style=\"text-align: justify;\">L\u012bdz\u0101s labi zin\u0101maj\u0101m dziesm\u0101m koncertos skan\u0113s ar\u012b kompoz\u012bcijas no grupas astot\u0101 studijas albuma, kas klaus\u012bt\u0101ju v\u0113rt\u0113jumam tiks nodots 2026. gada janv\u0101ra beig\u0101s.<\/p>\n<blockquote><p>&#13;<\/p>\n<p style=\"text-align: justify;\">\u201cZ-Scars liel\u0101k\u0101 v\u0113rt\u012bba ir m\u016bsu hiti un dz\u012bvie koncerti, kuros, k\u0101 mums raksta klaus\u012bt\u0101ji, ir j\u016btamas divt\u016bksto\u0161o gadu vibr\u0101cijas un est\u0113tika, un faktiski Z-Scars koncerts ir mazliet k\u0101 ce\u013cojums laik\u0101. \u013boti daudziem ar Z-Scars dziesm\u0101m saist\u0101s atmi\u0146as no laika, kad bij\u0101m desmit vai pat divdesmit gadus jaun\u0101ki \u2014 iem\u012bl\u0113\u0161an\u0101s, pirmais sk\u016bpsts; ir pui\u0161i, kuri izv\u0113l\u0113ju\u0161ies bildin\u0101t meitenes pie k\u0101das no Z-Scars dziesm\u0101m,\u201d st\u0101sta grupas l\u012bderis Andris Kivi\u010ds un piebilst:<\/p>\n<p>&#13;<br \/>\n&#13;<\/p>\n<p style=\"text-align: justify;\">\u201cT\u0101d\u0101 \u012bst\u0101 Latvijas t\u016br\u0113 neesam devu\u0161ies kop\u0161 2016. gada, t\u0101p\u0113c tagad v\u0113lamies klaus\u012bt\u0101jiem dot vislab\u0101ko, kas mums ir \u2014 no visas sirds un ar vislab\u0101ko attieksmi. B\u016bsim sagatavoju\u0161i teju divas stundas garu programmu ar labu ska\u0146u un lab\u0101m gaism\u0101m, lai viss izklaus\u012btos un izskat\u012btos t\u0101, k\u0101 pien\u0101kas.\u201d<\/p>\n<p>&#13;\n<\/p><\/blockquote>\n<p style=\"text-align: justify;\">Koncertos piedal\u012bsies ar\u012b \u012bpa\u0161ie viesi, kuru v\u0101rdi tiks atkl\u0101ti tuv\u0101k pas\u0101kumu norisei. T\u0101pat koncertu norises viet\u0101s var\u0113s ieg\u0101d\u0101ties suven\u012brus ar grupas simboliku un Z-Scars 25 gadu jubilejas albumu vinila form\u0101t\u0101.<\/p>\n<p style=\"text-align: justify;\">Z-Scars 25 gadu jubilejas koncertt\u016bre sol\u0101s k\u013c\u016bt par emocion\u0101lu notikumu gan ilggad\u0113jiem grupas faniem, gan jaun\u0101kai auditorijai, kas v\u0113las iepaz\u012bt vienu no spilgt\u0101kaj\u0101m Latvijas poproka grup\u0101m.<\/p>\n<p style=\"display: inline;\">\n<p>    Latvijas Radio aicina izteikt savu viedokli par raid\u012bjum\u0101 dzird\u0113to un atbalsta diskusijas klaus\u012bt\u0101ju starp\u0101, tom\u0113r patur ties\u012bbas dz\u0113st koment\u0101rus, kas p\u0101rk\u0101pj cie\u0146pilnas attieksmes un \u0113tiskas r\u012bc\u012bbas robe\u017eas.<\/p>\n","protected":false},"excerpt":{"rendered":"Latvijas poproka grupa Z-Scars un t\u0101s nemain\u012bgais l\u012bderis, solists un dziesmu autors Andris Kivi\u010ds, dodas v\u0113rien\u012bg\u0101 jubilejas koncertt\u016br\u0113,&hellip;\n","protected":false},"author":2,"featured_media":104350,"comment_status":"","ping_status":"","sticky":false,"template":"","format":"standard","meta":{"footnotes":""},"categories":[19],"tags":[89,90,35,39,38,36,37,34,40],"class_list":{"0":"post-104349","1":"post","2":"type-post","3":"status-publish","4":"format-standard","5":"has-post-thumbnail","7":"category-izklaide","8":"tag-entertainment","9":"tag-izklaide","10":"tag-latvia","11":"tag-latvian","12":"tag-latviesu","13":"tag-latviesu-valoda","14":"tag-latviesuvaloda","15":"tag-latvija","16":"tag-lv"},"share_on_mastodon":{"url":"https:\/\/pubeurope.com\/@lv\/115893601749726055","error":""},"_links":{"self":[{"href":"https:\/\/www.europesays.com\/lv\/wp-json\/wp\/v2\/posts\/104349","targetHints":{"allow":["GET"]}}],"collection":[{"href":"https:\/\/www.europesays.com\/lv\/wp-json\/wp\/v2\/posts"}],"about":[{"href":"https:\/\/www.europesays.com\/lv\/wp-json\/wp\/v2\/types\/post"}],"author":[{"embeddable":true,"href":"https:\/\/www.europesays.com\/lv\/wp-json\/wp\/v2\/users\/2"}],"replies":[{"embeddable":true,"href":"https:\/\/www.europesays.com\/lv\/wp-json\/wp\/v2\/comments?post=104349"}],"version-history":[{"count":0,"href":"https:\/\/www.europesays.com\/lv\/wp-json\/wp\/v2\/posts\/104349\/revisions"}],"wp:featuredmedia":[{"embeddable":true,"href":"https:\/\/www.europesays.com\/lv\/wp-json\/wp\/v2\/media\/104350"}],"wp:attachment":[{"href":"https:\/\/www.europesays.com\/lv\/wp-json\/wp\/v2\/media?parent=104349"}],"wp:term":[{"taxonomy":"category","embeddable":true,"href":"https:\/\/www.europesays.com\/lv\/wp-json\/wp\/v2\/categories?post=104349"},{"taxonomy":"post_tag","embeddable":true,"href":"https:\/\/www.europesays.com\/lv\/wp-json\/wp\/v2\/tags?post=104349"}],"curies":[{"name":"wp","href":"https:\/\/api.w.org\/{rel}","templated":true}]}}