{"id":104353,"date":"2026-01-14T13:10:07","date_gmt":"2026-01-14T13:10:07","guid":{"rendered":"https:\/\/www.europesays.com\/lv\/104353\/"},"modified":"2026-01-14T13:10:07","modified_gmt":"2026-01-14T13:10:07","slug":"janvari-valsts-aizsardzibas-dienestu-uzsaka-148-jauniesi","status":"publish","type":"post","link":"https:\/\/www.europesays.com\/lv\/104353\/","title":{"rendered":"Janv\u0101r\u012b valsts aizsardz\u012bbas dienestu uzs\u0101ka 148 jaunie\u0161i"},"content":{"rendered":"<p>Nacion\u0101lajos bru\u0146otajos sp\u0113kos uzs\u0101kts 2026. gada janv\u0101ra valsts aizsardz\u012bbas dienesta iesaukums, kur\u0101 dienestu s\u0101ka 148 jaunie\u0161i no visas Latvijas. Valsts aizsardz\u012bbas dienestu \u0161odien uzs\u0101ka \u0160t\u0101ba bataljon\u0101 un Gaisa sp\u0113kos, savuk\u0101rt 10. janv\u0101r\u012b valsts aizsardz\u012bbas dienestu Zemessardz\u0113 piecu gadu dienesta model\u012b uzs\u0101ka 40 jaunie\u0161i vis\u0101s \u010detr\u0101s Zemessardzes brig\u0101d\u0113s. \u0160t\u0101ba bataljon\u0101 dienestu s\u0101ka 58 jaunie\u0161i, tostarp viena jauniete, bet Gaisa sp\u0113kos Lielv\u0101rd\u0113 \u2013 50 jaunie\u0161i, tostarp divas jaunietes.<\/p>\n<p>\u0160t\u0101ba bataljon\u0101 Valsts aizsardz\u012bbas dienesta karav\u012briem ir iesp\u0113ja specializ\u0113ties sakaru, medic\u012bnas, godasardzes, iero\u010du vai transporta jom\u0101. Savuk\u0101rt Gaisa sp\u0113kos p\u0113c pamatapm\u0101c\u012bbas pabeig\u0161anas Valsts aizsardz\u012bbas dienesta karav\u012bri turpina dienestu Gaisa sp\u0113ku Pretgaisa aizsardz\u012bbas divizion\u0101 un tiek iesaist\u012bti vien\u012bbu ikdienas atbalsta un nodro\u0161in\u0101juma uzdevumu izpild\u0113 profesion\u0101lo karav\u012bru vad\u012bb\u0101.<\/p>\n<p>Piecu gadu Valsts aizsardz\u012bbas dienests Zemessardz\u0113 \u0161ogad tiek realiz\u0113ts vis\u0101s \u010detr\u0101s Zemessardzes brig\u0101d\u0113s. Valsts aizsardz\u012bbas dienesta karav\u012brus apm\u0101c\u012bs pieredz\u0113ju\u0161i profesion\u0101l\u0101 dienesta karav\u012bri, speci\u0101listi un Zemessardzes person\u0101ls. Jaunie\u0161i dienestu Zemessardz\u0113 pild\u012bs kopum\u0101 piecus gadus, ik gadu apm\u0101c\u012bb\u0101 piedaloties ne maz\u0101k k\u0101 28 dienas.<\/p>\n<p>          <img decoding=\"async\" src=\"https:\/\/www.europesays.com\/lv\/wp-content\/uploads\/2026\/01\/1767645852_487_logo-lv.png\" alt=\"\"\/><\/p>\n<p>                  \u0160\u012b inform\u0101cija ir publisks pazi\u0146ojums un neatspogu\u013co LV port\u0101la viedokli. Par t\u0101s saturu atbild ies\u016bt\u012bt\u0101js. <a data-popup=\"rules\">Public\u0113\u0161anas noteikumi<\/a><\/p>\n","protected":false},"excerpt":{"rendered":"Nacion\u0101lajos bru\u0146otajos sp\u0113kos uzs\u0101kts 2026. gada janv\u0101ra valsts aizsardz\u012bbas dienesta iesaukums, kur\u0101 dienestu s\u0101ka 148 jaunie\u0161i no visas&hellip;\n","protected":false},"author":2,"featured_media":104354,"comment_status":"","ping_status":"","sticky":false,"template":"","format":"standard","meta":{"footnotes":""},"categories":[5],"tags":[23,28,29,32,33,22,30,31,35,39,38,36,37,34,40,20,26,27,24,25,21],"class_list":{"0":"post-104353","1":"post","2":"type-post","3":"status-publish","4":"format-standard","5":"has-post-thumbnail","7":"category-aktualitates","8":"tag-aktualitates","9":"tag-breaking-news","10":"tag-breakingnews","11":"tag-featured-news","12":"tag-featurednews","13":"tag-headlines","14":"tag-latest-news","15":"tag-latestnews","16":"tag-latvia","17":"tag-latvian","18":"tag-latviesu","19":"tag-latviesu-valoda","20":"tag-latviesuvaloda","21":"tag-latvija","22":"tag-lv","23":"tag-news","24":"tag-popularakas-zinas","25":"tag-popularakaszinas","26":"tag-top-stories","27":"tag-topstories","28":"tag-zinas"},"share_on_mastodon":{"url":"https:\/\/pubeurope.com\/@lv\/115893621538456452","error":""},"_links":{"self":[{"href":"https:\/\/www.europesays.com\/lv\/wp-json\/wp\/v2\/posts\/104353","targetHints":{"allow":["GET"]}}],"collection":[{"href":"https:\/\/www.europesays.com\/lv\/wp-json\/wp\/v2\/posts"}],"about":[{"href":"https:\/\/www.europesays.com\/lv\/wp-json\/wp\/v2\/types\/post"}],"author":[{"embeddable":true,"href":"https:\/\/www.europesays.com\/lv\/wp-json\/wp\/v2\/users\/2"}],"replies":[{"embeddable":true,"href":"https:\/\/www.europesays.com\/lv\/wp-json\/wp\/v2\/comments?post=104353"}],"version-history":[{"count":0,"href":"https:\/\/www.europesays.com\/lv\/wp-json\/wp\/v2\/posts\/104353\/revisions"}],"wp:featuredmedia":[{"embeddable":true,"href":"https:\/\/www.europesays.com\/lv\/wp-json\/wp\/v2\/media\/104354"}],"wp:attachment":[{"href":"https:\/\/www.europesays.com\/lv\/wp-json\/wp\/v2\/media?parent=104353"}],"wp:term":[{"taxonomy":"category","embeddable":true,"href":"https:\/\/www.europesays.com\/lv\/wp-json\/wp\/v2\/categories?post=104353"},{"taxonomy":"post_tag","embeddable":true,"href":"https:\/\/www.europesays.com\/lv\/wp-json\/wp\/v2\/tags?post=104353"}],"curies":[{"name":"wp","href":"https:\/\/api.w.org\/{rel}","templated":true}]}}