{"id":104355,"date":"2026-01-14T13:11:06","date_gmt":"2026-01-14T13:11:06","guid":{"rendered":"https:\/\/www.europesays.com\/lv\/104355\/"},"modified":"2026-01-14T13:11:06","modified_gmt":"2026-01-14T13:11:06","slug":"kalnciema-kvartals-aicina-uz-adijumu-tirgu-lai-sasilditos-ziema-lente-lv","status":"publish","type":"post","link":"https:\/\/www.europesays.com\/lv\/104355\/","title":{"rendered":"Kalnciema kvart\u0101ls aicina uz &#8220;Ad\u012bjumu tirgu&#8221;, lai sasild\u012btos ziem\u0101\u00a0\u2014\u00a0Lente.lv"},"content":{"rendered":"<p>Aicin\u0101jums uz Ad\u012bjumu tirgu<\/p>\n<p>Kalnciema kvart\u0101ls 17. janv\u0101r\u012b no pulksten 10:00 l\u012bdz 16:00 r\u012bkos ikgad\u0113jo &#8220;Ad\u012bjumu tirgu&#8221;, pied\u0101v\u0101jot apmekl\u0113t\u0101jiem iesp\u0113ju ieg\u0101d\u0101ties siltus un m\u0101j\u012bgus ad\u012bjumus ziemas sezonai. K\u0101 zi\u0146o telekan\u0101ls TV3, pas\u0101kum\u0101 ieeja ir bez maksas, un tas notiks gan ziemas spelgon\u012b, gan, iesp\u0113jams, ar k\u0101du saules staru starp sniega m\u0101ko\u0146iem. \u0160is pas\u0101kums ir lieliska iesp\u0113ja ikvienam atrast ko siltu, m\u012bkstu un \u0113rtu, lai pilnv\u0113rt\u012bgi izbaud\u012btu auksto janv\u0101ri.<\/p>\n<p>Ko sagaid\u012bt Ad\u012bjumu tirg\u016b<\/p>\n<p>Pas\u0101kuma apmekl\u0113t\u0101ji var\u0113s ieg\u0101d\u0101ties pla\u0161u kl\u0101stu ar ad\u012btiem izstr\u0101d\u0101jumiem, s\u0101kot no siltiem d\u017eemperiem, cepur\u0113m un \u0161all\u0113m, l\u012bdz pat ze\u0137\u0113m un cimdiem. Tirg\u016b b\u016bs pieejami ar\u012b da\u017e\u0101di interjera priek\u0161meti, piem\u0113ram, ad\u012bti un tambor\u0113ti spilveni, pledi un citi m\u0101j\u012bgi tekstila izstr\u0101d\u0101jumi. Papildus ap\u0123\u0113rbiem un aksesu\u0101riem, tirg\u016b piedal\u012bsies ar\u012b zemnieki un m\u0101jra\u017eot\u0101ji, pied\u0101v\u0101jot uz vietas gatavotus \u0113dienus un arom\u0101tiskus dz\u0113rienus, kas lieliski sild\u012bs aukstaj\u0101 laik\u0101.<\/p>\n<p>\u012apa\u0161as aktivit\u0101tes un darbn\u012bcas<\/p>\n<p>\u0160ogad &#8220;Ad\u012bjumu tirgus&#8221; pied\u0101v\u0101s ar\u012b rado\u0161as aktivit\u0101tes. B\u016bs iesp\u0113ja piedal\u012bties ad\u012bjumu un smar\u017eu darbn\u012bc\u0101, kur\u0101 var\u0113s izveidot gan ad\u012btus arom\u0101tiskus m\u0101jas vai ap\u0123\u0113rba dekorus, gan kr\u0101sainus un smar\u017e\u012bgus dzijas bumbul\u012b\u0161us. \u0160\u012b darbn\u012bca ir \u012bpa\u0161i piem\u0113rota b\u0113rniem, ta\u010du taj\u0101 aicin\u0101ti piedal\u012bties ar\u012b pieaugu\u0161ie. Visas nepiecie\u0161am\u0101s materi\u0101li darbn\u012bcai tiks nodro\u0161in\u0101ti, ta\u010du, ja m\u0101j\u0101s ir k\u0101ds dzijas kamoli\u0146\u0161 m\u012b\u013c\u0101kaj\u0101 kr\u0101s\u0101, to ir ieteicams \u0146em l\u012bdzi.<\/p>\n<p>Kalnciema kvart\u0101la ikned\u0113\u013cas pas\u0101kumi<\/p>\n<p>Kalnciema kvart\u0101la tirgus sestdien\u0101s ir pla\u0161i paz\u012bstams ar savu pied\u0101v\u0101jumu, kur\u0101 apmekl\u0113t\u0101ji var atrast Latvijas zemnieku un m\u0101jra\u017eot\u0101ju labumus \u2013 maizi, k\u016bkas, k\u016bpin\u0101jumus, sierus un daudz ko citu. T\u0101pat tirg\u016b pieejami amatnieku un dizaineru darin\u0101jumi, vinils, augi un st\u0101di. Kvart\u0101l\u0101 regul\u0101ri notiek da\u017e\u0101di pas\u0101kumi, tostarp rado\u0161\u0101s darbn\u012bcas jaun\u0101kajiem apmekl\u0113t\u0101jiem, izst\u0101des un koncerti, nodro\u0161inot daudzveid\u012bgu kult\u016bras un atp\u016btas pied\u0101v\u0101jumu visa gada garum\u0101.<\/p>\n<p>Ziemas pas\u0101kumi R\u012bg\u0101<\/p>\n<p>&#8220;Ad\u012bjumu tirgus&#8221; ir viens no daudzajiem ziemas pas\u0101kumiem, kas norisin\u0101s R\u012bg\u0101 janv\u0101r\u012b. Iepriek\u0161\u0113j\u0101 gad\u0101 un ar\u012b \u0161ogad R\u012bg\u0101 notiek da\u017e\u0101di gadatirgi, piem\u0113ram, Vecr\u012bgas Ziemassv\u0113tku tirdzi\u0146\u0161 Doma laukum\u0101, kas darboj\u0101s l\u012bdz pat 2026. gada 4. janv\u0101rim, pied\u0101v\u0101jot Latvijas m\u0101jra\u017eot\u0101ju un amatnieku darin\u0101jumus. T\u0101pat notika Ziemassv\u0113tku tirdzi\u0146\u0161 &#8220;Baltic EXPO&#8221; un V\u0113rmanes d\u0101rz\u0101, pulc\u0113jot viet\u0113jos ra\u017eot\u0101jus un dizainerus.<\/p>\n","protected":false},"excerpt":{"rendered":"Aicin\u0101jums uz Ad\u012bjumu tirgu Kalnciema kvart\u0101ls 17. janv\u0101r\u012b no pulksten 10:00 l\u012bdz 16:00 r\u012bkos ikgad\u0113jo &#8220;Ad\u012bjumu tirgu&#8221;, pied\u0101v\u0101jot&hellip;\n","protected":false},"author":2,"featured_media":104356,"comment_status":"","ping_status":"","sticky":false,"template":"","format":"standard","meta":{"footnotes":""},"categories":[19],"tags":[9691,25104,89,90,25103,35,39,38,36,37,34,40,172,25105],"class_list":{"0":"post-104355","1":"post","2":"type-post","3":"status-publish","4":"format-standard","5":"has-post-thumbnail","7":"category-izklaide","8":"tag-adijumi","9":"tag-adijumu-tirgus","10":"tag-entertainment","11":"tag-izklaide","12":"tag-kalnciema-tirgus","13":"tag-latvia","14":"tag-latvian","15":"tag-latviesu","16":"tag-latviesu-valoda","17":"tag-latviesuvaloda","18":"tag-latvija","19":"tag-lv","20":"tag-riga","21":"tag-ziemas-pasakumi"},"share_on_mastodon":{"url":"https:\/\/pubeurope.com\/@lv\/115893625576274623","error":""},"_links":{"self":[{"href":"https:\/\/www.europesays.com\/lv\/wp-json\/wp\/v2\/posts\/104355","targetHints":{"allow":["GET"]}}],"collection":[{"href":"https:\/\/www.europesays.com\/lv\/wp-json\/wp\/v2\/posts"}],"about":[{"href":"https:\/\/www.europesays.com\/lv\/wp-json\/wp\/v2\/types\/post"}],"author":[{"embeddable":true,"href":"https:\/\/www.europesays.com\/lv\/wp-json\/wp\/v2\/users\/2"}],"replies":[{"embeddable":true,"href":"https:\/\/www.europesays.com\/lv\/wp-json\/wp\/v2\/comments?post=104355"}],"version-history":[{"count":0,"href":"https:\/\/www.europesays.com\/lv\/wp-json\/wp\/v2\/posts\/104355\/revisions"}],"wp:featuredmedia":[{"embeddable":true,"href":"https:\/\/www.europesays.com\/lv\/wp-json\/wp\/v2\/media\/104356"}],"wp:attachment":[{"href":"https:\/\/www.europesays.com\/lv\/wp-json\/wp\/v2\/media?parent=104355"}],"wp:term":[{"taxonomy":"category","embeddable":true,"href":"https:\/\/www.europesays.com\/lv\/wp-json\/wp\/v2\/categories?post=104355"},{"taxonomy":"post_tag","embeddable":true,"href":"https:\/\/www.europesays.com\/lv\/wp-json\/wp\/v2\/tags?post=104355"}],"curies":[{"name":"wp","href":"https:\/\/api.w.org\/{rel}","templated":true}]}}