{"id":104361,"date":"2026-01-14T13:21:14","date_gmt":"2026-01-14T13:21:14","guid":{"rendered":"https:\/\/www.europesays.com\/lv\/104361\/"},"modified":"2026-01-14T13:21:14","modified_gmt":"2026-01-14T13:21:14","slug":"smagako-ziemu-kops-pilna-apmera-iebrukuma-sakuma-sobrid-piedzivo-kijiva-lr1-latvijas-radio","status":"publish","type":"post","link":"https:\/\/www.europesays.com\/lv\/104361\/","title":{"rendered":"Smag\u0101ko ziemu kop\u0161 pilna apm\u0113ra iebrukuma s\u0101kuma \u0161obr\u012bd piedz\u012bvo Kijiva \/ LR1 \/ \/ Latvijas Radio"},"content":{"rendered":"<p><a href=\"https:\/\/mapp.latvijasradio.lv\/shared-broadcast?b=237&amp;url=http:\/\/latvijasradio.lsm.lv\/lv\/lr1\/raidijumi\/labriit\/\" target=\"_blank\" rel=\"nofollow noopener\"><img decoding=\"async\" alt=\"Latvijas radio lietotnes logo\" src=\"https:\/\/www.europesays.com\/lv\/wp-content\/uploads\/2026\/01\/1768396874_329_LR_pod poga.png\" style=\"width: 140px; height: 38px;\"\/><\/a><\/p>\n<p>Smag\u0101ko ziemu kop\u0161 pilna apm\u0113ra iebrukuma s\u0101kuma \u0161obr\u012bd piedz\u012bvo Kijiva, kas joproj\u0101m m\u0113\u0123ina atg\u016bties no Krievijas 9. janv\u0101ra uzbrukumos nodar\u012btajiem post\u012bjumiem. Laik\u0101, kad gaisa temperat\u016bra turas zem m\u012bnus 10 gr\u0101diem, da\u013c\u0101 galvaspils\u0113tas \u0113ku joproj\u0101m nav apkures un nopietni trauc\u0113ta ar\u012b elektroapg\u0101de.<\/p>\n<p>Nakts uz 9.\u00a0janv\u0101ri Kijiv\u0101 bija viena no smag\u0101kaj\u0101m, k\u0101da\u00a0piedz\u012bvotas pilna apm\u0113ra iebrukuma laik\u0101.\u00a0Uz Ukrainu palaisti 242 da\u017e\u0101da tipa kaujas droni un 36 ballistisk\u0101s un sp\u0101rnot\u0101s ra\u0137etes. Skaitliski tas ne tuvu nav liel\u0101kais r\u0101d\u012bt\u0101js, ta\u010du post\u012bjumu zi\u0146\u0101 uzbrukums tiek raksturots k\u0101 viens no smag\u0101kajiem.\u00a0\u00a0<\/p>\n<p>Aptuveni puse no vair\u0101k nek\u0101 tr\u012bs miljonu cilv\u0113ku liel\u0101s galvaspils\u0113tas palika bez apkures. Daudzviet pazuda ar\u012b elektr\u012bba un \u016bdens.\u00a0<\/p>\n<p>Kijivas m\u0113rs Vit\u0101lijs Kli\u010dko aicin\u0101jis pils\u0113tas iedz\u012bvot\u0101jus, kam ir iesp\u0113ja, uz laiku pamest galvaspils\u0113tu, bet gl\u0101b\u0161anas dienesti jau vair\u0101kas diennaktis str\u0101d\u0101, lai dz\u012bvok\u013cos atgrieztu elektr\u012bbu un siltumu.\u00a0<\/p>\n<p>Ieteikt<\/p>\n<p>    Latvijas Radio aicina izteikt savu viedokli par raid\u012bjum\u0101 dzird\u0113to un atbalsta diskusijas klaus\u012bt\u0101ju starp\u0101, tom\u0113r patur ties\u012bbas dz\u0113st koment\u0101rus, kas p\u0101rk\u0101pj cie\u0146pilnas attieksmes un \u0113tiskas r\u012bc\u012bbas robe\u017eas.<a name=\"comments\"\/><\/p>\n","protected":false},"excerpt":{"rendered":"Smag\u0101ko ziemu kop\u0161 pilna apm\u0113ra iebrukuma s\u0101kuma \u0161obr\u012bd piedz\u012bvo Kijiva, kas joproj\u0101m m\u0113\u0123ina atg\u016bties no Krievijas 9. janv\u0101ra&hellip;\n","protected":false},"author":2,"featured_media":104362,"comment_status":"","ping_status":"","sticky":false,"template":"","format":"standard","meta":{"footnotes":""},"categories":[5],"tags":[23,28,29,32,33,22,30,31,35,39,38,36,37,34,40,20,26,27,24,25,21],"class_list":{"0":"post-104361","1":"post","2":"type-post","3":"status-publish","4":"format-standard","5":"has-post-thumbnail","7":"category-aktualitates","8":"tag-aktualitates","9":"tag-breaking-news","10":"tag-breakingnews","11":"tag-featured-news","12":"tag-featurednews","13":"tag-headlines","14":"tag-latest-news","15":"tag-latestnews","16":"tag-latvia","17":"tag-latvian","18":"tag-latviesu","19":"tag-latviesu-valoda","20":"tag-latviesuvaloda","21":"tag-latvija","22":"tag-lv","23":"tag-news","24":"tag-popularakas-zinas","25":"tag-popularakaszinas","26":"tag-top-stories","27":"tag-topstories","28":"tag-zinas"},"share_on_mastodon":{"url":"https:\/\/pubeurope.com\/@lv\/115893664645854180","error":""},"_links":{"self":[{"href":"https:\/\/www.europesays.com\/lv\/wp-json\/wp\/v2\/posts\/104361","targetHints":{"allow":["GET"]}}],"collection":[{"href":"https:\/\/www.europesays.com\/lv\/wp-json\/wp\/v2\/posts"}],"about":[{"href":"https:\/\/www.europesays.com\/lv\/wp-json\/wp\/v2\/types\/post"}],"author":[{"embeddable":true,"href":"https:\/\/www.europesays.com\/lv\/wp-json\/wp\/v2\/users\/2"}],"replies":[{"embeddable":true,"href":"https:\/\/www.europesays.com\/lv\/wp-json\/wp\/v2\/comments?post=104361"}],"version-history":[{"count":0,"href":"https:\/\/www.europesays.com\/lv\/wp-json\/wp\/v2\/posts\/104361\/revisions"}],"wp:featuredmedia":[{"embeddable":true,"href":"https:\/\/www.europesays.com\/lv\/wp-json\/wp\/v2\/media\/104362"}],"wp:attachment":[{"href":"https:\/\/www.europesays.com\/lv\/wp-json\/wp\/v2\/media?parent=104361"}],"wp:term":[{"taxonomy":"category","embeddable":true,"href":"https:\/\/www.europesays.com\/lv\/wp-json\/wp\/v2\/categories?post=104361"},{"taxonomy":"post_tag","embeddable":true,"href":"https:\/\/www.europesays.com\/lv\/wp-json\/wp\/v2\/tags?post=104361"}],"curies":[{"name":"wp","href":"https:\/\/api.w.org\/{rel}","templated":true}]}}