{"id":104363,"date":"2026-01-14T13:26:08","date_gmt":"2026-01-14T13:26:08","guid":{"rendered":"https:\/\/www.europesays.com\/lv\/104363\/"},"modified":"2026-01-14T13:26:08","modified_gmt":"2026-01-14T13:26:08","slug":"neilgi-pec-zadzibas-agenskalna-likumsargi-aiztur-divus-garnadzus","status":"publish","type":"post","link":"https:\/\/www.europesays.com\/lv\/104363\/","title":{"rendered":"Neilgi p\u0113c z\u0101dz\u012bbas \u0100genskaln\u0101 likumsargi aiztur divus garnad\u017eus"},"content":{"rendered":"<p>8. janv\u0101r\u012b divi garnad\u017ei \u0100genskaln\u0101 atspieda k\u0101das dz\u012bvojam\u0101s m\u0101jas k\u0101p\u0146utelpas ieejas durvis un dev\u0101s uz pagrabu, kur vi\u0146i no mantu glab\u0101tavas nozaga urbjma\u0161\u012bnu un fleksi, kuru kop\u0113j\u0101 v\u0113rt\u012bba ir 2065 eiro.<\/p>\n<p>Garnad\u017eiem gan nepaveic\u0101s, jo jau dr\u012bz Valsts policijas R\u012bgas re\u0123iona p\u0101rvaldes Krimin\u0101lpolicijas p\u0101rvaldes 2. biroja 2. noda\u013cas darbinieki vi\u0146us aiztur\u0113ja. Zagt\u0101s mantas tika atg\u016btas.<\/p>\n<p>Viens no aiztur\u0113tajiem v\u012brie\u0161iem dzimis 1998. gad\u0101, otrs 1985. gad\u0101. Abas personas jau iepriek\u0161 ir sod\u012btas par mantiska rakstura noziedz\u012bgiem nodar\u012bjumiem, un \u0161\u0101 gada 9. janv\u0101r\u012b vi\u0146iem piem\u0113rots dro\u0161\u012bbas l\u012bdzeklis \u2013 apcietin\u0101jums.<\/p>\n<p>Krimin\u0101lprocess s\u0101kts p\u0113c Krimin\u0101llikuma 175. panta tre\u0161\u0101s da\u013cas, proti, par z\u0101dz\u012bbu, ja t\u0101 izdar\u012bta, iek\u013c\u016bstot dz\u012bvokl\u012b vai cit\u0101 telp\u0101, vai ja t\u0101 izdar\u012bta no glab\u0101tavas. Par \u0161\u0101du noziegumu soda ar br\u012bv\u012bbas at\u0146em\u0161anu uz laiku l\u012bdz pieciem gadiem vai ar \u012bslaic\u012bgu br\u012bv\u012bbas at\u0146em\u0161anu, vai ar prob\u0101cijas uzraudz\u012bbu, vai ar sabiedrisko darbu, vai ar naudas sodu, konfisc\u0113jot mantu vai bez mantas konfisk\u0101cijas.<\/p>\n<p>T\u0101pat krimin\u0101lprocess kvalific\u0113ts p\u0113c Krimin\u0101llikuma 185. panta pirm\u0101s da\u013cas \u2013 par sve\u0161as mantas t\u012b\u0161u izn\u012bcin\u0101\u0161anu vai boj\u0101\u0161anu. Par \u0161\u0101du noziegumu soda ar br\u012bv\u012bbas at\u0146em\u0161anu uz laiku l\u012bdz diviem gadiem vai ar \u012bslaic\u012bgu br\u012bv\u012bbas at\u0146em\u0161anu, vai ar prob\u0101cijas uzraudz\u012bbu, vai ar sabiedrisko darbu, vai ar naudas sodu.<\/p>\n<p>Valsts policija atg\u0101dina, ka neviena persona netiek uzskat\u012bta par vain\u012bgu, kam\u0113r t\u0101s vaina noziedz\u012bga nodar\u012bjuma izdar\u012b\u0161an\u0101 netiek pier\u0101d\u012bta likum\u0101 noteiktaj\u0101 k\u0101rt\u012bb\u0101.<\/p>\n","protected":false},"excerpt":{"rendered":"8. janv\u0101r\u012b divi garnad\u017ei \u0100genskaln\u0101 atspieda k\u0101das dz\u012bvojam\u0101s m\u0101jas k\u0101p\u0146utelpas ieejas durvis un dev\u0101s uz pagrabu, kur vi\u0146i&hellip;\n","protected":false},"author":2,"featured_media":104364,"comment_status":"","ping_status":"","sticky":false,"template":"","format":"standard","meta":{"footnotes":""},"categories":[12],"tags":[23,28,29,32,33,22,573,6311,30,31,35,39,38,36,37,34,40,20,26,27,172,24,25,21],"class_list":{"0":"post-104363","1":"post","2":"type-post","3":"status-publish","4":"format-standard","5":"has-post-thumbnail","7":"category-latvija","8":"tag-aktualitates","9":"tag-breaking-news","10":"tag-breakingnews","11":"tag-featured-news","12":"tag-featurednews","13":"tag-headlines","14":"tag-kriminallieta","15":"tag-kriminalzina","16":"tag-latest-news","17":"tag-latestnews","18":"tag-latvia","19":"tag-latvian","20":"tag-latviesu","21":"tag-latviesu-valoda","22":"tag-latviesuvaloda","23":"tag-latvija","24":"tag-lv","25":"tag-news","26":"tag-popularakas-zinas","27":"tag-popularakaszinas","28":"tag-riga","29":"tag-top-stories","30":"tag-topstories","31":"tag-zinas"},"share_on_mastodon":{"url":"https:\/\/pubeurope.com\/@lv\/115893684322241893","error":""},"_links":{"self":[{"href":"https:\/\/www.europesays.com\/lv\/wp-json\/wp\/v2\/posts\/104363","targetHints":{"allow":["GET"]}}],"collection":[{"href":"https:\/\/www.europesays.com\/lv\/wp-json\/wp\/v2\/posts"}],"about":[{"href":"https:\/\/www.europesays.com\/lv\/wp-json\/wp\/v2\/types\/post"}],"author":[{"embeddable":true,"href":"https:\/\/www.europesays.com\/lv\/wp-json\/wp\/v2\/users\/2"}],"replies":[{"embeddable":true,"href":"https:\/\/www.europesays.com\/lv\/wp-json\/wp\/v2\/comments?post=104363"}],"version-history":[{"count":0,"href":"https:\/\/www.europesays.com\/lv\/wp-json\/wp\/v2\/posts\/104363\/revisions"}],"wp:featuredmedia":[{"embeddable":true,"href":"https:\/\/www.europesays.com\/lv\/wp-json\/wp\/v2\/media\/104364"}],"wp:attachment":[{"href":"https:\/\/www.europesays.com\/lv\/wp-json\/wp\/v2\/media?parent=104363"}],"wp:term":[{"taxonomy":"category","embeddable":true,"href":"https:\/\/www.europesays.com\/lv\/wp-json\/wp\/v2\/categories?post=104363"},{"taxonomy":"post_tag","embeddable":true,"href":"https:\/\/www.europesays.com\/lv\/wp-json\/wp\/v2\/tags?post=104363"}],"curies":[{"name":"wp","href":"https:\/\/api.w.org\/{rel}","templated":true}]}}