{"id":104365,"date":"2026-01-14T13:28:07","date_gmt":"2026-01-14T13:28:07","guid":{"rendered":"https:\/\/www.europesays.com\/lv\/104365\/"},"modified":"2026-01-14T13:28:07","modified_gmt":"2026-01-14T13:28:07","slug":"normalizeta-vardarbiba-spanu-dziedatajs-hulio-iglesiass-apsudzets-seksuala-vardarbiba","status":"publish","type":"post","link":"https:\/\/www.europesays.com\/lv\/104365\/","title":{"rendered":"\u201cNormaliz\u0113ta vardarb\u012bba.\u201d Sp\u0101\u0146u dzied\u0101t\u0101js Hulio Iglesiass aps\u016bdz\u0113ts seksu\u0101l\u0101 vardarb\u012bb\u0101"},"content":{"rendered":"<p>Saska\u0146\u0101 ar \u201celDiario.es\u201d un \u201cUnivision\u201d sniegto inform\u0101ciju Iglesiass un vi\u0146a advok\u0101ts neatbild\u0113ja uz atk\u0101rtotiem piepras\u012bjumiem atbild\u0113t uz aps\u016bdz\u012bb\u0101m pirms to public\u0113\u0161anas.<\/p>\n<p>Tom\u0113r sieviete, kas identific\u0113ta k\u0101 p\u0101rvaldniece viena no dzied\u0101t\u0101ja Kar\u012bbu j\u016bras re\u0123ion\u0101 \u016bpa\u0161umiem, sac\u012bja, ka \u0161ie apgalvojumi ir \u201cmu\u013c\u0137\u012bbas\u201d.<\/p>\n<p>Viena no interv\u0113taj\u0101m sieviet\u0113m, m\u0101jsaimniec\u012bbas darbiniece, kuras v\u0101rds zi\u0146ojumos tika main\u012bts uz Rebeku, teica, ka vi\u0146\u0161 regul\u0101ri dienas beig\u0101s sauca vi\u0146u uz savu istabu un nepiedien\u012bgi piesk\u0101r\u0101s vi\u0146ai bez piekri\u0161anas.<\/p>\n<p>\u201cVi\u0146\u0161 mani izmantoja gandr\u012bz katru nakti,\u201d vi\u0146a teica un nesl\u0113pa: \u201cEs jutos k\u0101 priek\u0161mets, k\u0101 verdzene.\u201d<\/p>\n<p>Rebeka, kura ir dominik\u0101niete un kurai bija 22 gadi, kad notika aprakst\u012btie iesp\u0113jamie notikumi, ar\u012b apgalvoja, ka Iglesiass piespiedis vi\u0146u iesaist\u012bties seksu\u0101l\u0101s attiec\u012bb\u0101s ar v\u0113l vienu darbinieci. Vi\u0146a ar\u012b aprakst\u012bja, ka dzied\u0101t\u0101js iesita vi\u0146ai pa seju un satv\u0113ra vi\u0146as dzimumorg\u0101nus.<\/p>\n<p>Otra sieviete, venecu\u0113lie\u0161u fizioterapeite, rakst\u0101 nosaukta par Lauru, teica, ka Iglesiass pret vi\u0146as gribu piesk\u0101ries vi\u0146as kr\u016bt\u012bm un nosk\u016bpst\u012bjis vi\u0146u. Vi\u0146a piebilda, ka vi\u0146\u0161 past\u0101v\u012bgi draud\u0113ja vi\u0146u atlaist, kontrol\u0113ja, cik daudz vi\u0146a \u0113da, un jaut\u0101ja, kad vi\u0146ai s\u0101ksies m\u0113ne\u0161reizes.<\/p>\n<p class=\"ad-desc ad-desc-main\">Saturs turpin\u0101s p\u0113c rekl\u0101mas<\/p>\n<p class=\"ad-desc ad-desc-sec\">Rekl\u0101ma<\/p>\n<p>\u201cVi\u0146\u0161 vienm\u0113r teica, ka esmu resna un man j\u0101zaud\u0113 svars,\u201d sac\u012bja Laura, aprakstot darba vidi, kur\u0101 vald\u012bja \u201cnormaliz\u0113ta vardarb\u012bba\u201d.<\/p>\n<p>Lai gan vi\u0146a teica, ka bie\u017ei noraid\u012bjusi vi\u0146a seksu\u0101los pied\u0101v\u0101jumus, \u201cbija meitenes, kuras nevar\u0113ja pateikt n\u0113. Un vi\u0146\u0161 ar vi\u0146\u0101m dar\u012bja, ko grib\u0113ja\u201d.<\/p>\n<p>\u201celDiario.es\u201d un \u201cUnivision\u201d, kas kop\u0101 izmekl\u0113ja lietu tr\u012bs gadu laik\u0101, nor\u0101da, ka apgalvojumus pamato dokument\u0101ri pier\u0101d\u012bjumi, tostarp fotogr\u0101fijas, telefona ieraksti, \u012bszi\u0146as un medic\u012bnisk\u0101s zi\u0146as.<\/p>\n<p>Vi\u0146u zi\u0146ojumos cit\u0113ti citi biju\u0161ie Iglesiasa darbinieki, kuri apraksta draud\u012bgu, \u013coti stresainu atmosf\u0113ru tiem, kas str\u0101d\u0101ja pie vi\u0146a.<\/p>\n<p>Ir atkl\u0101jies, ka Rebeka un Laura 5. janv\u0101r\u012b iesniedza pras\u012bbu pret Iglesiasu par seksu\u0101lu uzbrukumu un cilv\u0113ku tirdzniec\u012bbu valsts ties\u0101, kas izmekl\u0113 noziegumus, kas, iesp\u0113jams, pastr\u0101d\u0101ti \u0101rpus Sp\u0101nijas robe\u017e\u0101m.<\/p>\n","protected":false},"excerpt":{"rendered":"Saska\u0146\u0101 ar \u201celDiario.es\u201d un \u201cUnivision\u201d sniegto inform\u0101ciju Iglesiass un vi\u0146a advok\u0101ts neatbild\u0113ja uz atk\u0101rtotiem piepras\u012bjumiem atbild\u0113t uz aps\u016bdz\u012bb\u0101m&hellip;\n","protected":false},"author":2,"featured_media":104366,"comment_status":"","ping_status":"","sticky":false,"template":"","format":"standard","meta":{"footnotes":""},"categories":[19],"tags":[89,25106,90,35,39,38,36,37,34,40],"class_list":{"0":"post-104365","1":"post","2":"type-post","3":"status-publish","4":"format-standard","5":"has-post-thumbnail","7":"category-izklaide","8":"tag-entertainment","9":"tag-hulio-iglesiass","10":"tag-izklaide","11":"tag-latvia","12":"tag-latvian","13":"tag-latviesu","14":"tag-latviesu-valoda","15":"tag-latviesuvaloda","16":"tag-latvija","17":"tag-lv"},"share_on_mastodon":{"url":"https:\/\/pubeurope.com\/@lv\/115893692218999651","error":""},"_links":{"self":[{"href":"https:\/\/www.europesays.com\/lv\/wp-json\/wp\/v2\/posts\/104365","targetHints":{"allow":["GET"]}}],"collection":[{"href":"https:\/\/www.europesays.com\/lv\/wp-json\/wp\/v2\/posts"}],"about":[{"href":"https:\/\/www.europesays.com\/lv\/wp-json\/wp\/v2\/types\/post"}],"author":[{"embeddable":true,"href":"https:\/\/www.europesays.com\/lv\/wp-json\/wp\/v2\/users\/2"}],"replies":[{"embeddable":true,"href":"https:\/\/www.europesays.com\/lv\/wp-json\/wp\/v2\/comments?post=104365"}],"version-history":[{"count":0,"href":"https:\/\/www.europesays.com\/lv\/wp-json\/wp\/v2\/posts\/104365\/revisions"}],"wp:featuredmedia":[{"embeddable":true,"href":"https:\/\/www.europesays.com\/lv\/wp-json\/wp\/v2\/media\/104366"}],"wp:attachment":[{"href":"https:\/\/www.europesays.com\/lv\/wp-json\/wp\/v2\/media?parent=104365"}],"wp:term":[{"taxonomy":"category","embeddable":true,"href":"https:\/\/www.europesays.com\/lv\/wp-json\/wp\/v2\/categories?post=104365"},{"taxonomy":"post_tag","embeddable":true,"href":"https:\/\/www.europesays.com\/lv\/wp-json\/wp\/v2\/tags?post=104365"}],"curies":[{"name":"wp","href":"https:\/\/api.w.org\/{rel}","templated":true}]}}