{"id":104373,"date":"2026-01-14T13:34:06","date_gmt":"2026-01-14T13:34:06","guid":{"rendered":"https:\/\/www.europesays.com\/lv\/104373\/"},"modified":"2026-01-14T13:34:06","modified_gmt":"2026-01-14T13:34:06","slug":"aktieri-dzekmens-un-hadsona-rezisors-bruvers-atklaj-mazo-stastu-speku-filma-vinu-sapnu-dziesma-lente-lv","status":"publish","type":"post","link":"https:\/\/www.europesays.com\/lv\/104373\/","title":{"rendered":"Aktieri D\u017eekmens un Hadsona, re\u017eisors Br\u016bvers atkl\u0101j mazo st\u0101stu sp\u0113ku film\u0101 \u00abVi\u0146u sap\u0146u dziesma\u00bb\u00a0\u2014\u00a0Lente.lv"},"content":{"rendered":"<p>Filmas rad\u012b\u0161anas process un iedvesma<\/p>\n<p>Aktieri Hj\u016b D\u017eekmens un Keita Hadsona, k\u0101 ar\u012b re\u017eisors Kreigs Br\u016bvers dal\u012bju\u0161ies p\u0101rdom\u0101s par savu jaun\u0101ko kopdarbu \u2013 muzik\u0101lo dr\u0101mu \u00abVi\u0146u sap\u0146u dziesma\u00bb (orig. &#8220;Song Sung Blue&#8221;). K\u0101 inform\u0113 Latvijas Sabiedriskie Mediji, filmas veidot\u0101ji uzsver maz\u0101s, personisk\u0101s st\u0101stu noz\u012bmi un sp\u0113ju rast iedvesmu pat gr\u016btos br\u012b\u017eos. Re\u017eisors Kreigs Br\u016bvers, kur\u0161 ir ar\u012b filmas scen\u0101rija autors un l\u012bdzproducents, atkl\u0101j, ka filma balst\u012bta uz Grega Koha 2008. gada dokument\u0101lo filmu ar t\u0101du pa\u0161u nosaukumu.<\/p>\n<p>Filma ir rad\u012bta ar m\u0113r\u0137i par\u0101d\u012bt, k\u0101 rado\u0161ums var pal\u012bdz\u0113t p\u0101rvar\u0113t gr\u016bt\u012bbas un sniegt mierin\u0101jumu. Br\u016bvers uzsver, ka ikdien\u0101 bie\u017ei vien nov\u0113rt\u0113jam par zemu to, cik sp\u0113c\u012bgs var b\u016bt vienk\u0101r\u0161s, personisks st\u0101sts, kas sp\u0113j aizkustin\u0101t un iedvesmot gan rad\u012bt\u0101jus, gan skat\u012bt\u0101jus.<\/p>\n<p>Aktieru pieredze un nostal\u0123ijas saj\u016bta<\/p>\n<p>Hj\u016b D\u017eekmens, kur\u0161 pla\u0161\u0101k paz\u012bstams ar Vilknad\u017ea lomu &#8220;X cilv\u0113ku&#8221; filmu s\u0113rij\u0101 un cit\u0101m noz\u012bm\u012bg\u0101m lom\u0101m kino un te\u0101tr\u012b, uzsv\u0113ra rado\u0161\u0101s izpausmes noz\u012bmi k\u0101 veidu, k\u0101 smelt sp\u0113ku gr\u016bt\u012bbu p\u0101rvar\u0113\u0161anai un trauksmaina pr\u0101ta veldz\u0113\u0161anai. Aktieris dal\u012bjies ar\u012b ar savu pieredzi, kur\u0101 vi\u0146\u0161 p\u0101rsteidza skol\u0113nus, uzst\u0101joties ar savu \u0123it\u0101ru un dziedot vi\u0146u priek\u0161\u0101, populariz\u0113jot tie\u0161i \u0161o filmu. \u0160is notikums k\u013cuva par neaizmirstamu mirkli gan jaunie\u0161iem, gan pa\u0161am aktierim.<\/p>\n<p>Keita Hadsona, kura savu karjeru veidojusi da\u017e\u0101d\u0101s romantisk\u0101s kom\u0113dijas un dr\u0101mas, piev\u0113rs\u0101s filmas noska\u0146ai un nostal\u0123ijas saj\u016btai. Vi\u0146a nor\u0101da, ka filmas st\u0101sts \u013cauj skat\u012bt\u0101jiem atgriezties pie sav\u0101m person\u012bgaj\u0101m atmi\u0146\u0101m un izj\u016bt\u0101m, kas bie\u017ei vien ir cie\u0161i saist\u012btas ar pag\u0101tni un sniedz \u012bpa\u0161u, siltu saj\u016btu.<\/p>\n<p>Re\u017eisora v\u012bzija un filmu veido\u0161anas filozofija<\/p>\n<p>Re\u017eisors Kreigs Br\u016bvers sav\u0101 rado\u0161aj\u0101 darb\u012bb\u0101 cen\u0161as izcelt cilv\u0113cisko st\u0101stu un emociju noz\u012bmi. Vi\u0146\u0161 uzskata, ka m\u016bsdienu pasaul\u0113, kas bie\u017ei vien ir p\u0101rlieku digit\u0101la un strauja, ir svar\u012bgi atgriezties pie sakn\u0113m un nov\u0113rt\u0113t vienk\u0101r\u0161as, bet dzi\u013cas cilv\u0113cisk\u0101s attiec\u012bbas un pieredzes. \u00abVi\u0146u sap\u0146u dziesma\u00bb ir vi\u0146a apliecin\u0101jums \u0161ai filozofijai, mekl\u0113jot dzi\u013cumu un noz\u012bmi ikdieni\u0161\u0137os notikumos un cilv\u0113kos.<\/p>\n<p>Br\u016bvers atkl\u0101j, ka vi\u0146a darba process bie\u017ei vien ietver ilgu laiku pavad\u012b\u0161anu, lai izprastu varo\u0146u motiv\u0101ciju un emocijas, t\u0101d\u0113j\u0101di radot patiesus un atpaz\u012bstamus t\u0113lus, kas sp\u0113j rezon\u0113t ar skat\u012bt\u0101ju.<\/p>\n<p>Filmas noz\u012bme un t\u0101s v\u0113st\u012bjums<\/p>\n<p>\u00abVi\u0146u sap\u0146u dziesma\u00bb tiek raksturota k\u0101 2025. gada amerik\u0101\u0146u biogr\u0101fiska muzik\u0101la dr\u0101ma. T\u0101 p\u0113ta t\u0113mas par rado\u0161umu, iztur\u012bbu un cilv\u0113cisk\u0101s saiknes sp\u0113ku. Filmas v\u0113st\u012bjums ir cer\u012bgs un iedvesmojo\u0161s, mudinot skat\u012bt\u0101jus mekl\u0113t prieku un iedvesmu sev\u012b un apk\u0101rt\u0113jos, neatkar\u012bgi no dz\u012bves apst\u0101k\u013ciem.<\/p>\n<p>Br\u016bvera filma, k\u0101 ar\u012b D\u017eekmena un Hadsonas dal\u012bba, sniedz skat\u012bt\u0101jiem iesp\u0113ju iegrimt st\u0101st\u0101, kas ir gan personisks, gan univers\u0101ls, vienlaikus pied\u0101v\u0101jot neaizmirstamu kino pieredzi.<\/p>\n","protected":false},"excerpt":{"rendered":"Filmas rad\u012b\u0161anas process un iedvesma Aktieri Hj\u016b D\u017eekmens un Keita Hadsona, k\u0101 ar\u012b re\u017eisors Kreigs Br\u016bvers dal\u012bju\u0161ies p\u0101rdom\u0101s&hellip;\n","protected":false},"author":2,"featured_media":104374,"comment_status":"","ping_status":"","sticky":false,"template":"","format":"standard","meta":{"footnotes":""},"categories":[19],"tags":[89,19598,90,25107,25108,35,39,38,36,37,34,40,9337,25109],"class_list":{"0":"post-104373","1":"post","2":"type-post","3":"status-publish","4":"format-standard","5":"has-post-thumbnail","7":"category-izklaide","8":"tag-entertainment","9":"tag-hju-dzekmens","10":"tag-izklaide","11":"tag-keita-hadsona","12":"tag-kreigs-bruvers","13":"tag-latvia","14":"tag-latvian","15":"tag-latviesu","16":"tag-latviesu-valoda","17":"tag-latviesuvaloda","18":"tag-latvija","19":"tag-lv","20":"tag-radosums","21":"tag-vinu-sapnu-dziesma"},"share_on_mastodon":{"url":"https:\/\/pubeurope.com\/@lv\/115893715857434303","error":""},"_links":{"self":[{"href":"https:\/\/www.europesays.com\/lv\/wp-json\/wp\/v2\/posts\/104373","targetHints":{"allow":["GET"]}}],"collection":[{"href":"https:\/\/www.europesays.com\/lv\/wp-json\/wp\/v2\/posts"}],"about":[{"href":"https:\/\/www.europesays.com\/lv\/wp-json\/wp\/v2\/types\/post"}],"author":[{"embeddable":true,"href":"https:\/\/www.europesays.com\/lv\/wp-json\/wp\/v2\/users\/2"}],"replies":[{"embeddable":true,"href":"https:\/\/www.europesays.com\/lv\/wp-json\/wp\/v2\/comments?post=104373"}],"version-history":[{"count":0,"href":"https:\/\/www.europesays.com\/lv\/wp-json\/wp\/v2\/posts\/104373\/revisions"}],"wp:featuredmedia":[{"embeddable":true,"href":"https:\/\/www.europesays.com\/lv\/wp-json\/wp\/v2\/media\/104374"}],"wp:attachment":[{"href":"https:\/\/www.europesays.com\/lv\/wp-json\/wp\/v2\/media?parent=104373"}],"wp:term":[{"taxonomy":"category","embeddable":true,"href":"https:\/\/www.europesays.com\/lv\/wp-json\/wp\/v2\/categories?post=104373"},{"taxonomy":"post_tag","embeddable":true,"href":"https:\/\/www.europesays.com\/lv\/wp-json\/wp\/v2\/tags?post=104373"}],"curies":[{"name":"wp","href":"https:\/\/api.w.org\/{rel}","templated":true}]}}