{"id":104383,"date":"2026-01-14T13:41:11","date_gmt":"2026-01-14T13:41:11","guid":{"rendered":"https:\/\/www.europesays.com\/lv\/104383\/"},"modified":"2026-01-14T13:41:11","modified_gmt":"2026-01-14T13:41:11","slug":"m-sport-atrada-2026-gada-sezonas-jauno-dizainu-foto","status":"publish","type":"post","link":"https:\/\/www.europesays.com\/lv\/104383\/","title":{"rendered":"M-Sport atr\u0101da 2026.gada sezonas jauno dizainu (FOTO)"},"content":{"rendered":"<p>Foto: M-Sport<\/p>\n<p>M-Sport atr\u0101d\u012bjusi sava 2026. gada pasaules rallija \u010dempion\u0101ta automobi\u013ca jauno kr\u0101sojumu, dizainu.<\/p>\n<p>Ford r\u016bpn\u012bcas komanda jau ilgsto\u0161i izce\u013cas k\u0101 viena no rado\u0161\u0101kaj\u0101m WRC vien\u012bb\u0101m dizaina zi\u0146\u0101, un ar\u012b 2026. gad\u0101 Puma Rally1 sa\u0146em piln\u012bgi jaunu vizu\u0101lo noform\u0113jumu.<br \/>&#13;\n<\/p>\n<p><img loading=\"lazy\" decoding=\"async\" height=\"257\" width=\"420\" src=\"https:\/\/www.europesays.com\/lv\/wp-content\/uploads\/2026\/01\/ms2.jpg\"\/><br \/>\nFoto: M-Sport<\/p>\n<p>Jaunais kr\u0101sojums iedvesmu sm\u0113lies no 2004.\u20132005. gada Ford Focus WRC dizaina, kas tika izmantots pirms div\u0101m desmitgad\u0113m. \u0160osezon automobi\u013ca pamatkr\u0101sa ir balta, ko papildina za\u013ci, zili un pat dzelteni akcenti.<br \/>&#13;\n<\/p>\n<p><img loading=\"lazy\" decoding=\"async\" src=\"https:\/\/www.europesays.com\/lv\/wp-content\/uploads\/2026\/01\/ms3.jpg\" width=\"420\" height=\"247\"\/><\/p>\n<p>Foto: M-Sport<\/p>\n<p>Viena b\u016btiska izmai\u0146a ir Red Bull logotipa neesam\u012bba \u2013 ener\u0123ijas dz\u0113rienu ra\u017eot\u0101js tagad redzams tikai uz pasaules \u010dempiona Sebastjana O\u017ej\u0113 Toyota GR Yaris Rally1 automobi\u013ca.<\/p>\n<p><img loading=\"lazy\" decoding=\"async\" height=\"280\" width=\"420\" src=\"https:\/\/www.europesays.com\/lv\/wp-content\/uploads\/2026\/01\/Bez nosaukuma_8.jpg\"\/><\/p>\n<p>Foto: x.com\/SebOgier<\/p>\n<p>T\u0101 viet\u0101 iev\u0113rojami liel\u0101ku lomu ie\u0146em MS-RT z\u012bmols (M-Sport Rally  Team), savuk\u0101rt Safety Culture sponsora nosaukums tagad redzams gan uz  motora p\u0101rsega, gan automobi\u013ca aizmugur\u0113.<\/p>\n<p><img loading=\"lazy\" decoding=\"async\" height=\"350\" width=\"280\" src=\"https:\/\/www.europesays.com\/lv\/wp-content\/uploads\/2026\/01\/616332904_1295013045988278_8206562716230955478_n.jpg\"\/><br \/>\nFoto: DirtFish<\/p>\n<blockquote class=\"twitter-tweet\" data-media-max-width=\"560\"><p>&#13;<\/p>\n<p lang=\"en\" dir=\"ltr\">looks like this <a href=\"https:\/\/twitter.com\/hashtag\/MIRallyAcademy?src=hash&amp;ref_src=twsrc%5Etfw\" rel=\"nofollow noopener\" target=\"_blank\">#MIRallyAcademy<\/a> <a href=\"https:\/\/twitter.com\/hashtag\/WRC?src=hash&amp;ref_src=twsrc%5Etfw\" rel=\"nofollow noopener\" target=\"_blank\">#WRC<\/a> <a href=\"https:\/\/twitter.com\/hashtag\/JM55?src=hash&amp;ref_src=twsrc%5Etfw\" rel=\"nofollow noopener\" target=\"_blank\">#JM55<\/a><a href=\"https:\/\/twitter.com\/MIRallyAcademy?ref_src=twsrc%5Etfw\" rel=\"nofollow noopener\" target=\"_blank\">@MIRallyAcademy<\/a> I <a href=\"https:\/\/twitter.com\/MSportLtd?ref_src=twsrc%5Etfw\" rel=\"nofollow noopener\" target=\"_blank\">@MSportLtd<\/a> I <a href=\"https:\/\/twitter.com\/SafetyCultureHQ?ref_src=twsrc%5Etfw\" rel=\"nofollow noopener\" target=\"_blank\">@SafetyCultureHQ<\/a> I <a href=\"https:\/\/twitter.com\/Castrol?ref_src=twsrc%5Etfw\" rel=\"nofollow noopener\" target=\"_blank\">@Castrol<\/a> I <a href=\"https:\/\/twitter.com\/eoin_a_treacy?ref_src=twsrc%5Etfw\" rel=\"nofollow noopener\" target=\"_blank\">@eoin_a_treacy<\/a> I <a href=\"https:\/\/twitter.com\/MotorsportIRL?ref_src=twsrc%5Etfw\" rel=\"nofollow noopener\" target=\"_blank\">@MotorsportIRL<\/a> <a href=\"https:\/\/t.co\/gCJiN2XrVE\" rel=\"nofollow\">pic.twitter.com\/gCJiN2XrVE<\/a><\/p>\n<p>&#13;<br \/>\n\u2014 Josh McErlean (@JoshMcErlean5) <a href=\"https:\/\/twitter.com\/JoshMcErlean5\/status\/2011364430311719395?ref_src=twsrc%5Etfw\" rel=\"nofollow noopener\" target=\"_blank\">January 14, 2026<\/a><\/p><\/blockquote>\n<p><script async src=\"https:\/\/platform.twitter.com\/widgets.js\" charset=\"utf-8\"><\/script><\/p>\n","protected":false},"excerpt":{"rendered":"Foto: M-Sport M-Sport atr\u0101d\u012bjusi sava 2026. gada pasaules rallija \u010dempion\u0101ta automobi\u013ca jauno kr\u0101sojumu, dizainu. Ford r\u016bpn\u012bcas komanda jau&hellip;\n","protected":false},"author":2,"featured_media":104384,"comment_status":"","ping_status":"","sticky":false,"template":"","format":"standard","meta":{"footnotes":""},"categories":[17],"tags":[35,39,38,36,37,34,40,67],"class_list":{"0":"post-104383","1":"post","2":"type-post","3":"status-publish","4":"format-standard","5":"has-post-thumbnail","7":"category-sports","8":"tag-latvia","9":"tag-latvian","10":"tag-latviesu","11":"tag-latviesu-valoda","12":"tag-latviesuvaloda","13":"tag-latvija","14":"tag-lv","15":"tag-sports"},"share_on_mastodon":{"url":"https:\/\/pubeurope.com\/@lv\/115893743359738789","error":""},"_links":{"self":[{"href":"https:\/\/www.europesays.com\/lv\/wp-json\/wp\/v2\/posts\/104383","targetHints":{"allow":["GET"]}}],"collection":[{"href":"https:\/\/www.europesays.com\/lv\/wp-json\/wp\/v2\/posts"}],"about":[{"href":"https:\/\/www.europesays.com\/lv\/wp-json\/wp\/v2\/types\/post"}],"author":[{"embeddable":true,"href":"https:\/\/www.europesays.com\/lv\/wp-json\/wp\/v2\/users\/2"}],"replies":[{"embeddable":true,"href":"https:\/\/www.europesays.com\/lv\/wp-json\/wp\/v2\/comments?post=104383"}],"version-history":[{"count":0,"href":"https:\/\/www.europesays.com\/lv\/wp-json\/wp\/v2\/posts\/104383\/revisions"}],"wp:featuredmedia":[{"embeddable":true,"href":"https:\/\/www.europesays.com\/lv\/wp-json\/wp\/v2\/media\/104384"}],"wp:attachment":[{"href":"https:\/\/www.europesays.com\/lv\/wp-json\/wp\/v2\/media?parent=104383"}],"wp:term":[{"taxonomy":"category","embeddable":true,"href":"https:\/\/www.europesays.com\/lv\/wp-json\/wp\/v2\/categories?post=104383"},{"taxonomy":"post_tag","embeddable":true,"href":"https:\/\/www.europesays.com\/lv\/wp-json\/wp\/v2\/tags?post=104383"}],"curies":[{"name":"wp","href":"https:\/\/api.w.org\/{rel}","templated":true}]}}