{"id":104388,"date":"2026-01-14T13:44:07","date_gmt":"2026-01-14T13:44:07","guid":{"rendered":"https:\/\/www.europesays.com\/lv\/104388\/"},"modified":"2026-01-14T13:44:07","modified_gmt":"2026-01-14T13:44:07","slug":"pasvaldibas-vadiba-aicina-uz-tiksanos-spungenos-briva-daugava","status":"publish","type":"post","link":"https:\/\/www.europesays.com\/lv\/104388\/","title":{"rendered":"Pa\u0161vald\u012bbas vad\u012bba aicina uz tik\u0161anos Spu\u0146\u0123\u0113nos \/ Br\u012bv\u0101 Daugava"},"content":{"rendered":"<p>                                        \u00a0 \u00a0 \u00a022. janv\u0101r\u012b plkst. 18.00 Spu\u0146\u0123\u0113nu tautas nam\u0101\u00a0iedz\u012bvot\u0101jiem\u00a0b\u016bs iesp\u0113ja tikties ar J\u0113kabpils novada pa\u0161vald\u012bbas vad\u012bbu un uzdot sev interes\u0113jo\u0161us jaut\u0101jumus.<br \/>\n\u00a0 \u00a0 \u00a0Lai san\u0101ksm\u0113 sa\u0146emtu izsme\u013co\u0161\u0101ku atbildi, l\u016bdzam jaut\u0101jumus ies\u016bt\u012bt jau iepriek\u0161, l\u012bdz 19. janv\u0101rim.<br \/>\n\u00a0 \u00a0 \u00a0Saite jaut\u0101jumu iesnieg\u0161anai: <a href=\"https:\/\/forms.office.com\/e\/QN9FDtDHL1\" target=\"_blank\" rel=\"nofollow noopener\">https:\/\/forms.office.com\/e\/QN9FDtDHL1<\/a>\u00a0(vai\u00a0<a href=\"http:\/\/ej.uz\/spungenutn2026\" target=\"_blank\" rel=\"nofollow noopener\">ej.uz\/spungenutn2026<\/a>\u00a0). Tom\u0113r ikviens iedz\u012bvot\u0101js tiek aicin\u0101ts uzdot jaut\u0101jumus ar\u012b tik\u0161an\u0101s laik\u0101.<br \/>\n\u00a0 \u00a0 \u00a0Iedz\u012bvot\u0101jiem, kuri \u00a0nevar nok\u013c\u016bt uz tik\u0161anos ar savu transportu, l\u016bgums zvan\u012bt pagastu p\u0101rvaldes vad\u012bt\u0101jam vai saimniec\u012bbas vad\u012bt\u0101jiem, lai noskaidrotu par iesp\u0113j\u0101m nok\u013c\u016bt uz tik\u0161an\u0101s norises vietu.<br \/>\n\u00a0 \u00a0 \u00a0\u0160\u0101das tik\u0161an\u0101s pl\u0101nots r\u012bkot ar\u012b cit\u0101s J\u0113kabpils novada teritorij\u0101s.<br \/>\n\u00a0 \u00a0 \u00a0Pa\u0161vald\u012bbas Sabiedrisko attiec\u012bbu un digit\u0101l\u0101s komunik\u0101cijas noda\u013ca<br \/>\n\u00a0                                    <\/p>\n","protected":false},"excerpt":{"rendered":"\u00a0 \u00a0 \u00a022. janv\u0101r\u012b plkst. 18.00 Spu\u0146\u0123\u0113nu tautas nam\u0101\u00a0iedz\u012bvot\u0101jiem\u00a0b\u016bs iesp\u0113ja tikties ar J\u0113kabpils novada pa\u0161vald\u012bbas vad\u012bbu un uzdot&hellip;\n","protected":false},"author":2,"featured_media":104389,"comment_status":"","ping_status":"","sticky":false,"template":"","format":"standard","meta":{"footnotes":""},"categories":[12],"tags":[23,25110,28,29,32,33,22,48,25111,30,31,35,39,38,36,37,34,40,20,26,27,24,25,21],"class_list":{"0":"post-104388","1":"post","2":"type-post","3":"status-publish","4":"format-standard","5":"has-post-thumbnail","7":"category-latvija","8":"tag-aktualitates","9":"tag-avize","10":"tag-breaking-news","11":"tag-breakingnews","12":"tag-featured-news","13":"tag-featurednews","14":"tag-headlines","15":"tag-jekabpils","16":"tag-krustpils","17":"tag-latest-news","18":"tag-latestnews","19":"tag-latvia","20":"tag-latvian","21":"tag-latviesu","22":"tag-latviesu-valoda","23":"tag-latviesuvaloda","24":"tag-latvija","25":"tag-lv","26":"tag-news","27":"tag-popularakas-zinas","28":"tag-popularakaszinas","29":"tag-top-stories","30":"tag-topstories","31":"tag-zinas"},"share_on_mastodon":{"url":"https:\/\/pubeurope.com\/@lv\/115893755122865550","error":""},"_links":{"self":[{"href":"https:\/\/www.europesays.com\/lv\/wp-json\/wp\/v2\/posts\/104388","targetHints":{"allow":["GET"]}}],"collection":[{"href":"https:\/\/www.europesays.com\/lv\/wp-json\/wp\/v2\/posts"}],"about":[{"href":"https:\/\/www.europesays.com\/lv\/wp-json\/wp\/v2\/types\/post"}],"author":[{"embeddable":true,"href":"https:\/\/www.europesays.com\/lv\/wp-json\/wp\/v2\/users\/2"}],"replies":[{"embeddable":true,"href":"https:\/\/www.europesays.com\/lv\/wp-json\/wp\/v2\/comments?post=104388"}],"version-history":[{"count":0,"href":"https:\/\/www.europesays.com\/lv\/wp-json\/wp\/v2\/posts\/104388\/revisions"}],"wp:featuredmedia":[{"embeddable":true,"href":"https:\/\/www.europesays.com\/lv\/wp-json\/wp\/v2\/media\/104389"}],"wp:attachment":[{"href":"https:\/\/www.europesays.com\/lv\/wp-json\/wp\/v2\/media?parent=104388"}],"wp:term":[{"taxonomy":"category","embeddable":true,"href":"https:\/\/www.europesays.com\/lv\/wp-json\/wp\/v2\/categories?post=104388"},{"taxonomy":"post_tag","embeddable":true,"href":"https:\/\/www.europesays.com\/lv\/wp-json\/wp\/v2\/tags?post=104388"}],"curies":[{"name":"wp","href":"https:\/\/api.w.org\/{rel}","templated":true}]}}