{"id":104400,"date":"2026-01-14T13:55:07","date_gmt":"2026-01-14T13:55:07","guid":{"rendered":"https:\/\/www.europesays.com\/lv\/104400\/"},"modified":"2026-01-14T13:55:07","modified_gmt":"2026-01-14T13:55:07","slug":"eiropas-komisija-nak-klaja-ar-finansiala-atbalsta-paketi-ukrainai-2026-2027-gadam","status":"publish","type":"post","link":"https:\/\/www.europesays.com\/lv\/104400\/","title":{"rendered":"Eiropas Komisija n\u0101k klaj\u0101 ar finansi\u0101l\u0101 atbalsta paketi Ukrainai 2026.\u20132027. gadam"},"content":{"rendered":"<p>\u0160odien Eiropas Komisija ir pie\u0146\u0113musi ties\u012bbu aktu priek\u0161likumu kopumu, lai nodro\u0161in\u0101tu nep\u0101rtrauktu finansi\u0101lu atbalstu Ukrainai 2026. un 2027. gad\u0101. Tas iez\u012bm\u0113 noz\u012bm\u012bgu pav\u0113rsienu ES stingraj\u0101 atbalst\u0101 valsts aizsardz\u012bbai pret Krievijas agresijas karu.<\/p>\n<p>Ties\u012bbu aktu kopumu veido:<\/p>\n<ul>&#13;<\/p>\n<li>Jauns priek\u0161likums, ar ko izveido atbalsta aizdevumu Ukrainai (pamatojoties uz LESD 212. pantu) 90 miljardu eiro apm\u0113r\u0101.<\/li>\n<p>&#13;<\/p>\n<li>Jauns priek\u0161likums groz\u012bt Ukrainas meh\u0101nismu (pamatojoties uz LESD 212. pantu) k\u0101 vienu no l\u012bdzek\u013ciem, lai \u012bstenotu bud\u017eeta pal\u012bdz\u012bbu Ukrainai.<\/li>\n<p>&#13;<\/p>\n<li>Jauns priek\u0161likums groz\u012bt Daudzgadu finan\u0161u sh\u0113mas regul\u0113jumu (pamatojoties uz LESD 312. pantu), lai aizdevumu Ukrainai var\u0113tu segt no ES bud\u017eeta \u201cmanevr\u0113\u0161anas telpas\u201d.<\/li>\n<p>&#13;\n<\/ul>\n<p>Decembr\u012b Eiropadome vienoj\u0101s n\u0101kamajos divos gados sniegt iz\u0161\u0137ir\u012bgu atbalstu 90 miljardu eiro apm\u0113r\u0101 Ukrainas bud\u017eeta un milit\u0101raj\u0101m vajadz\u012bb\u0101m. Min\u0113taj\u0101 nol\u012bgum\u0101 ir atk\u0101rtoti apstiprin\u0101ta Eiropas Savien\u012bbas nelok\u0101m\u0101 ap\u0146em\u0161an\u0101s atbalst\u012bt Ukrainu.<\/p>\n<p>\u0160\u012bs finansi\u0101l\u0101s saist\u012bbas izpaud\u012bsies k\u0101 aizdevums ar ierobe\u017eot\u0101m regresa pras\u012bjuma ties\u012bb\u0101m Ukrainai 90 miljardu eiro apm\u0113r\u0101 2026. un 2027. gadam, kas zin\u0101ms k\u0101 Ukrainas atbalsta aizdevums. Ierosin\u0101tais atbalsts tiktu struktur\u0113ts divos komponentos, no kuriem aptuveni divas tre\u0161da\u013cas 60 miljardu eiro apm\u0113r\u0101 tiktu pie\u0161\u0137irtas milit\u0101rajai pal\u012bdz\u012bbai un atlikus\u012b tre\u0161da\u013ca 30 miljardu eiro apm\u0113r\u0101 tiktu pie\u0161\u0137irta k\u0101 visp\u0101r\u0113j\u0101 bud\u017eeta atbalsts. Atbalsts pal\u012bdz\u0113s Ukrainai stiprin\u0101t t\u0101s aizsardz\u012bbas sp\u0113jas un nodro\u0161in\u0101t valsts un sabiedrisko pamatpakalpojumu nep\u0101rtrauktu darb\u012bbu, vienlaikus ar\u012b veicinot Ukrainas notur\u012bbu un cie\u0161\u0101ku integr\u0101ciju ar Eiropas aizsardz\u012bbas industri\u0101lo b\u0101zi.<\/p>\n<p>Savien\u012bba patur ties\u012bbas aizdevuma atmaksai izmantot Savien\u012bb\u0101 iesald\u0113tos Krievijas akt\u012bvus, piln\u012bb\u0101 iev\u0113rojot ES un starptautisk\u0101s ties\u012bbas. 2025. gada 3. decembr\u012b ierosin\u0101tais repar\u0101ciju aizdevums joproj\u0101m ir dienask\u0101rt\u012bb\u0101.<\/p>\n<p>ES ekonomikas un produktivit\u0101tes komis\u0101rs\u00a0Valdis Dombrovskis\u00a0sac\u012bja: \u201c\u0160odienas priek\u0161likumi nodro\u0161in\u0101s Ukrainas finansi\u0101lo stabilit\u0101ti un stiprin\u0101s t\u0101s sp\u0113ju sevi aizst\u0101v\u0113t. Tas ir b\u016btisks solis ce\u013c\u0101 uz taisn\u012bga un ilgsto\u0161a miera nodro\u0161in\u0101\u0161anu, kas garant\u0113 re\u0101lu, ilgtermi\u0146a dro\u0161\u012bbu gan Ukrainai, gan Eiropai. Tas v\u0113lreiz apliecina m\u016bsu solidarit\u0101ti ar Ukrainas iedz\u012bvot\u0101jiem un ir b\u016btisks ieguld\u012bjums Eiropas dro\u0161\u012bb\u0101.\u201d<\/p>\n<p>Pla\u0161\u0101ka inform\u0101cija (ang\u013cu valod\u0101):\u00a0<a href=\"https:\/\/ec.europa.eu\/commission\/presscorner\/detail\/lv\/ip_26_90\" target=\"_blank\" title=\"https:\/\/ec.europa.eu\/commission\/presscorner\/detail\/lv\/ip_26_90\" data-auth=\"NotApplicable\" data-linkindex=\"0\" rel=\"nofollow noopener\">Commission presents a financial support package for Ukraine for 2026\u20132027<\/a>.<\/p>\n<p>          <img decoding=\"async\" src=\"https:\/\/www.europesays.com\/lv\/wp-content\/uploads\/2026\/01\/1767645852_487_logo-lv.png\" alt=\"\"\/><\/p>\n<p>                  \u0160\u012b inform\u0101cija ir publisks pazi\u0146ojums un neatspogu\u013co LV port\u0101la viedokli. Par t\u0101s saturu atbild ies\u016bt\u012bt\u0101js. <a data-popup=\"rules\">Public\u0113\u0161anas noteikumi<\/a><\/p>\n","protected":false},"excerpt":{"rendered":"\u0160odien Eiropas Komisija ir pie\u0146\u0113musi ties\u012bbu aktu priek\u0161likumu kopumu, lai nodro\u0161in\u0101tu nep\u0101rtrauktu finansi\u0101lu atbalstu Ukrainai 2026. un 2027.&hellip;\n","protected":false},"author":2,"featured_media":95583,"comment_status":"","ping_status":"","sticky":false,"template":"","format":"standard","meta":{"footnotes":""},"categories":[14],"tags":[23,57,28,29,32,33,22,30,31,35,39,38,36,37,34,40,20,26,27,24,25,54,55,56,21,58],"class_list":{"0":"post-104400","1":"post","2":"type-post","3":"status-publish","4":"format-standard","5":"has-post-thumbnail","7":"category-zinas-no-arvalstim","8":"tag-aktualitates","9":"tag-arvalstim","10":"tag-breaking-news","11":"tag-breakingnews","12":"tag-featured-news","13":"tag-featurednews","14":"tag-headlines","15":"tag-latest-news","16":"tag-latestnews","17":"tag-latvia","18":"tag-latvian","19":"tag-latviesu","20":"tag-latviesu-valoda","21":"tag-latviesuvaloda","22":"tag-latvija","23":"tag-lv","24":"tag-news","25":"tag-popularakas-zinas","26":"tag-popularakaszinas","27":"tag-top-stories","28":"tag-topstories","29":"tag-world","30":"tag-world-news","31":"tag-worldnews","32":"tag-zinas","33":"tag-zinas-no-arvalstim"},"share_on_mastodon":{"url":"https:\/\/pubeurope.com\/@lv\/115893798380442459","error":""},"_links":{"self":[{"href":"https:\/\/www.europesays.com\/lv\/wp-json\/wp\/v2\/posts\/104400","targetHints":{"allow":["GET"]}}],"collection":[{"href":"https:\/\/www.europesays.com\/lv\/wp-json\/wp\/v2\/posts"}],"about":[{"href":"https:\/\/www.europesays.com\/lv\/wp-json\/wp\/v2\/types\/post"}],"author":[{"embeddable":true,"href":"https:\/\/www.europesays.com\/lv\/wp-json\/wp\/v2\/users\/2"}],"replies":[{"embeddable":true,"href":"https:\/\/www.europesays.com\/lv\/wp-json\/wp\/v2\/comments?post=104400"}],"version-history":[{"count":0,"href":"https:\/\/www.europesays.com\/lv\/wp-json\/wp\/v2\/posts\/104400\/revisions"}],"wp:featuredmedia":[{"embeddable":true,"href":"https:\/\/www.europesays.com\/lv\/wp-json\/wp\/v2\/media\/95583"}],"wp:attachment":[{"href":"https:\/\/www.europesays.com\/lv\/wp-json\/wp\/v2\/media?parent=104400"}],"wp:term":[{"taxonomy":"category","embeddable":true,"href":"https:\/\/www.europesays.com\/lv\/wp-json\/wp\/v2\/categories?post=104400"},{"taxonomy":"post_tag","embeddable":true,"href":"https:\/\/www.europesays.com\/lv\/wp-json\/wp\/v2\/tags?post=104400"}],"curies":[{"name":"wp","href":"https:\/\/api.w.org\/{rel}","templated":true}]}}