{"id":104401,"date":"2026-01-14T13:56:07","date_gmt":"2026-01-14T13:56:07","guid":{"rendered":"https:\/\/www.europesays.com\/lv\/104401\/"},"modified":"2026-01-14T13:56:07","modified_gmt":"2026-01-14T13:56:07","slug":"nrc-vaivari-valdes-priekssedetajas-amata-iecel-ilzi-vinkeli","status":"publish","type":"post","link":"https:\/\/www.europesays.com\/lv\/104401\/","title":{"rendered":"NRC \u201cVaivari\u201d valdes priek\u0161s\u0113d\u0113t\u0101jas amat\u0101 iece\u013c Ilzi Vi\u0146\u0137eli"},"content":{"rendered":"<p>\u0160odien, 14. janv\u0101r\u012b, norisin\u0101j\u0101s VSIA \u201cNacion\u0101l\u0101 rehabilit\u0101cijas centrs \u201cVaivari\u201d\u201d \u0101rk\u0101rtas dal\u012bbnieku sapulce, kuras laik\u0101 par NRC \u201cVaivari\u201d valdes priek\u0161s\u0113d\u0113t\u0101ju apstiprin\u0101ta Ilze Vi\u0146\u0137ele.<\/p>\n<p>Ilze Vi\u0146\u0137ele izraudz\u012bta atkl\u0101ta konkursa rezult\u0101t\u0101 un amat\u0101 st\u0101sies no 23.janv\u0101ra.<\/p>\n<p>Ilzei Vi\u0146\u0137elei ir pla\u0161a profesion\u0101l\u0101 pieredze vesel\u012bbas nozar\u0113 valsts un priv\u0101taj\u0101 sektor\u0101, k\u0101 ar\u012b akad\u0113miskaj\u0101 vid\u0113. P\u0113d\u0113jos gados vi\u0146a str\u0101d\u0101ja Z\u0101\u013cu valsts a\u0123ent\u016br\u0101, ir doc\u0113t\u0101ja R\u012bgas Stradi\u0146a universit\u0101tes Sarkan\u0101 Krusta koled\u017e\u0101, k\u0101 ar\u012b Ukrainas medi\u0137u atbalstam iesaist\u012bta Ukrainas Vesel\u012bbas ministrijas valsts kapit\u0101lsabiedr\u012bbas \u201cUkrainas medic\u012bniskie iepirkumi\u201d\u00a0 (MZU, Medzakupivli Ukrainy) darb\u0101. Priv\u0101taj\u0101 sektor\u0101 Vi\u0146\u0137ele ie\u0146\u0113musi vado\u0161us amatus vair\u0101kos uz\u0146\u0113mumos, kuros bijusi atbild\u012bga par organiz\u0101ciju procesu un p\u0101rvald\u012bbas pilnveidi, cilv\u0113kresursu vad\u012bbu, digit\u0101lo risin\u0101jumu ievie\u0161anu, k\u0101 ar\u012b iek\u0161\u0113j\u0101s kontroles stiprin\u0101\u0161anu. Vi\u0146ai ir pieredze ar\u012b apjom\u012bgu ES fondu projektu \u012bsteno\u0161an\u0101.<\/p>\n<p>Sav\u0101 strat\u0113\u0123iskaj\u0101 redz\u0113jum\u0101 par NRC \u201cVaivari\u201d att\u012bst\u012bbu I. Vi\u0146\u0137ele k\u0101 galvenos n\u0101kotnes izaicin\u0101jumus, priorit\u0101tes un r\u012bc\u012bbas virzienus iez\u012bm\u0113 p\u0101rvald\u012bbas procesu uzlabo\u0161anu, metodisk\u0101 centra funkciju papla\u0161in\u0101\u0161anu, integr\u0113tu rehabilit\u0101cijas pakalpojumu mode\u013cu izveidi sadarb\u012bb\u0101 ar Soci\u0101l\u0101s integr\u0101cijas valsts a\u0123ent\u016bru un slimn\u012bc\u0101m, ambulator\u0101s rehabilit\u0101cijas pieejam\u012bbas papla\u0161in\u0101\u0161anu, k\u0101 ar\u012b treni\u0146u m\u0101jas koncepta att\u012bst\u012bbu pacientu pa\u0161apr\u016bpes prasmju att\u012bst\u012b\u0161anai. B\u016btiska noz\u012bme b\u016bs kvalit\u0101tes pilnveidei, p\u0101rejot no procesa uz rezult\u0101tu r\u0101d\u012bt\u0101jiem, un akad\u0113misk\u0101s sadarb\u012bbas un p\u0113tniec\u012bbas stiprin\u0101\u0161anai.<\/p>\n<p>Konkurs\u0101 uz NRC \u201cVaivari\u201d valdes priek\u0161s\u0113d\u0113t\u0101jas amatu ar kompetenci p\u0101rmai\u0146u vad\u012bb\u0101 un att\u012bst\u012bb\u0101 kopum\u0101 tika sa\u0146emti 10 pretendentu pieteikumi.<\/p>\n<p>Amata kandid\u0101tu atlasei un nov\u0113rt\u0113\u0161anai tika izveidota nomin\u0101cijas komisija, kuras sast\u0101v\u0101 bija p\u0101rst\u0101vji no Vesel\u012bbas ministrijas, Valsts kancelejas, k\u0101 ar\u012b neatkar\u012bgie eksperti &#8211; no Latvijas Jauno \u0101rstu asoci\u0101cijas un Latvijas \u0100rstu biedr\u012bbas. Atlases konkursa tre\u0161o k\u0101rtu un kandid\u0101tu nov\u0113rt\u0113\u0161anu nomin\u0101cijas komisija \u012bstenoja sadarb\u012bb\u0101 ar person\u0101la atlases pakalpojumu sniedz\u0113ju.<\/p>\n<p>Nacion\u0101lais rehabilit\u0101cijas centrs \u201cVaivari\u201d ir vado\u0161\u0101 \u0101rstniec\u012bbas iest\u0101de Latvij\u0101 medic\u012bnisk\u0101s rehabilit\u0101cijas un tehnisko pal\u012bgl\u012bdzek\u013cu nodro\u0161in\u0101\u0161anas jom\u0101 cilv\u0113kiem ar funkcion\u0101liem trauc\u0113jumiem. Valdes priek\u0161s\u0113d\u0113t\u0101jas galven\u0101 atbild\u012bba b\u016bs valsts m\u0113roga rehabilit\u0101cijas sist\u0113mas koordin\u0113\u0161ana, p\u0101rmai\u0146u vad\u012bba un starpnozaru sadarb\u012bbas stiprin\u0101\u0161ana ar vesel\u012bbas apr\u016bpes un soci\u0101lo pakalpojumu sniedz\u0113jiem, veidojot uz pacientu centr\u0113tu un ilgtsp\u0113j\u012bgu rehabilit\u0101cijas apr\u016bpi.<\/p>\n<p>          <img decoding=\"async\" src=\"https:\/\/www.europesays.com\/lv\/wp-content\/uploads\/2026\/01\/1767645852_487_logo-lv.png\" alt=\"\"\/><\/p>\n<p>                  \u0160\u012b inform\u0101cija ir publisks pazi\u0146ojums un neatspogu\u013co LV port\u0101la viedokli. Par t\u0101s saturu atbild ies\u016bt\u012bt\u0101js. <a data-popup=\"rules\">Public\u0113\u0161anas noteikumi<\/a><\/p>\n","protected":false},"excerpt":{"rendered":"\u0160odien, 14. janv\u0101r\u012b, norisin\u0101j\u0101s VSIA \u201cNacion\u0101l\u0101 rehabilit\u0101cijas centrs \u201cVaivari\u201d\u201d \u0101rk\u0101rtas dal\u012bbnieku sapulce, kuras laik\u0101 par NRC \u201cVaivari\u201d valdes&hellip;\n","protected":false},"author":2,"featured_media":95583,"comment_status":"","ping_status":"","sticky":false,"template":"","format":"standard","meta":{"footnotes":""},"categories":[12],"tags":[23,28,29,32,33,22,30,31,35,39,38,36,37,34,40,20,26,27,24,25,21],"class_list":{"0":"post-104401","1":"post","2":"type-post","3":"status-publish","4":"format-standard","5":"has-post-thumbnail","7":"category-latvija","8":"tag-aktualitates","9":"tag-breaking-news","10":"tag-breakingnews","11":"tag-featured-news","12":"tag-featurednews","13":"tag-headlines","14":"tag-latest-news","15":"tag-latestnews","16":"tag-latvia","17":"tag-latvian","18":"tag-latviesu","19":"tag-latviesu-valoda","20":"tag-latviesuvaloda","21":"tag-latvija","22":"tag-lv","23":"tag-news","24":"tag-popularakas-zinas","25":"tag-popularakaszinas","26":"tag-top-stories","27":"tag-topstories","28":"tag-zinas"},"share_on_mastodon":{"url":"https:\/\/pubeurope.com\/@lv\/115893802330411057","error":""},"_links":{"self":[{"href":"https:\/\/www.europesays.com\/lv\/wp-json\/wp\/v2\/posts\/104401","targetHints":{"allow":["GET"]}}],"collection":[{"href":"https:\/\/www.europesays.com\/lv\/wp-json\/wp\/v2\/posts"}],"about":[{"href":"https:\/\/www.europesays.com\/lv\/wp-json\/wp\/v2\/types\/post"}],"author":[{"embeddable":true,"href":"https:\/\/www.europesays.com\/lv\/wp-json\/wp\/v2\/users\/2"}],"replies":[{"embeddable":true,"href":"https:\/\/www.europesays.com\/lv\/wp-json\/wp\/v2\/comments?post=104401"}],"version-history":[{"count":0,"href":"https:\/\/www.europesays.com\/lv\/wp-json\/wp\/v2\/posts\/104401\/revisions"}],"wp:featuredmedia":[{"embeddable":true,"href":"https:\/\/www.europesays.com\/lv\/wp-json\/wp\/v2\/media\/95583"}],"wp:attachment":[{"href":"https:\/\/www.europesays.com\/lv\/wp-json\/wp\/v2\/media?parent=104401"}],"wp:term":[{"taxonomy":"category","embeddable":true,"href":"https:\/\/www.europesays.com\/lv\/wp-json\/wp\/v2\/categories?post=104401"},{"taxonomy":"post_tag","embeddable":true,"href":"https:\/\/www.europesays.com\/lv\/wp-json\/wp\/v2\/tags?post=104401"}],"curies":[{"name":"wp","href":"https:\/\/api.w.org\/{rel}","templated":true}]}}