{"id":104402,"date":"2026-01-14T13:57:15","date_gmt":"2026-01-14T13:57:15","guid":{"rendered":"https:\/\/www.europesays.com\/lv\/104402\/"},"modified":"2026-01-14T13:57:15","modified_gmt":"2026-01-14T13:57:15","slug":"17-janvari-elektrovilcieni-kurses-pec-darba-dienu-grafika-izmainas-ari-dizelvilcienu-kustiba-raksts","status":"publish","type":"post","link":"https:\/\/www.europesays.com\/lv\/104402\/","title":{"rendered":"17. janv\u0101r\u012b elektrovilcieni kurs\u0113s p\u0113c darba dienu grafika, izmai\u0146as ar\u012b d\u012bze\u013cvilcienu kust\u012bb\u0101 \/ Raksts"},"content":{"rendered":"<p>Sestdien, 17. janv\u0101r\u012b, kas b\u016bs p\u0101rcelt\u0101 darba diena, elektrovilcieni vis\u0101s \u010detr\u0101s l\u012bnij\u0101s kurs\u0113s p\u0113c darba dienu grafika. Savuk\u0101rt vair\u0101kiem d\u012bz\u013cvilcienu reisiem no ceturtdienas, 15. janv\u0101ra, l\u012bdz sv\u0113tdienai, 18. janv\u0101rim, b\u016bs kori\u0123\u0113ts kust\u012bbas grafiks, inform\u0113ja uz\u0146\u0113mums &#8220;Pasa\u017eieru vilciens&#8221;.\u00a0<\/p>\n<p>Saist\u012bb\u0101 ar d\u012bze\u013cvilcienu reisiem, ko nenodro\u0161ina katru dienu, uz\u0146\u0113mums laik\u0101 no 15. l\u012bdz 18. janv\u0101rim aicina \u012bpa\u0161u v\u0113r\u012bbu piev\u0113rst Gulbenes, Madonas, Daugavpils un Valmieras virziena pasa\u017eieriem.\u00a0<\/p>\n<p>Vair\u0101ki d\u012bze\u013cvilcieni ceturtdien, 15. janv\u0101r\u012b, kurs\u0113s p\u0113c tre\u0161dienas grafika, piektdien, 16. janv\u0101r\u012b \u2013 p\u0113c ceturtdienas grafika, sestdien, 17. janv\u0101r\u012b \u2013 p\u0113c piektdienas grafika, bet sv\u0113tdien, 18. janv\u0101r\u012b atsevi\u0161\u0137i vilcieni kurs\u0113s p\u0113c sestdienas grafika, bet citi \u2013 p\u0113c sv\u0113tdienas grafika. Vienlaikus vilcieni Liep\u0101jas, Ludzas un Zilupes virzien\u0101 kurs\u0113s bez izmai\u0146\u0101m.\u00a0<\/p>\n<p>&#8220;Vivi&#8221; t\u012bmek\u013cvietn\u0113 un mobilaj\u0101 lietotn\u0113 public\u0113tais vilcienu kust\u012bbas saraksts ietver visas aktu\u0101l\u0101s izmai\u0146as.\u00a0<\/p>\n<p>Par vilcienu kust\u012bbas sarakstiem, bi\u013ce\u0161u ieg\u0101di vai citiem ar braucieniem saist\u012btiem jaut\u0101jumiem aicin\u0101m sazin\u0101ties ar &#8220;Vivi&#8221; Klientu apkalpo\u0161anas centru, zvanot pa diennakts bezmaksas t\u0101lruni 8760.<\/p>\n<p>                    Valodas k\u013c\u016bda rakst\u0101?<\/p>\n<p class=\"d-none d-md-block\">Iez\u012bm\u0113jiet tekstu un spiediet Ctrl+Enter, lai nos\u016bt\u012btu labojamo teksta fragmentu redaktoram! Par faktu k\u013c\u016bd\u0101m l\u016bdzam zi\u0146ot e-past\u0101 <a href=\"https:\/\/www.lsm.lv\/cdn-cgi\/l\/email-protection\" class=\"__cf_email__\" data-cfemail=\"20524544414b43494a41604c534d0e4c56\" rel=\"nofollow noopener\" target=\"_blank\">[email\u00a0protected]<\/a>.<\/p>\n<p class=\"d-md-none\">Iez\u012bm\u0113jiet tekstu un spiediet uz Zi\u0146ot par k\u013c\u016bdu pogas, lai nos\u016bt\u012btu labojamo teksta fragmentu redaktoram!<\/p>\n<p>\n                    Zi\u0146ot par k\u013c\u016bdu\n                <\/p>\n","protected":false},"excerpt":{"rendered":"Sestdien, 17. janv\u0101r\u012b, kas b\u016bs p\u0101rcelt\u0101 darba diena, elektrovilcieni vis\u0101s \u010detr\u0101s l\u012bnij\u0101s kurs\u0113s p\u0113c darba dienu grafika. Savuk\u0101rt&hellip;\n","protected":false},"author":2,"featured_media":104403,"comment_status":"","ping_status":"","sticky":false,"template":"","format":"standard","meta":{"footnotes":""},"categories":[5],"tags":[23,28,29,32,33,22,30,31,35,39,38,36,37,34,40,20,26,27,24,25,21],"class_list":{"0":"post-104402","1":"post","2":"type-post","3":"status-publish","4":"format-standard","5":"has-post-thumbnail","7":"category-aktualitates","8":"tag-aktualitates","9":"tag-breaking-news","10":"tag-breakingnews","11":"tag-featured-news","12":"tag-featurednews","13":"tag-headlines","14":"tag-latest-news","15":"tag-latestnews","16":"tag-latvia","17":"tag-latvian","18":"tag-latviesu","19":"tag-latviesu-valoda","20":"tag-latviesuvaloda","21":"tag-latvija","22":"tag-lv","23":"tag-news","24":"tag-popularakas-zinas","25":"tag-popularakaszinas","26":"tag-top-stories","27":"tag-topstories","28":"tag-zinas"},"share_on_mastodon":{"url":"https:\/\/pubeurope.com\/@lv\/115893806228148778","error":""},"_links":{"self":[{"href":"https:\/\/www.europesays.com\/lv\/wp-json\/wp\/v2\/posts\/104402","targetHints":{"allow":["GET"]}}],"collection":[{"href":"https:\/\/www.europesays.com\/lv\/wp-json\/wp\/v2\/posts"}],"about":[{"href":"https:\/\/www.europesays.com\/lv\/wp-json\/wp\/v2\/types\/post"}],"author":[{"embeddable":true,"href":"https:\/\/www.europesays.com\/lv\/wp-json\/wp\/v2\/users\/2"}],"replies":[{"embeddable":true,"href":"https:\/\/www.europesays.com\/lv\/wp-json\/wp\/v2\/comments?post=104402"}],"version-history":[{"count":0,"href":"https:\/\/www.europesays.com\/lv\/wp-json\/wp\/v2\/posts\/104402\/revisions"}],"wp:featuredmedia":[{"embeddable":true,"href":"https:\/\/www.europesays.com\/lv\/wp-json\/wp\/v2\/media\/104403"}],"wp:attachment":[{"href":"https:\/\/www.europesays.com\/lv\/wp-json\/wp\/v2\/media?parent=104402"}],"wp:term":[{"taxonomy":"category","embeddable":true,"href":"https:\/\/www.europesays.com\/lv\/wp-json\/wp\/v2\/categories?post=104402"},{"taxonomy":"post_tag","embeddable":true,"href":"https:\/\/www.europesays.com\/lv\/wp-json\/wp\/v2\/tags?post=104402"}],"curies":[{"name":"wp","href":"https:\/\/api.w.org\/{rel}","templated":true}]}}