{"id":104406,"date":"2026-01-14T14:01:07","date_gmt":"2026-01-14T14:01:07","guid":{"rendered":"https:\/\/www.europesays.com\/lv\/104406\/"},"modified":"2026-01-14T14:01:07","modified_gmt":"2026-01-14T14:01:07","slug":"ukrainas-parlaments-atbalsta-fedorova-iecelsanu-aizsardzibas-ministra-amata","status":"publish","type":"post","link":"https:\/\/www.europesays.com\/lv\/104406\/","title":{"rendered":"Ukrainas parlaments atbalsta Fedorova iecel\u0161anu aizsardz\u012bbas ministra amat\u0101"},"content":{"rendered":"<p>Pirms vi\u0146a aizsardz\u012bbas ministra amatu ie\u0146\u0113ma Deniss \u0160miha\u013cs.<\/p>\n<p>Fedorovs pazi\u0146oja, ka pirmais, ko vi\u0146\u0161 sav\u0101 jaunaj\u0101 amat\u0101 pl\u0101no dar\u012bt, ir veikt Aizsardz\u012bbas ministrijas finan\u0161u rev\u012bziju.<\/p>\n<p>&#8220;Mans pirmais uzdevums ir veikt re\u0101lu Aizsardz\u012bbas ministrijas finan\u0161u rev\u012bziju. M\u016bsu m\u0113r\u0137is ir main\u012bt sist\u0113mu &#8211; veikt armijas reformu, uzlabot infrastrukt\u016bru frontes l\u012bnij\u0101s, izskaust melus un korupciju, k\u0101 ar\u012b padar\u012bt l\u012bder\u012bbu un uztic\u0113\u0161anos par jauno kult\u016bru,&#8221; kl\u0101st\u012bja Fedorovs.<\/p>\n<p>Ukrainas prezidents <a href=\"https:\/\/www.tvnet.lv\/term\/584993\/volodimirs-zelenskis\" class=\"topicLink\" target=\"_blank\" rel=\"nofollow noopener\">Volodimirs Zelenskis<\/a> gada s\u0101kum\u0101 iepl\u0101noja person\u0101la p\u0101rk\u0101rto\u0161anu vald\u012bb\u0101 un dro\u0161\u012bbas sp\u0113kos.<\/p>\n<p>P\u0113c Zelenska teikt\u0101, person\u0101la p\u0101rb\u012bdes vald\u012bb\u0101 un ties\u012bbsarg\u0101jo\u0161aj\u0101s iest\u0101d\u0113s ilgs l\u012bdz janv\u0101ra beig\u0101m, un tad vi\u0146\u0161 nodarbosies ar p\u0101rb\u012bd\u0113m armij\u0101.<\/p>\n<p>\u0160miha\u013cs aizsardz\u012bbas ministra amatu ie\u0146\u0113ma no 2025. gada j\u016blija. Pirms tam vi\u0146\u0161 piecus gadus bija Ukrainas premjerministrs.<\/p>\n","protected":false},"excerpt":{"rendered":"Pirms vi\u0146a aizsardz\u012bbas ministra amatu ie\u0146\u0113ma Deniss \u0160miha\u013cs. Fedorovs pazi\u0146oja, ka pirmais, ko vi\u0146\u0161 sav\u0101 jaunaj\u0101 amat\u0101 pl\u0101no&hellip;\n","protected":false},"author":2,"featured_media":104407,"comment_status":"","ping_status":"","sticky":false,"template":"","format":"standard","meta":{"footnotes":""},"categories":[14],"tags":[23,57,28,29,32,33,22,74,30,31,35,39,38,36,37,34,40,20,26,27,24,25,276,178,54,55,56,21,58],"class_list":{"0":"post-104406","1":"post","2":"type-post","3":"status-publish","4":"format-standard","5":"has-post-thumbnail","7":"category-zinas-no-arvalstim","8":"tag-aktualitates","9":"tag-arvalstim","10":"tag-breaking-news","11":"tag-breakingnews","12":"tag-featured-news","13":"tag-featurednews","14":"tag-headlines","15":"tag-krievijas-iebrukums-ukraina","16":"tag-latest-news","17":"tag-latestnews","18":"tag-latvia","19":"tag-latvian","20":"tag-latviesu","21":"tag-latviesu-valoda","22":"tag-latviesuvaloda","23":"tag-latvija","24":"tag-lv","25":"tag-news","26":"tag-popularakas-zinas","27":"tag-popularakaszinas","28":"tag-top-stories","29":"tag-topstories","30":"tag-ukraina","31":"tag-volodimirs-zelenskis","32":"tag-world","33":"tag-world-news","34":"tag-worldnews","35":"tag-zinas","36":"tag-zinas-no-arvalstim"},"share_on_mastodon":{"url":"https:\/\/pubeurope.com\/@lv\/115893822020827774","error":""},"_links":{"self":[{"href":"https:\/\/www.europesays.com\/lv\/wp-json\/wp\/v2\/posts\/104406","targetHints":{"allow":["GET"]}}],"collection":[{"href":"https:\/\/www.europesays.com\/lv\/wp-json\/wp\/v2\/posts"}],"about":[{"href":"https:\/\/www.europesays.com\/lv\/wp-json\/wp\/v2\/types\/post"}],"author":[{"embeddable":true,"href":"https:\/\/www.europesays.com\/lv\/wp-json\/wp\/v2\/users\/2"}],"replies":[{"embeddable":true,"href":"https:\/\/www.europesays.com\/lv\/wp-json\/wp\/v2\/comments?post=104406"}],"version-history":[{"count":0,"href":"https:\/\/www.europesays.com\/lv\/wp-json\/wp\/v2\/posts\/104406\/revisions"}],"wp:featuredmedia":[{"embeddable":true,"href":"https:\/\/www.europesays.com\/lv\/wp-json\/wp\/v2\/media\/104407"}],"wp:attachment":[{"href":"https:\/\/www.europesays.com\/lv\/wp-json\/wp\/v2\/media?parent=104406"}],"wp:term":[{"taxonomy":"category","embeddable":true,"href":"https:\/\/www.europesays.com\/lv\/wp-json\/wp\/v2\/categories?post=104406"},{"taxonomy":"post_tag","embeddable":true,"href":"https:\/\/www.europesays.com\/lv\/wp-json\/wp\/v2\/tags?post=104406"}],"curies":[{"name":"wp","href":"https:\/\/api.w.org\/{rel}","templated":true}]}}