{"id":104408,"date":"2026-01-14T14:02:15","date_gmt":"2026-01-14T14:02:15","guid":{"rendered":"https:\/\/www.europesays.com\/lv\/104408\/"},"modified":"2026-01-14T14:02:15","modified_gmt":"2026-01-14T14:02:15","slug":"slaidins-putina-krisana-neatnesis-mieru","status":"publish","type":"post","link":"https:\/\/www.europesays.com\/lv\/104408\/","title":{"rendered":"Slaidi\u0146\u0161: Putina kri\u0161ana neatnes\u012bs mieru"},"content":{"rendered":"<p class=\"descr\">\u201c\u0160is ir Putina kar\u0161. Vi\u0146am Ukraina \u0161obr\u012bd ir k\u0101 smags \u010demod\u0101ns bez roktura, panest gr\u016bti, bet pamest nedr\u012bkst. Kad aizies Putins, tad kar\u0161 ar\u012b diezgan \u0101tri beigsies,\u201d TV24 raksta k\u0101ds skat\u012bt\u0101js. Nacion\u0101lo bru\u0146oto sp\u0113ku (NBS) majors, Zemessardzes \u0161t\u0101ba virsnieks J\u0101nis Slaidi\u0146\u0161 \u0161im apgalvojumam nepiekr\u012bt.<\/p>\n<p><a href=\"https:\/\/nra.lv\/birka\/janis-slaidins\/\" target=\"_blank\" rel=\"noopener nofollow\">J. Slaidi\u0146\u0161<\/a> uzskata, ka tur ir j\u0101sabr\u016bk visai sist\u0113mai, tikai tad b\u016bs norm\u0101ls miers.<\/p>\n<p>Vi\u0146\u0161 uz varas mai\u0146\u0101m Krievij\u0101 aicin\u0101ja paskat\u012bties v\u0113sturiski. \u201cSabruka carisk\u0101 imp\u0113rija, n\u0101ca sarkan\u0101. Sabruka sarkan\u0101, n\u0101ca \u0161is pie varas&#8230; [Krievijas prezidents <a href=\"https:\/\/nra.lv\/birka\/vladimirs-putins\/\" target=\"_blank\" rel=\"noopener nofollow\">Vladimirs Putins<\/a>]. Vienm\u0113r ie\u0146emt k\u0101du, pievienot, \u201catbr\u012bvot\u201d,\u2019\u2019 sac\u012bja J. Slaidi\u0146\u0161.<\/p>\n<p>\t\t\t\t\t\tinfo<\/p>\n<p>Uzzini pirmais<br \/>kas interesants noticis Latvij\u0101 un pasaul\u0113,<br \/>pievienojoties mums <a href=\"https:\/\/t.me\/neatkariga\" rel=\"nofollow\">Telegram<\/a> vai <a href=\"https:\/\/whatsapp.com\/channel\/0029VaMLFUH5K3zLU5s4wm3y\" rel=\"nofollow noopener\" target=\"_blank\">Whatsapp<\/a> kan\u0101l\u0101<\/p>\n","protected":false},"excerpt":{"rendered":"\u201c\u0160is ir Putina kar\u0161. Vi\u0146am Ukraina \u0161obr\u012bd ir k\u0101 smags \u010demod\u0101ns bez roktura, panest gr\u016bti, bet pamest nedr\u012bkst.&hellip;\n","protected":false},"author":2,"featured_media":104409,"comment_status":"","ping_status":"","sticky":false,"template":"","format":"standard","meta":{"footnotes":""},"categories":[12],"tags":[23,28,29,32,33,22,30,31,35,39,38,36,37,34,40,20,26,27,24,25,21],"class_list":{"0":"post-104408","1":"post","2":"type-post","3":"status-publish","4":"format-standard","5":"has-post-thumbnail","7":"category-latvija","8":"tag-aktualitates","9":"tag-breaking-news","10":"tag-breakingnews","11":"tag-featured-news","12":"tag-featurednews","13":"tag-headlines","14":"tag-latest-news","15":"tag-latestnews","16":"tag-latvia","17":"tag-latvian","18":"tag-latviesu","19":"tag-latviesu-valoda","20":"tag-latviesuvaloda","21":"tag-latvija","22":"tag-lv","23":"tag-news","24":"tag-popularakas-zinas","25":"tag-popularakaszinas","26":"tag-top-stories","27":"tag-topstories","28":"tag-zinas"},"share_on_mastodon":{"url":"https:\/\/pubeurope.com\/@lv\/115893825963970833","error":""},"_links":{"self":[{"href":"https:\/\/www.europesays.com\/lv\/wp-json\/wp\/v2\/posts\/104408","targetHints":{"allow":["GET"]}}],"collection":[{"href":"https:\/\/www.europesays.com\/lv\/wp-json\/wp\/v2\/posts"}],"about":[{"href":"https:\/\/www.europesays.com\/lv\/wp-json\/wp\/v2\/types\/post"}],"author":[{"embeddable":true,"href":"https:\/\/www.europesays.com\/lv\/wp-json\/wp\/v2\/users\/2"}],"replies":[{"embeddable":true,"href":"https:\/\/www.europesays.com\/lv\/wp-json\/wp\/v2\/comments?post=104408"}],"version-history":[{"count":0,"href":"https:\/\/www.europesays.com\/lv\/wp-json\/wp\/v2\/posts\/104408\/revisions"}],"wp:featuredmedia":[{"embeddable":true,"href":"https:\/\/www.europesays.com\/lv\/wp-json\/wp\/v2\/media\/104409"}],"wp:attachment":[{"href":"https:\/\/www.europesays.com\/lv\/wp-json\/wp\/v2\/media?parent=104408"}],"wp:term":[{"taxonomy":"category","embeddable":true,"href":"https:\/\/www.europesays.com\/lv\/wp-json\/wp\/v2\/categories?post=104408"},{"taxonomy":"post_tag","embeddable":true,"href":"https:\/\/www.europesays.com\/lv\/wp-json\/wp\/v2\/tags?post=104408"}],"curies":[{"name":"wp","href":"https:\/\/api.w.org\/{rel}","templated":true}]}}