{"id":104410,"date":"2026-01-14T14:03:08","date_gmt":"2026-01-14T14:03:08","guid":{"rendered":"https:\/\/www.europesays.com\/lv\/104410\/"},"modified":"2026-01-14T14:03:08","modified_gmt":"2026-01-14T14:03:08","slug":"ar-lza-saskano-virzitas-izmainas-eiropas-mediju-brivibas-akta-ieviesanai-latvija","status":"publish","type":"post","link":"https:\/\/www.europesays.com\/lv\/104410\/","title":{"rendered":"Ar L\u017dA saska\u0146o virz\u012bt\u0101s izmai\u0146as Eiropas Mediju br\u012bv\u012bbas akta ievie\u0161anai Latvij\u0101"},"content":{"rendered":"<p>Kult\u016bras ministrijas (KM) un Tieslietu ministrijas (TM) p\u0101rst\u0101vjiem tiekoties ar Latvijas \u017durn\u0101listu asoci\u0101ciju (L\u017dA), lai p\u0101rrun\u0101tu pl\u0101notos groz\u012bjumus likum\u0101 \u201cPar presi un citiem masu inform\u0101cijas l\u012bdzek\u013ciem,\u201d 14. janv\u0101r\u012b pan\u0101kta vieno\u0161an\u0101s par izmai\u0146\u0101m Eiropas Mediju br\u012bv\u012bbas akta* ievie\u0161anai Latvij\u0101, tostarp publiskaj\u0101 telp\u0101 pla\u0161\u0101ku rezonansi rais\u012bju\u0161o likuma 7. panta pla\u0161o tv\u0113rumu.<\/p>\n<p>KM priorit\u0101te vienm\u0113r bijusi mediju br\u012bv\u012bbas un neatkar\u012bbas nodro\u0161in\u0101\u0161ana, un \u017eurn\u0101listu intere\u0161u aizst\u0101v\u012bba. KM ieskat\u0101 Eiropas Mediju br\u012bv\u012bbas aktam ir j\u0101kalpo k\u0101 \u017eurn\u0101listus iedro\u0161ino\u0161am un mediju neatkar\u012bbu stiprino\u0161am regul\u0113jumam.<\/p>\n<p>TM san\u0101ksmes dal\u012bbniekiem skaidroja likuma 7. pant\u0101 pied\u0101v\u0101to groz\u012bjumu iemeslus, proti, sal\u0101got 1991.gada likuma redakciju ar \u0161obr\u012bd sp\u0113k\u0101 eso\u0161iem normat\u012bvajiem aktiem, kas paredz virkni da\u017e\u0101du ierobe\u017eojumu inform\u0101cijas ieg\u016b\u0161anai un izpau\u0161anai, k\u0101, piem\u0113ram, Pacientu ties\u012bbu aizsardz\u012bbas likums, Krimin\u0101lprocesa likums, normat\u012bvie akti, kas saist\u012bti ar Latvijas iest\u0101\u0161anos NATO u.c. Pied\u0101v\u0101tie groz\u012bjumi veido nor\u0101di, ka citos likumos var b\u016bt ietverti inform\u0101cijas ierobe\u017eojumi, bet pats 7.pants nepapla\u0161ina inform\u0101cijas ierobe\u017eojumus.<\/p>\n<p>Puses diskusij\u0101 vienoj\u0101s sarunas par likuma 7. pantu turpin\u0101t jaun\u0101 mediju likuma izstr\u0101des gait\u0101, neiek\u013caujot to \u0161obr\u012bd MK iesniegtajos groz\u012bjumos likum\u0101 \u201cPar presi un citiem masu inform\u0101cijas l\u012bdzek\u013ciem.\u201d Savuk\u0101rt likuma izmai\u0146as, kas tie\u0161i skar Eiropas Mediju br\u012bv\u012bbas akta ievie\u0161anu, virz\u012bt apstiprin\u0101\u0161anai n\u0101kam\u0101s otrdienas, 20. janv\u0101ra, vald\u012bbas s\u0113d\u0113.<\/p>\n<p>Str\u0101d\u0101jot pie jaun\u0101 mediju likuma, tiks veidota pla\u0161a, nozari visaptvero\u0161a darba grupa, kur\u0101 diskut\u0113t un lemt par nozares darb\u012bbu reglament\u0113jo\u0161o, jauno regul\u0113jumu.<\/p>\n<p>KM jau inform\u0113jusi, ka TM, virzot izmai\u0146as likum\u0101, iesniegusi aptuveni 70 priek\u0161likumu, tostarp ar\u012b tehniskus terminolo\u0123ijas sal\u0101go\u0161anas priek\u0161likumus, kuru vid\u016b ir ar\u012b L\u017dA iebildumu izsauku\u0161as ierosin\u0101jums. Visi rosin\u0101tie likuma groz\u012bjumi tika nos\u016bt\u012bti saska\u0146o\u0161anai un inform\u0101cijai ar\u012b <a href=\"https:\/\/www.km.gov.lv\/lv\/mediju-politikas-konsultativas-padomes-sastavs\" target=\"_blank\" rel=\"nofollow noopener\">Mediju politikas konsultat\u012bvaj\u0101 padom\u0113.**<\/a><\/p>\n<p>* Eiropas Parlamenta un Padomes 2024. gada 11. apr\u012b\u013ca Regula (ES) 2024\/1083, ar ko izveido vienotu satvaru mediju pakalpojumiem iek\u0161\u0113j\u0101 tirg\u016b un groza Direkt\u012bvu 2010\/13\/ES (Eiropas Mediju br\u012bv\u012bbas akts).<\/p>\n<p>** Mediju politikas konsultat\u012bv\u0101 padome ir konsultat\u012bva instit\u016bcija, kuras darb\u012bbas m\u0113r\u0137is &#8211; koordin\u0113ti risin\u0101t jaut\u0101jumus, kas saist\u012bti ar mediju politikas veido\u0161anu un \u012bsteno\u0161anu, un sekm\u0113t valsts instit\u016bciju un nozares profesion\u0101\u013cu sadarb\u012bbu strat\u0113\u0123iskos jaut\u0101jumos, kas saist\u012bti ar mediju vides att\u012bst\u012bbu un ilgtsp\u0113ju Latvij\u0101. Padomes sast\u0101v\u0101 iek\u013cauti p\u0101rst\u0101vji no mediju nozares NVO, valsts p\u0101rvaldes iest\u0101d\u0113m, mediju jomas p\u0113tnieki un eksperti, tostarp L\u017dA.<\/p>\n<p>          <img decoding=\"async\" src=\"https:\/\/www.europesays.com\/lv\/wp-content\/uploads\/2026\/01\/1767645852_487_logo-lv.png\" alt=\"\"\/><\/p>\n<p>                  \u0160\u012b inform\u0101cija ir publisks pazi\u0146ojums un neatspogu\u013co LV port\u0101la viedokli. Par t\u0101s saturu atbild ies\u016bt\u012bt\u0101js. <a data-popup=\"rules\">Public\u0113\u0161anas noteikumi<\/a><\/p>\n","protected":false},"excerpt":{"rendered":"Kult\u016bras ministrijas (KM) un Tieslietu ministrijas (TM) p\u0101rst\u0101vjiem tiekoties ar Latvijas \u017durn\u0101listu asoci\u0101ciju (L\u017dA), lai p\u0101rrun\u0101tu pl\u0101notos groz\u012bjumus&hellip;\n","protected":false},"author":2,"featured_media":104411,"comment_status":"","ping_status":"","sticky":false,"template":"","format":"standard","meta":{"footnotes":""},"categories":[5],"tags":[23,28,29,32,33,22,30,31,35,39,38,36,37,34,40,20,26,27,24,25,21],"class_list":{"0":"post-104410","1":"post","2":"type-post","3":"status-publish","4":"format-standard","5":"has-post-thumbnail","7":"category-aktualitates","8":"tag-aktualitates","9":"tag-breaking-news","10":"tag-breakingnews","11":"tag-featured-news","12":"tag-featurednews","13":"tag-headlines","14":"tag-latest-news","15":"tag-latestnews","16":"tag-latvia","17":"tag-latvian","18":"tag-latviesu","19":"tag-latviesu-valoda","20":"tag-latviesuvaloda","21":"tag-latvija","22":"tag-lv","23":"tag-news","24":"tag-popularakas-zinas","25":"tag-popularakaszinas","26":"tag-top-stories","27":"tag-topstories","28":"tag-zinas"},"share_on_mastodon":{"url":"https:\/\/pubeurope.com\/@lv\/115893829803798848","error":""},"_links":{"self":[{"href":"https:\/\/www.europesays.com\/lv\/wp-json\/wp\/v2\/posts\/104410","targetHints":{"allow":["GET"]}}],"collection":[{"href":"https:\/\/www.europesays.com\/lv\/wp-json\/wp\/v2\/posts"}],"about":[{"href":"https:\/\/www.europesays.com\/lv\/wp-json\/wp\/v2\/types\/post"}],"author":[{"embeddable":true,"href":"https:\/\/www.europesays.com\/lv\/wp-json\/wp\/v2\/users\/2"}],"replies":[{"embeddable":true,"href":"https:\/\/www.europesays.com\/lv\/wp-json\/wp\/v2\/comments?post=104410"}],"version-history":[{"count":0,"href":"https:\/\/www.europesays.com\/lv\/wp-json\/wp\/v2\/posts\/104410\/revisions"}],"wp:featuredmedia":[{"embeddable":true,"href":"https:\/\/www.europesays.com\/lv\/wp-json\/wp\/v2\/media\/104411"}],"wp:attachment":[{"href":"https:\/\/www.europesays.com\/lv\/wp-json\/wp\/v2\/media?parent=104410"}],"wp:term":[{"taxonomy":"category","embeddable":true,"href":"https:\/\/www.europesays.com\/lv\/wp-json\/wp\/v2\/categories?post=104410"},{"taxonomy":"post_tag","embeddable":true,"href":"https:\/\/www.europesays.com\/lv\/wp-json\/wp\/v2\/tags?post=104410"}],"curies":[{"name":"wp","href":"https:\/\/api.w.org\/{rel}","templated":true}]}}