{"id":104416,"date":"2026-01-14T14:13:08","date_gmt":"2026-01-14T14:13:08","guid":{"rendered":"https:\/\/www.europesays.com\/lv\/104416\/"},"modified":"2026-01-14T14:13:08","modified_gmt":"2026-01-14T14:13:08","slug":"iekslietu-ministrs-ar-brivpratigajiem-ugunsdzesejiem-parrunas-aktualos-sadarbibas-jautajumus","status":"publish","type":"post","link":"https:\/\/www.europesays.com\/lv\/104416\/","title":{"rendered":"Iek\u0161lietu ministrs ar br\u012bvpr\u0101t\u012bgajiem ugunsdz\u0113s\u0113jiem p\u0101rrun\u0101s aktu\u0101los sadarb\u012bbas jaut\u0101jumus"},"content":{"rendered":"<p>Ceturtdien, 15. janv\u0101r\u012b, Iek\u0161lietu ministrs Rihards Kozlovskis tiksies ar Latvijas br\u012bvpr\u0101t\u012bgo ugunsdz\u0113s\u0113ju savien\u012bbas (LBUS) p\u0101rst\u0101vjiem, lai p\u0101rrun\u0101tu sadarb\u012bbas jaut\u0101jumus un \u0161\u012bbr\u012b\u017ea aktualit\u0101tes ugunsdro\u0161\u012bbas jom\u0101.<\/p>\n<p>LBUS apvieno Latvijas br\u012bvpr\u0101t\u012bgo ugunsdz\u0113s\u0113ju biedr\u012bbas, atsevi\u0161\u0137as ugunsdz\u0113s\u0113ju komandas un citas ugunsdz\u0113s\u012bbas un ugunsdro\u0161\u012bbas organiz\u0101cijas, kuru darb\u012bbas m\u0113r\u0137i ir v\u0113rsti uz ugunsdz\u0113s\u012bbas, ugunsdro\u0161\u012bbas veicin\u0101\u0161anu un att\u012bst\u012bbu Latvij\u0101.<\/p>\n<p>Br\u012bvpr\u0101t\u012bgo ugunsdz\u0113s\u0113ju l\u012bdzdal\u012bba ir liels atbalsts Valsts ugunsdz\u0113s\u012bbas un gl\u0101b\u0161anas dienestam (VUGD) ugunsgr\u0113ku dz\u0113\u0161anas pirmaj\u0101s min\u016bt\u0113s, kam\u0113r profesion\u0101l\u0101s brig\u0101des ir ce\u013c\u0101, un ar\u012b p\u0113c tam \u2014 gan ugunsdz\u0113s\u012bbas, gan \u016bdens pieg\u0101des darbos.<\/p>\n<p>Iek\u0161lietu ministrija un Valsts ugunsdz\u0113s\u012bbas un gl\u0101b\u0161anas dienests, sadarb\u012bb\u0101 ar pa\u0161vald\u012bb\u0101m sniedz atbalstu br\u012bvpr\u0101t\u012bgajiem ugunsdz\u0113s\u0113jiem, gan nodro\u0161inot iesp\u0113ju robe\u017e\u0101s ar ugunsdz\u0113s\u012bbai un gl\u0101b\u0161anas darbiem nepiecie\u0161amo apr\u012bkojumu, k\u0101 ar\u012b nodro\u0161inot da\u017e\u0101da veida apm\u0101c\u012bbas. <\/p>\n<p>Jau min\u0113ts, ka pag\u0101ju\u0161a gada 13. novembr\u012b st\u0101j\u0101s sp\u0113k\u0101 Ugunsdro\u0161\u012bbas, ugunsdz\u0113s\u012bbas un gl\u0101b\u0161anas darbu likums, kas paver pla\u0161\u0101kas iesp\u0113jas atbalst\u012bt br\u012bvpr\u0101t\u012bgos ugunsdz\u0113s\u0113jus. Jaunais likums at\u013cauj VUGD ziedot ar\u012b mantu, kas nav nepiecie\u0161ama dienesta funkciju nodro\u0161in\u0101\u0161anai br\u012bvpr\u0101t\u012bgajiem ugunsdz\u0113s\u0113jiem, k\u0101 ar\u012b paredz iesp\u0113ju VUGD un Valsts me\u017ea dienestam nodot konkr\u0113tai pa\u0161vald\u012bbai ugunsdz\u0113s\u012bbas un gl\u0101b\u0161anas transportl\u012bdzek\u013cus vai ugunsgr\u0113ku dz\u0113\u0161anai paredz\u0113to apr\u012bkojumu un invent\u0101ru. Savuk\u0101rt pa\u0161vald\u012bba ir ties\u012bga min\u0113to transportl\u012bdzekli, apr\u012bkojumu un invent\u0101ru nodot lieto\u0161an\u0101 br\u012bvpr\u0101t\u012bgo ugunsdz\u0113s\u0113ju organiz\u0101cijai.<\/p>\n<p>          <img decoding=\"async\" src=\"https:\/\/www.europesays.com\/lv\/wp-content\/uploads\/2026\/01\/1767645852_487_logo-lv.png\" alt=\"\"\/><\/p>\n<p>                  \u0160\u012b inform\u0101cija ir publisks pazi\u0146ojums un neatspogu\u013co LV port\u0101la viedokli. Par t\u0101s saturu atbild ies\u016bt\u012bt\u0101js. <a data-popup=\"rules\">Public\u0113\u0161anas noteikumi<\/a><\/p>\n","protected":false},"excerpt":{"rendered":"Ceturtdien, 15. janv\u0101r\u012b, Iek\u0161lietu ministrs Rihards Kozlovskis tiksies ar Latvijas br\u012bvpr\u0101t\u012bgo ugunsdz\u0113s\u0113ju savien\u012bbas (LBUS) p\u0101rst\u0101vjiem, lai p\u0101rrun\u0101tu sadarb\u012bbas&hellip;\n","protected":false},"author":2,"featured_media":95583,"comment_status":"","ping_status":"","sticky":false,"template":"","format":"standard","meta":{"footnotes":""},"categories":[5],"tags":[23,28,29,32,33,22,30,31,35,39,38,36,37,34,40,20,26,27,24,25,21],"class_list":{"0":"post-104416","1":"post","2":"type-post","3":"status-publish","4":"format-standard","5":"has-post-thumbnail","7":"category-aktualitates","8":"tag-aktualitates","9":"tag-breaking-news","10":"tag-breakingnews","11":"tag-featured-news","12":"tag-featurednews","13":"tag-headlines","14":"tag-latest-news","15":"tag-latestnews","16":"tag-latvia","17":"tag-latvian","18":"tag-latviesu","19":"tag-latviesu-valoda","20":"tag-latviesuvaloda","21":"tag-latvija","22":"tag-lv","23":"tag-news","24":"tag-popularakas-zinas","25":"tag-popularakaszinas","26":"tag-top-stories","27":"tag-topstories","28":"tag-zinas"},"share_on_mastodon":{"url":"https:\/\/pubeurope.com\/@lv\/115893869264729940","error":""},"_links":{"self":[{"href":"https:\/\/www.europesays.com\/lv\/wp-json\/wp\/v2\/posts\/104416","targetHints":{"allow":["GET"]}}],"collection":[{"href":"https:\/\/www.europesays.com\/lv\/wp-json\/wp\/v2\/posts"}],"about":[{"href":"https:\/\/www.europesays.com\/lv\/wp-json\/wp\/v2\/types\/post"}],"author":[{"embeddable":true,"href":"https:\/\/www.europesays.com\/lv\/wp-json\/wp\/v2\/users\/2"}],"replies":[{"embeddable":true,"href":"https:\/\/www.europesays.com\/lv\/wp-json\/wp\/v2\/comments?post=104416"}],"version-history":[{"count":0,"href":"https:\/\/www.europesays.com\/lv\/wp-json\/wp\/v2\/posts\/104416\/revisions"}],"wp:featuredmedia":[{"embeddable":true,"href":"https:\/\/www.europesays.com\/lv\/wp-json\/wp\/v2\/media\/95583"}],"wp:attachment":[{"href":"https:\/\/www.europesays.com\/lv\/wp-json\/wp\/v2\/media?parent=104416"}],"wp:term":[{"taxonomy":"category","embeddable":true,"href":"https:\/\/www.europesays.com\/lv\/wp-json\/wp\/v2\/categories?post=104416"},{"taxonomy":"post_tag","embeddable":true,"href":"https:\/\/www.europesays.com\/lv\/wp-json\/wp\/v2\/tags?post=104416"}],"curies":[{"name":"wp","href":"https:\/\/api.w.org\/{rel}","templated":true}]}}