{"id":104417,"date":"2026-01-14T14:14:10","date_gmt":"2026-01-14T14:14:10","guid":{"rendered":"https:\/\/www.europesays.com\/lv\/104417\/"},"modified":"2026-01-14T14:14:10","modified_gmt":"2026-01-14T14:14:10","slug":"laime-visu-muzu-darit-to-kas-patik","status":"publish","type":"post","link":"https:\/\/www.europesays.com\/lv\/104417\/","title":{"rendered":"Laime visu m\u016b\u017eu dar\u012bt to, kas pat\u012bk"},"content":{"rendered":"<p>\u0112riks vada Smiltenes kori \u201cPakalni\u201d un Trik\u0101tas pagasta kori, ir diri\u0123ents v\u012bru korim \u201cSilvicola\u201d. Tr\u012bs m\u0113\u0123in\u0101jumi ned\u0113\u013c\u0101, tiem j\u0101gatavojas un j\u0101b\u016bt ar\u012b fiziski mo\u017eam. \u201cRoku kustin\u0101\u0161ana, stund\u0101m st\u0101vot k\u0101j\u0101s, dod r\u016bd\u012bjumu,\u201d teic diri\u0123ents.<\/p>\n<p>Koris k\u0101 \u0123imene<\/p>\n<p>Kori vis\u0101 Latvij\u0101 intens\u012bvi gatavojas Raimonda Paula dziesmu sv\u0113tkiem \u201cManai dzimtenei\u201d. Diri\u0123ents v\u0113rt\u0113, ka, lai ar\u012b j\u0101apg\u016bst daudzas jau paz\u012bstamas dziesmas, repertu\u0101rs nav vienk\u0101r\u0161s \u2013 teju divdesmit dziesmas. Turkl\u0101t jaunais komponists J\u0101nis \u0136irsis t\u0101m rad\u012bjis sare\u017e\u0123\u012btus aran\u017e\u0113jumus.<\/p>\n<p>\u201cTrik\u0101t\u0101 visu laiku esmu str\u0101d\u0101jis viens, tagad b\u016bs ar\u012b kormeistars. \u201cPakalnos\u201d pien\u0101ku\u0161i jauni dzied\u0101t\u0101ji, ar\u012b cien\u012bjamas kundzes. Manos koros dzied nopietna vecuma cilv\u0113ki. Liel\u0101k\u0101 da\u013ca dzied\u0101ju\u0161i visu m\u016b\u017eu, ir ar\u012b t\u0101di, kas pievienojas, kad jau pensij\u0101, jo ir laiks m\u0113\u0123in\u0101jumiem. K\u0101 cilv\u0113ki iesaist\u0101s kor\u012b? Ir daudz vientu\u013cu cilv\u0113ku; kaimi\u0146\u0161 uzrun\u0101, past\u0101sta, uzaicina, ka kop\u0101 var\u0113s iet uz m\u0113\u0123in\u0101jumu. Cilv\u0113ks atn\u0101k, iepat\u012bkas sabiedr\u012bba. \u012apa\u0161i p\u0113d\u0113jos gados daudzi saka, ka kor\u012b j\u016btas k\u0101 \u0123imen\u0113, ka visi ir sav\u0113jie. Koris ir sava sabiedr\u012bba. P\u0113c darba ar\u012b atslodze, kad nav j\u0101dom\u0101 par probl\u0113m\u0101m, bet not\u012bm. Tiesa, neteik\u0161u, ka visos koros un vienm\u0113r t\u0101 ir bijis. Ja k\u0101diem koristiem ir amb\u012bcijas, gribas izcelties starp citiem, b\u016bt p\u0101r\u0101kiem,\u2006tad kolekt\u012bv\u0101 veidojas cits klimats.<\/p>\n<p>Par to, ko dzied\u0101\u0161ana dod vesel\u012bbai, jau\u2006 izteiku\u0161ies dakteri.\u2006 Bet t\u0101 jau ir: matem\u0101ti\u0137is teiks, ka dz\u012bv\u0113 svar\u012bg\u0101k\u0101 ir matem\u0101tika, \u0137\u012bmi\u0137is \u2013 ka \u0137\u012bmija, bet m\u016bzi\u0137is \u2013 ka m\u016bzika, ta\u010du vajadz\u012bgs ir viss. Man kori uztur mo\u017eu garu. Dzied\u0101t\u0101ji ir ar un ap mani, esam kop\u0101,\u201d p\u0101rdom\u0101s dal\u0101s diri\u0123ents \u0112riks Derums un uzsver, ka, nenoliedzami, katram koristam ir m\u0113r\u0137is piedal\u012bties dziesmu sv\u0113tkos. \u201cPirms sv\u0113tkiem un sv\u0113tkos ir pac\u0113lums taut\u0101, katrs j\u016btas k\u0101 da\u013ca no liel\u0101 kopkora. Kur\u0161 reiz bijis Me\u017eapark\u0101, gaida piecus gadus, lai tur nok\u013c\u016btu atkal,\u201d saka \u0112riks un atg\u0101dina kora \u201cPakalni\u201d moto: \u201cDziedam no sirds, un m\u016bsu sirdis ir atv\u0113rtas visiem!\u201d<\/p>\n<p><img decoding=\"async\" src=\"https:\/\/www.europesays.com\/lv\/wp-content\/uploads\/2026\/01\/DerumsKoris.jpg\" alt=\"\"\/>&#13;<br \/>\nDiri\u0123ents \u0112riks Derums kop\u0101 ar Raiskuma pagasta kori&#13;<\/p>\n<p>Vair\u0101k nek\u0101 pusgadsimtu<\/p>\n<p>\u0112riks Derums ar kora m\u016bziku saist\u012bts jau piecdesmit tr\u012bs gadus. 1972. gad\u0101, m\u0101coties Alfr\u0113da Kalni\u0146a C\u0113su M\u016bzikas vidusskol\u0101, pedago\u0123e L\u012bga Pried\u012bte diviem \u0112rikiem \u2013 Derumam un Kravalim \u2013 uztic\u0113ja Vecpiebalgas kori, un t\u0101 cauri gadu desmitiem \u0112riks Derums ir koru priek\u0161\u0101. Kop\u0101 ar dzied\u0101t\u0101jiem m\u0113\u0123in\u0101jumos, koncertos, savies\u012bgos pas\u0101kumos.\u2006 \u2006\u00a0<\/p>\n<p>\u201cK\u0101 visiem sava laika jauniem pui\u0161iem, ja p\u0113c vidusskolas netiki augstskol\u0101, bija j\u0101iet armij\u0101. Kad atgriezos, L\u012bga Pried\u012bte uzst\u0101ja, ka j\u0101iet dzied\u0101t pie Imanta Kokara \u201cBever\u012bn\u0101\u201d. Tad iest\u0101jos konservatorij\u0101. Materi\u0101lie apst\u0101k\u013ci vienm\u0113r biju\u0161i pietic\u012bgi, t\u0101d\u0113\u013c jau studiju laik\u0101 str\u0101d\u0101ju \u2013 vad\u012bju v\u012bru ansambli, biju kormeistars,\u201d uz jaun\u012bbas gadiem atskat\u0101s \u0112riks Derums. Tad ce\u013c\u0161 uz vair\u0101kiem gadiem aizveda uz Limba\u017eiem. P\u0113c studij\u0101m vi\u0146\u0161 k\u013cuva par Limba\u017eos M\u016bzikas skolas direktoru. \u201cMani izsauca rektors Imants Kokars \u2013 esot j\u0101brauc uz Limba\u017eiem un j\u0101vada p\u016bt\u0113ju or\u0137estris. Beig\u0101s gan izn\u0101ca, ka nevis or\u0137estris, bet j\u0101p\u0101r\u0146em m\u016bzikas skola. Direktors g\u0101ja pensij\u0101, un man bija j\u0101st\u0101jas vi\u0146a viet\u0101,\u201d st\u0101sta \u0112riks un v\u0113rt\u0113 darbu m\u016bzikas skolas vad\u012bt\u0101ja amat\u0101:<\/p>\n<p>\u201cTaj\u0101 laik\u0101 viss bija cit\u0101d\u0101k. Ar pien\u0101kumiem tiku gal\u0101. Atceros, skol\u0101 vajadz\u0113ja b\u016bt 160\u00a0audz\u0113k\u0146iem. Mums pietr\u016bka vien da\u017eu; tad tika sameistarots, lai b\u016btu vajadz\u012bgais skaits. Padomju laik\u0101 jau ar m\u0101n\u012b\u0161anos tika uz priek\u0161u. Bet ne m\u016bzik\u0101, jo klaus\u012bt\u0101jus un kol\u0113\u0123us nepiem\u0101n\u012bsi.\u201d Dz\u012bve pamain\u012bj\u0101s, un vi\u0146\u0161 k\u0101du laiku str\u0101d\u0101ja kult\u016bras nam\u0101 par metodi\u0137i, bet, k\u0101 pats atz\u012bst, neko daudz nedar\u012bja, jo svar\u012bg\u0101kie bija kori.<\/p>\n<p>\u0112riks Limba\u017eos nodibin\u0101ja v\u012bru kori \u201cZiedonis\u201d un vad\u012bja to tr\u012bsdesmit divus gadus, bet \u0161ogad bija aicin\u0101ts uz kora \u010detrdesmit piecu gadu jubileju. Vi\u0146\u0161 bija kormeistars Arnolda Skrides vad\u012btajam Limba\u017eu jauktajam korim. Valk\u0101 \u0112riks nodibin\u0101ja jaunie\u0161u kamerkori. Taj\u0101 dzied\u0101ja visi v\u0113l\u0101k popul\u0101r\u0101 ansamb\u013ca \u201cBumerangs\u201d pui\u0161i. Kad vi\u0146i izveidoja grupu, koris pajuka. \u201cAr \u0161o kori str\u0101d\u0101t bija visviegl\u0101k. M\u016bzikas skolas audz\u0113k\u0146i, pilni ar ener\u0123iju un v\u0113l\u0113\u0161anos dzied\u0101t,\u201d atceras diri\u0123ents.\u2006 \u2006\u00a0<\/p>\n<p>Savulaik \u0112riks Derums izpeln\u012bj\u0101s iev\u0113r\u012bbu, jo uz dziesmu sv\u0113tkiem aizveda septi\u0146us korus. \u201cSepti\u0146i kori bija ar\u012b citiem diri\u0123entiem, bet vi\u0146i vad\u012bja ar\u012b skol\u0113nu kolekt\u012bvus, kuriem m\u0113\u0123in\u0101jumi ir pa dienu,\u201d saka diri\u0123ents. Tolaik katru vakaru bijis m\u0113\u0123in\u0101jums. Vi\u0146\u0161 labi atminas darba grafiku: pirmdien\u0101 Raiskuma koris, otrdien\u0101 Limba\u017eos sievie\u0161u koris un v\u012bru koris, tre\u0161dien\u0101 \u2013 Trik\u0101t\u0101, ceturtdien\u0101 \u2013 Smilten\u0113, piektdien\u0101 C\u0113s\u012bs \u201cBever\u012bna\u201d un sestdien\u0101 \u201cSilvicola\u201d R\u012bg\u0101.\u00a0<\/p>\n<p>Ar katru kolekt\u012bvu saist\u0101s atmi\u0146as, piedz\u012bvojumi, kop\u012bgi ietais ce\u013c\u0161 no vieniem dziesmu sv\u0113tkiem uz n\u0101kamajiem. Gadu gait\u0101 str\u0101d\u0101ts ar\u012b Mazsalac\u0101, Umurg\u0101.<\/p>\n<p>P\u0113c Atmodas \u0112riks atgriez\u0101s dzimtaj\u0101 C\u0113su pus\u0113, atguva vect\u0113va \u012bpa\u0161umu Raiskuma pagast\u0101. Raiskumie\u0161iem vajadz\u0113ja diri\u0123entu, un vi\u0146\u0161 piekrita \u2013 k\u0101du laiku vad\u012bja ar\u012b jaukto kori \u201cWenden\u201d, bija kormeistars M\u0101rti\u0146a Kli\u0161\u0101na \u201cBever\u012bnai\u201d. Kad M\u0101rti\u0146\u0161 p\u0101rg\u0101ja uz Valmieru, bever\u012bnie\u0161i l\u016bdza \u0112riku b\u016bt par diri\u0123entu.<\/p>\n<p>\u201c\u201cBever\u012bnai\u201d esmu bijis visilg\u0101kais diri\u0123ents. Imantam Kokaram \u201cBever\u012bna\u201d bija \u012bpa\u0161a, bet man bija atbild\u012bba vad\u012bt vi\u0146a dibin\u0101to kori. Vi\u0146\u0161 bija \u013coti neitr\u0101ls, ne slav\u0113ja, ne p\u0113la. Abi br\u0101\u013ci Imants un Gido jau studiju laik\u0101 labi zin\u0101ja, kad uzsist uz pleca, kad pateikt k\u0101du stingr\u0101ku v\u0101rdu. Es biju p\u0113d\u0113jais komponista un rektora J\u0101\u0146a Ozoli\u0146a students, bet Imants \u013coti sekoja jaunajiem diri\u0123entiem. Nenoliedzami, vi\u0146\u0161 bija diri\u0123entu dievs, pac\u0113la kora m\u016bziku Latvij\u0101, ielika pamatu. N\u0101kam\u0101s paaudzes iet vi\u0146a p\u0113d\u0101s.<\/p>\n<p>Protams, bija D\u016bmi\u0146\u0161, Ra\u010devskis, Gailis, bet t\u0101da kora k\u0101 \u201cAve sol\u201d, kas bija paz\u012bstams pasaul\u0113, nebija nevienam. Imanta Kokara stipr\u0101 puse \u2013 vi\u0146\u0161 nekad diri\u0123\u0113jot nepeld\u0113ja, iev\u0113roja takts fig\u016bru. T\u0101 bija perfekta, un koristi to labi saprata. To var pateikt katrs, kur\u0161 dzied\u0101jis dziesmu sv\u0113tku kopkor\u012b,\u201d atmi\u0146\u0101s kav\u0113jas \u0112riks Derums.\u00a0<\/p>\n<p><img decoding=\"async\" src=\"https:\/\/www.europesays.com\/lv\/wp-content\/uploads\/2026\/01\/DerumsKokars.jpg\" alt=\"\"\/>&#13;<br \/>\nKol\u0113\u0123i un laikabiedri. Ne reizi vien \u0112rikam Derumam bijis gods sadarboties ar Imantu Kokaru.&#13;<\/p>\n<p>To, cik dziesmu sv\u0113tkos b\u016bts, \u0112riks nav skait\u012bjis. Daudzos sv\u0113tkos \u012bsts p\u0101rbaud\u012bjums bijis g\u0101jiens. Vispirms svin\u012bgi nog\u0101jis kop\u0101 ar \u201cBever\u012bnu\u201d, tad skr\u0113jis pie limba\u017eniekiem, atkal skr\u0113jiens \u2013 nu jau pie raiskumie\u0161iem, tad smiltenie\u0161iem. Diri\u0123ents uzsver, ka visjauk\u0101kie un skaist\u0101kie vienm\u0113r ir p\u0113d\u0113jie dziesmu sv\u0113tki, jo tie dz\u012bvo atmi\u0146\u0101 un tiek p\u0101rrun\u0101ti l\u012bdz n\u0101kamajiem. \u201cP\u0113c dziesmu sv\u0113tkiem ir tuk\u0161ums. Nezinu, vai esmu izsmelts, bet, braucot m\u0101j\u0101s, autobus\u0101 koristi\u2006dzied, ir priec\u012bgi, ta\u010du man kaut kas ir beidzies, un jaunais v\u0113l nav s\u0101cies. T\u0101 bijis p\u0113c katriem dziesmu sv\u0113tkiem,\u201d atkl\u0101j diri\u0123ents un piebilst, ka domas rais\u0101s par padar\u012btu lielu, sv\u0113t\u012bgu darbu.<\/p>\n<p>Latvij\u0101 koru skaits nesamazin\u0101s, k\u0101ds p\u0101rtrauc darb\u012bbu, k\u0101 Raiskuma koris, citi veidojas, apvieno domubiedrus. \u201cKoru kust\u012bba neapst\u0101jas. Protams, R\u012bg\u0101 koros ir krietni vair\u0101k jaunie\u0161u. Lauku koros prieks par katru gados jaun\u0101ku dzied\u0101t\u0101ju. Prieks par \u201cSilvicolas\u201d v\u012briem. Kor\u012b liel\u0101koties ir me\u017einieki; ar\u012b jaunie, kas pievienojas, kaut ar\u012b vairs nav jaunek\u013ci, ir saist\u012bti ar nozari. V\u012bru kori klaus\u012bt\u0101jiem pat\u012bk,\u201d st\u0101sta diri\u0123ents.<\/p>\n<p>Ar kori iepaz\u012bta pasaule. Katru vasaru \u201cSilvicola\u201d brauc uz konkursiem, festiv\u0101liem da\u017e\u0101d\u0101s valst\u012bs. Pab\u016bts ar\u012b Amerik\u0101, Bali sal\u0101, Trinidad\u0101 un Tobago. \u201cNepasp\u0113j\u0101m aizbraukt uz Austr\u0101liju, jo s\u0101k\u0101s pand\u0113mija, situ\u0101cija main\u012bj\u0101s, atrast atbalst\u012bt\u0101jus neizdev\u0101s. Braucienos apbr\u012bnoju v\u012brus cien\u012bjamos gados \u2013 vi\u0146i ir daudz kust\u012bg\u0101ki nek\u0101 da\u017es jaunais un par gr\u016bt\u012bb\u0101m nes\u016bkst\u0101s. Vec\u0101k\u0101 paaudze ir nesal\u012bdzin\u0101mi stipr\u0101ka par \u0161odienas jaunatni,\u201d par sav\u0113jiem st\u0101sta \u0112riks.<\/p>\n<p><img decoding=\"async\" src=\"https:\/\/www.europesays.com\/lv\/wp-content\/uploads\/2026\/01\/DerumsKoris2.jpg\" alt=\"\"\/>&#13;<br \/>\n\u0112riks Derums diri\u0123\u0113 apvienoto kori sadraudz\u012bbas koncert\u0101.&#13;<\/p>\n<p>Str\u0101d\u0101 me\u017e\u0101, atjauno m\u0101ju<\/p>\n<p>\u201cKad aizg\u0101ju pensij\u0101, var\u0113ju at\u013cauties atteikties no trim koriem. Tagad man ir tr\u012bs. Un br\u012bvais laiks. Laukos ir t\u0101 \u012bst\u0101 dz\u012bve,\u201d ar gandar\u012bjumu saka \u0112riks un pasmaida, jo br\u012bvais laiks nenoz\u012bm\u0113 nek\u0101 nedar\u012b\u0161anu. \u010cetros gados kop\u0101 ar meistariem atjaunota vect\u0113va m\u0101ja. \u0112riks gan piebilst, ka sieva mudin\u0101jusi nevilkt garum\u0101. \u201cEs jau m\u0101ku tikai diri\u0123\u0113t, bet meistariem smag\u0101kos darbos varu pal\u012bdz\u0113t. Ar traktoru braucu me\u017ea darbos, kaimi\u0146\u0161 n\u0101k pal\u012bg\u0101 saremont\u0113t, pats ne\u0137eros kl\u0101t, bet esmu blakus. Me\u017e\u0101 malka un b\u016bvmateri\u0101li j\u0101g\u0101d\u0101. Z\u0101les p\u013cau\u0161ana, ziem\u0101 varb\u016bt sniega t\u012br\u012b\u0161ana. Darbu ta\u010du laukos vienm\u0113r var ieraudz\u012bt. Me\u017e\u0101 atbr\u012bvoju galvu no cit\u0101m dom\u0101m, pr\u0101t\u0101 tikai viens: k\u0101 koku z\u0101\u0123\u0113t, k\u0101 tas krit\u012bs, k\u0101 atzarot, atvilkt m\u0101j\u0101s.<\/p>\n<p>Protams, viegli teikt, ka vajag tur\u0113t galvu br\u012bvu, ne\u0146emt galv\u0101, bet kuram gan tas izdodas? Vai k\u0101dam probl\u0113mu tr\u016bkst? Bet katram sava recepte,\u201d teic raiskumietis un uzsver, ka p\u0113c k\u0101rt\u012bgas darba dienas nek\u0101das papildu fizisk\u0101s aktivit\u0101tes nav vajadz\u012bgas, turkl\u0101t v\u0113l jau tr\u012bsreiz ned\u0113\u013c\u0101 m\u0113\u0123in\u0101jumi. \u201cEsmu tas laim\u012bgais cilv\u0113ks, kur\u0161 visu m\u016b\u017eu dara to, kas pat\u012bk. Diri\u0123\u0113\u0161ana man nesag\u0101d\u0101 p\u016bles, bet baudu,\u201d saka diri\u0123ents.<\/p>\n<p>Nosv\u0113rts, smaid\u012bgs, atv\u0113rts \u2013 t\u0101du vi\u0146u paz\u012bst koristi, bet \u0112riks atz\u012bst, ka visvair\u0101k vi\u0146u sadusmo, ja k\u0101ds nepilda sol\u012bto.<\/p>\n<p><img decoding=\"async\" src=\"https:\/\/www.europesays.com\/lv\/wp-content\/uploads\/2026\/01\/DerumsTraktors.jpg\" alt=\"\"\/>&#13;<br \/>\nP\u0113ctec\u012bba. Vai mazd\u0113li\u0146\u0161 M\u0101rti\u0146\u0161 b\u016bs diri\u0123ents, v\u0113l nav zin\u0101ms, bet braukt ar traktoru opim l\u012bdzi me\u017e\u0101 vi\u0146am pat\u012bk \u013coti.&#13;<\/p>\n<p>Bez tehnolo\u0123iju pies\u0101r\u0146ojuma<\/p>\n<p>P\u0113d\u0113j\u0101 laik\u0101 \u0112rikam ir jauna aizrau\u0161an\u0101s \u2013 vi\u0146\u0161 Smiltenes korim \u201cPakalni\u201d aran\u017e\u0113 dziesmas. \u201cMums kor\u012b ir savs komponists Andris Vilkasts. Vi\u0146\u0161 nav profesion\u0101ls m\u016bzi\u0137is, bet, izmantojot m\u0101ksl\u012bgo intelektu, rada interesantas dziesmas un harmonijas. Koris t\u0101s izdzied\u0101t nevar, tad nu veidoju aran\u017e\u0113jumus, un izn\u0101kums nav slikts. Koristi saka, ka dziesmas gr\u016btas, bet, kad iem\u0101c\u0101s, pat\u012bk. Ar\u012b klaus\u012bt\u0101jiem,\u201d atkl\u0101j raiskumietis.<\/p>\n<p>\u0112riks atz\u012bst, ka par m\u016bsdienu tehnolo\u0123ij\u0101m interes\u0113jas maz. \u201cTelefonu izmantoju zvan\u012b\u0161anai. Saprotu, ka tas godu nedara, ta\u010du man nav vajadz\u012bga nep\u0101rtraukt\u0101 telefona p\u012bkst\u0113\u0161ana un nevajadz\u012bga inform\u0101cija. K\u0101dreiz par to, kas noticis Austr\u0101lij\u0101, uzzin\u0101j\u0101m p\u0113c m\u0113ne\u0161a. Tagad visa pasaule ir l\u012bdz\u0101s, bet vai man to vajag? Vai ikdien\u0101 vajag to slikto, kas notiek citur? Nep\u0101rvaldu tehnolo\u0123ijas, un man ir laiks, kur\u0101 varu, piem\u0113ram, rakst\u012bt dziesmu aran\u017e\u0113jumus,\u201d p\u0101rdom\u0101s dal\u0101s \u0112riks.<\/p>\n<p>Ar\u012b tuv\u0101kie pl\u0101ni vi\u0146am zin\u0101mi. Meitas \u0123imene blakus v\u0113las celt savu m\u0101ju. \u201cKop\u0101 celsim. Vieta Raiskum\u0101 visiem pat\u012bk. Mazb\u0113rniem te b\u016bs pla\u0161ums un blakus opis,\u201d teic vect\u0113vs \u0112riks.<\/p>\n<p><img decoding=\"async\" src=\"https:\/\/www.europesays.com\/lv\/wp-content\/uploads\/2025\/12\/0_MAFiedvesma1.jpg\" alt=\"\"\/><\/p>\n","protected":false},"excerpt":{"rendered":"\u0112riks vada Smiltenes kori \u201cPakalni\u201d un Trik\u0101tas pagasta kori, ir diri\u0123ents v\u012bru korim \u201cSilvicola\u201d. Tr\u012bs m\u0113\u0123in\u0101jumi ned\u0113\u013c\u0101, tiem&hellip;\n","protected":false},"author":2,"featured_media":104418,"comment_status":"","ping_status":"","sticky":false,"template":"","format":"standard","meta":{"footnotes":""},"categories":[19],"tags":[89,22399,90,35,39,38,36,37,34,40],"class_list":{"0":"post-104417","1":"post","2":"type-post","3":"status-publish","4":"format-standard","5":"has-post-thumbnail","7":"category-izklaide","8":"tag-entertainment","9":"tag-iedvesmavecums","10":"tag-izklaide","11":"tag-latvia","12":"tag-latvian","13":"tag-latviesu","14":"tag-latviesu-valoda","15":"tag-latviesuvaloda","16":"tag-latvija","17":"tag-lv"},"share_on_mastodon":{"url":"https:\/\/pubeurope.com\/@lv\/115893873060671580","error":""},"_links":{"self":[{"href":"https:\/\/www.europesays.com\/lv\/wp-json\/wp\/v2\/posts\/104417","targetHints":{"allow":["GET"]}}],"collection":[{"href":"https:\/\/www.europesays.com\/lv\/wp-json\/wp\/v2\/posts"}],"about":[{"href":"https:\/\/www.europesays.com\/lv\/wp-json\/wp\/v2\/types\/post"}],"author":[{"embeddable":true,"href":"https:\/\/www.europesays.com\/lv\/wp-json\/wp\/v2\/users\/2"}],"replies":[{"embeddable":true,"href":"https:\/\/www.europesays.com\/lv\/wp-json\/wp\/v2\/comments?post=104417"}],"version-history":[{"count":0,"href":"https:\/\/www.europesays.com\/lv\/wp-json\/wp\/v2\/posts\/104417\/revisions"}],"wp:featuredmedia":[{"embeddable":true,"href":"https:\/\/www.europesays.com\/lv\/wp-json\/wp\/v2\/media\/104418"}],"wp:attachment":[{"href":"https:\/\/www.europesays.com\/lv\/wp-json\/wp\/v2\/media?parent=104417"}],"wp:term":[{"taxonomy":"category","embeddable":true,"href":"https:\/\/www.europesays.com\/lv\/wp-json\/wp\/v2\/categories?post=104417"},{"taxonomy":"post_tag","embeddable":true,"href":"https:\/\/www.europesays.com\/lv\/wp-json\/wp\/v2\/tags?post=104417"}],"curies":[{"name":"wp","href":"https:\/\/api.w.org\/{rel}","templated":true}]}}